{"id":117352,"date":"2023-12-06T15:14:10","date_gmt":"2023-12-06T14:14:10","guid":{"rendered":"https:\/\/middleeasttransparent.com\/?p=117352"},"modified":"2023-12-22T18:59:04","modified_gmt":"2023-12-22T17:59:04","slug":"le-crepuscule-de-loccident","status":"publish","type":"post","link":"https:\/\/middleeasttransparent.com\/fr\/le-crepuscule-de-loccident\/","title":{"rendered":"LE CR\u00c9PUSCULE DE L\u2019OCCIDENT"},"content":{"rendered":"<p class=\"p6\"><b>LES \u00c9CHOS DE L\u2019AGORA<\/b><\/p>\n<p>&nbsp;<\/p>\n<p>&nbsp;<\/p>\n<h3><span style=\"color: #666699;\">Le drame de Gaza r\u00e9v\u00e8le une v\u00e9rit\u00e9 qu\u2019on redoutait de s\u2019avouer, depuis le d\u00e9but de la guerre en Ukraine qui, aujourd\u2019hui, semble s\u2019enliser. On p\u00e9rore abondamment sur l\u2019\u00e9mergence d\u2019un monde multipolaire. Mais on ne peut plus \u00e9luder la question du cr\u00e9puscule de l\u2019Occident et de son incontestable supr\u00e9matie depuis cinq si\u00e8cles.<\/span><\/h3>\n<p>&nbsp;<\/p>\n<p>&nbsp;<\/p>\n<p class=\"p9\"><strong>Qu\u2019est-ce qui est en train de dispara\u00eetre ainsi ?<\/strong><\/p>\n<p class=\"p9\">L\u2019Occident, avant d\u2019\u00eatre une question g\u00e9opolitique, est d\u2019abord l\u2019apog\u00e9e d\u2019une civilisation plurimill\u00e9naire qui prend sa source dans l\u2019Orient ancien ; dont les racines demeurent fortement ancr\u00e9es dans l\u2019Antiquit\u00e9 gr\u00e9co-latine et toutes les cultures de la M\u00e9diterran\u00e9e. \u00c0 partir de la Renaissance, ce legs impressionnant a effectu\u00e9 un fabuleux saut qualitatif en mettant en place la civilisation la plus brillante et la plus universaliste de l\u2019histoire humaine, jusqu\u2019\u00e0 maintenant du moins.<\/p>\n<p class=\"p9\">Qu\u2019est-ce qui meurt ainsi \u00e0 Gaza ? Et pourquoi ?<\/p>\n<p class=\"p9\">Il appartient aux strat\u00e8ges d\u2019analyser les cons\u00e9quences g\u00e9opolitiques de l\u2019affaiblissement de la supr\u00e9matie occidentale. L\u2019Occident, aux contours mal d\u00e9finis, a perdu la face aux yeux des peuples de l\u2019Orient qui n\u2019auraient jamais imagin\u00e9 qu\u2019un jour viendrait o\u00f9 l\u2019Occident vacillerait. En 2022, pour l\u00e9gitimer l\u2019appui au r\u00e9gime de Zelensky, il n\u2019\u00e9tait question que de lutte pour les valeurs occidentales en mati\u00e8re de libert\u00e9, de dignit\u00e9 et de droits humains. Kiev \u00e9tait pr\u00e9sent\u00e9e comme une place forte de l\u2019Occident face \u00e0 l\u2019obscurantisme oriental de Moscou et son expansionnisme. Ces m\u00eames valeurs sont aujourd\u2019hui enfouies sous les d\u00e9combres de Gaza. Le peuple de Palestine subit un ch\u00e2timent collectif digne des \u00e9poques les plus noires de l\u2019histoire europ\u00e9enne. L\u2019Occident appelle imperturbablement les crimes isra\u00e9liens de \u00ab\u00a0droit d\u2019Isra\u00ebl \u00e0 la revanche\u00a0\u00bb, oubliant que le peuple de Palestine b\u00e9n\u00e9ficie, lui aussi, de la l\u00e9gitimit\u00e9 de \u00ab\u00a0r\u00e9sister \u00e0 l\u2019occupation par tous les moyens, y compris la violence\u00a0\u00bb que lui reconna\u00eet le droit international.<\/p>\n<p class=\"p9\">On rappellera que Gaza n\u2019est pas une guerre entre deux \u00c9tats mais le conflit d\u2019un territoire que s\u2019arrachent deux l\u00e9gitimit\u00e9s. D\u2019une part, la l\u00e9gitimit\u00e9 historique du droit du sol du peuple palestinien, dont le pays est militairement occup\u00e9. D\u2019autre part, la l\u00e9gitimit\u00e9 des juifs du monde \u00e0 disposer d\u2019un \u00c9tat en Palestine, l\u00e9gitimit\u00e9 qui repose sur un droit divin, celui des l\u00e9gendes bibliques. L\u2019Occident s\u00e9cularis\u00e9 prend fait et cause pour Isra\u00ebl en essayant de se convaincre que le probl\u00e8me palestinien a d\u00e9but\u00e9 le 7 octobre 2023 lors de l\u2019assaut du Hamas contre des civils isra\u00e9liens. Il fait ainsi cause commune avec un \u00c9tat sioniste qui a cess\u00e9 d\u2019\u00eatre la\u00efque. Il s\u2019est juda\u00efs\u00e9 et n\u2019h\u00e9site pas \u00e0 convoquer les pires appels au massacre de la Bible h\u00e9bra\u00efque. Pour \u00e9viter la paix d\u2019Oslo, Isra\u00ebl a laiss\u00e9 grandir Hamas l\u2019islamiste en vue d\u2019affaiblir l\u2019autorit\u00e9 nationale palestinienne. Du coup, l\u2019Occident en oublie ses propres valeurs. Assimilant ind\u00fbment les Palestiniens \u00e0 l\u2019islamisme, les m\u00e9dias occidentaux semblent les d\u00e9shumaniser.<\/p>\n<p class=\"p9\">Les puissances occidentales peuvent faiblir, voire dispara\u00eetre. Mais l\u2019Occident comme civilisation ne mourra pas parce qu\u2019il a su expliciter l\u2019universel s\u00e9culier, dont il a tir\u00e9 le principe d\u2019\u00e9galit\u00e9 hors du champ religieux. \u00c9coutons Sophie Bessis\u00a0: \u00ab\u00a0Le paradoxe de l\u2019Occident r\u00e9side dans sa facult\u00e9 \u00e0 produire des universaux (\u2026) absolus, \u00e0 (les) violer avec un fascinant esprit de syst\u00e8me et \u00e0 (\u2026) \u00e9laborer les justifications th\u00e9oriques n\u00e9cessaires de ces violations.\u00a0\u00bb Les nations occidentales ne sont pas les seules \u00e0 avoir us\u00e9 et abus\u00e9 du droit du plus fort. Mais elles sont les seules \u00e0 avoir construit le cadre conceptuel de sa l\u00e9gitimation, philosophique, scientifique et morale. Les peuples conqu\u00e9rants n\u2019ont jamais cherch\u00e9 \u00e0 justifier leurs entreprises autrement que par leur volont\u00e9 de puissance. L\u2019Occident n\u2019a cess\u00e9 d\u2019affiner l\u2019\u00e9laboration th\u00e9orique des fondements de sa supr\u00e9matie en les adaptant aux circonstances factuelles.<\/p>\n<p class=\"p9\">L\u2019histoire des id\u00e9es montre le r\u00f4le premier jou\u00e9 par l\u2019ind\u00e9racinable absolutisme moral occidental, guid\u00e9 par la Raison. Amin Maalouf, dans Le Labyrinthe des \u00e9gar\u00e9s, montre bien que l\u2019\u00e9garement en question r\u00e9sulte d\u2019un tel pr\u00e9jug\u00e9 \u00e9thique\u00a0: l\u2019occidentalisation entra\u00eene une sup\u00e9riorit\u00e9 en valeur. Ainsi, le fameux \u00ab\u00a0mythe aryen\u00a0\u00bb, pierre angulaire du racisme, est une th\u00e9ologie du nihilisme qui a culmin\u00e9 politiquement avec le nazisme. Cette d\u00e9rive, qui hi\u00e9rarchise \u00e9thiquement les hommes, n\u2019a pas \u00e9pargn\u00e9 Karl Marx. Dans une lettre \u00e0 Engels en 1862, il brosse le portrait du prussien Ferdinand Lassalle, \u00ab\u00a0m\u00e9lange de juda\u00efsme et de germanit\u00e9 avec une substance n\u00e8gre de base\u00a0\u00bb. La violence guerri\u00e8re devient souvent un ch\u00e2timent d\u2019humiliation qui d\u00e9guise moralement la haine alt\u00e9ricide inscrite dans la nature humaine. C\u2019est ce qui se passe en Palestine.<\/p>\n<p class=\"p9\">Tout indique que le soleil occidental entre actuellement dans la lumi\u00e8re frisante de son cr\u00e9puscule. L\u2019Ath\u00e8nes de P\u00e9ricl\u00e8s a disparu il y a plus de deux mille ans. Et pourtant, elle continue \u00e0 nous f\u00e9conder aujourd\u2019hui. Les Lumi\u00e8res de la modernit\u00e9, en d\u00e9pit de toutes leurs d\u00e9rives, continueront \u00e0 \u00e9clairer l\u2019esprit humain m\u00eame si l\u2019Occident perd de sa domination. La flamme de l\u2019esprit, allum\u00e9e en Europe \u00e0 la Renaissance, n\u2019est pas p\u00e9rissable au m\u00eame titre que l\u2019h\u00e9g\u00e9monie politique.<\/p>\n<p class=\"p9\">Ce que l\u2019humanit\u00e9 doit \u00e0 l\u2019Occident en mati\u00e8re de civilisation et de progr\u00e8s n\u2019a pas de prix, en d\u00e9pit de l\u2019aspect sombre de l\u2019Occident que L\u00e9on Poliakov a magistralement d\u00e9crit dans Le mythe aryen d\u00e8s 1971, monument d\u2019\u00e9rudition sur la rationalisation de la haine en racisme scientifique. Tant l\u2019antis\u00e9mitisme que le philos\u00e9mitisme apparaissent comme les deux faces de la m\u00eame r\u00e9alit\u00e9 anthropologique qui reconna\u00eet une sp\u00e9cificit\u00e9 particuli\u00e8re \u00e0 un groupe humain. D\u00e9non\u00e7ant le consensus \u00ab\u00a0aryol\u00e2tre\u00a0\u00bb des plus grandes figures du XIXe si\u00e8cle, \u00ab\u00a0Poliakov parle d\u2019une censure r\u00e9troactive, qui s\u2019exercerait de nos jours en vertu d\u2019un refoulement collectif de souvenirs g\u00eanants. Tout se passe comme si, par honte ou par peur d\u2019\u00eatre raciste, l\u2019Occident ne veut plus l\u2019avoir jamais \u00e9t\u00e9, et d\u00e9l\u00e8gue \u00e0 des figures mineures, telle que A. Gobineau ou H.S. Chamberlain, la fonction des boucs \u00e9missaires\u00a0\u00bb (A. Derczanski).<\/p>\n<p class=\"p9\">Aujourd\u2019hui qu\u2019en Occident on \u00e9voque une unit\u00e9 \u00ab\u00a0jud\u00e9o-chr\u00e9tienne\u00a0\u00bb de civilisation, le bouc \u00e9missaire est n\u00e9cessairement cet antisioniste, notamment palestinien ou arabe qui n\u2019a plus d\u2019autre issue que l\u2019islamisme politique comme porte de sortie identitaire.<\/p>\n<p><a href=\"https:\/\/www.lorientlejour.com\/article\/1359821\/le-crepuscule-de-loccident.html\">OLJ<\/a><\/p>\n","protected":false},"excerpt":{"rendered":"<p>LES \u00c9CHOS DE L\u2019AGORA &nbsp; &nbsp; Le drame de Gaza r\u00e9v\u00e8le une v\u00e9rit\u00e9 qu\u2019on redoutait de s\u2019avouer, depuis le d\u00e9but de la guerre en Ukraine qui, aujourd\u2019hui, semble s\u2019enliser. On p\u00e9rore abondamment sur l\u2019\u00e9mergence d\u2019un monde multipolaire. Mais on ne peut plus \u00e9luder la question du cr\u00e9puscule de l\u2019Occident et de son incontestable supr\u00e9matie depuis<\/p>\n","protected":false},"author":33,"featured_media":117377,"comment_status":"open","ping_status":"open","sticky":false,"template":"","format":"standard","meta":{"_uf_show_specific_survey":0,"_uf_disable_surveys":false,"footnotes":""},"categories":[37],"tags":[],"class_list":{"0":"post-117352","1":"post","2":"type-post","3":"status-publish","4":"format-standard","5":"has-post-thumbnail","7":"category-alaune-fr"},"aioseo_notices":[],"_links":{"self":[{"href":"https:\/\/middleeasttransparent.com\/fr\/wp-json\/wp\/v2\/posts\/117352","targetHints":{"allow":["GET"]}}],"collection":[{"href":"https:\/\/middleeasttransparent.com\/fr\/wp-json\/wp\/v2\/posts"}],"about":[{"href":"https:\/\/middleeasttransparent.com\/fr\/wp-json\/wp\/v2\/types\/post"}],"author":[{"embeddable":true,"href":"https:\/\/middleeasttransparent.com\/fr\/wp-json\/wp\/v2\/users\/33"}],"replies":[{"embeddable":true,"href":"https:\/\/middleeasttransparent.com\/fr\/wp-json\/wp\/v2\/comments?post=117352"}],"version-history":[{"count":0,"href":"https:\/\/middleeasttransparent.com\/fr\/wp-json\/wp\/v2\/posts\/117352\/revisions"}],"wp:featuredmedia":[{"embeddable":true,"href":"https:\/\/middleeasttransparent.com\/fr\/wp-json\/wp\/v2\/media\/117377"}],"wp:attachment":[{"href":"https:\/\/middleeasttransparent.com\/fr\/wp-json\/wp\/v2\/media?parent=117352"}],"wp:term":[{"taxonomy":"category","embeddable":true,"href":"https:\/\/middleeasttransparent.com\/fr\/wp-json\/wp\/v2\/categories?post=117352"},{"taxonomy":"post_tag","embeddable":true,"href":"https:\/\/middleeasttransparent.com\/fr\/wp-json\/wp\/v2\/tags?post=117352"}],"curies":[{"name":"wp","href":"https:\/\/api.w.org\/{rel}","templated":true}]}}