{"id":116645,"date":"2023-11-29T21:09:54","date_gmt":"2023-11-29T20:09:54","guid":{"rendered":"https:\/\/middleeasttransparent.com\/?p=116645"},"modified":"2023-11-29T21:09:54","modified_gmt":"2023-11-29T20:09:54","slug":"avant-la-guerre-une-filiere-demigration-des-gazaouis-vers-leurope-en-plein-essor","status":"publish","type":"post","link":"https:\/\/middleeasttransparent.com\/fr\/avant-la-guerre-une-filiere-demigration-des-gazaouis-vers-leurope-en-plein-essor\/","title":{"rendered":"Avant la guerre, une fili\u00e8re d\u2019\u00e9migration des Gazaouis vers l\u2019Europe en plein essor"},"content":{"rendered":"<header class=\"article__header \">\n<div class=\"article__header-wrap\">\n<div class=\"article__heading\">\n<h2 class=\"article__desc\"><strong>En\u00a02023, les Palestiniens repr\u00e9sentaient la population la plus importante parmi les nouveaux demandeurs d\u2019asile sur les \u00eeles grecques. Ils passaient par la Turquie qui leur accordait des facilit\u00e9s pour obtenir un visa.<\/strong><\/h2>\n<p>&nbsp;<\/p>\n<\/div>\n<p>&nbsp;<\/p>\n<p id=\"js-authors-trigger\" class=\"meta meta__publisher meta__publisher--header\"><span id=\"js-authors-list\" class=\"meta__author meta__author--header\" style=\"color: #0000ff;\"> Par <a class=\"article__author-link\" style=\"color: #0000ff;\" href=\"\/signataires\/marina-rafenberg\/\">Marina Rafenberg<\/a><span class=\"author__desc author__desc--header\">(Ath\u00e8nes, correspondance)<\/span> <\/span><\/p>\n<\/div>\n<\/header>\n<section class=\"article__wrapper article__wrapper--premium \">\n<article class=\"article__content old__article-content-single\">\n<h3>Dans un caf\u00e9 du centre d\u2019Ath\u00e8nes, Gihad (il pr\u00e9f\u00e8re taire son nom de famille) se retrouve comme tous les jours, depuis le 7\u00a0octobre, avec ses amis palestiniens. \u00ab\u00a0As-tu des nouvelles de ta famille\u00a0?\u00a0\u00bb est la question qui revient le plus souvent. Sa femme, ses deux enfants et ses parents sont coinc\u00e9s \u00e0 Gaza. D\u00e9but septembre, le trentenaire s\u2019est d\u00e9cid\u00e9 \u00e0 quitter l\u2019enclave en se procurant un visa d\u2019un mois pour la Turquie.<\/h3>\n<\/article>\n<p>&nbsp;<\/p>\n<article class=\"article__content old__article-content-single\">\n<div class=\"meta__icon meta__icon--favorite lmd-dropdown-favorite\" data-position=\"lire aussi\" data-url=\"https:\/\/www.lemonde.fr\/international\/article\/2023\/11\/20\/l-errance-des-habitants-de-gaza-dans-leur-ville-transformee-en-champ-de-ruines_6201294_3210.html\" data-loaded=\"loaded\"><\/div>\n<p class=\"article__paragraph \"><em>\u00ab\u00a0La situation \u00e9conomique \u00e9tait dramatique. Je ne voyais plus d\u2019autre solution que de partir pour l\u2019Europe\u00a0\u00bb<\/em>, raconte-t-il, une cigarette \u00e0 la main. En seulement deux semaines et contre 220\u00a0dollars, il obtient son visa. Une seule agence de voyages \u00e0 Gaza est autoris\u00e9e \u00e0 fournir ce pr\u00e9cieux s\u00e9same. <em>\u00ab\u00a0Cette agence a un accord avec le consulat turc bas\u00e9 \u00e0 Tel-Aviv et avec le Hamas. Nos empreintes digitales y sont prises\u00a0\u00bb<\/em>, explique Gihad. D\u2019autres documents sont requis pour b\u00e9n\u00e9ficier du visa\u00a0: <em>\u00ab\u00a0Un certificat assurant que tu travailles \u00e0 ton compte ou que tu es employ\u00e9, un passeport \u00e0 jour et un compte en banque avec au moins 1\u00a0000\u00a0dollars.\u00a0\u00bb<\/em> <em>\u00ab\u00a0Mais ces documents peuvent \u00eatre falsifi\u00e9s facilement par l\u2019agence contre 100\u00a0dollars\u00a0\u00bb<\/em>, avoue-t-il.<\/p>\n<div id=\"inread_top\" class=\"dfp-slot dfp__slot dfp__inread dfp-unloaded\" data-format=\"inread_top\" aria-hidden=\"true\"><\/div>\n<p class=\"article__paragraph \">Gihad montre sur son t\u00e9l\u00e9phone portable une photo de la foule qui attend devant l\u2019agence. Elle est compos\u00e9e d\u2019hommes qui n\u2019ont pas plus de 30\u00a0ans et veulent \u00e9chapper \u00e0 une situation asphyxiante \u00e0 Gaza, avant la guerre d\u00e9clench\u00e9e par l\u2019attaque du Hamas contre Isra\u00ebl, le 7\u00a0octobre.<\/p>\n<h2 class=\"article__sub-title\">\u00ab\u00a0Bakchichs \u00e0 la fronti\u00e8re\u00a0\u00bb<\/h2>\n<p class=\"article__paragraph \">D\u00e9but septembre, plusieurs m\u00e9dias palestiniens se sont fait l\u2019\u00e9cho de cette vague de d\u00e9parts. Le 19\u00a0septembre, la cha\u00eene Palestine\u00a0TV a diffus\u00e9 une \u00e9mission intitul\u00e9e \u00ab\u00a0L\u2019\u00e9migration de Gaza. Ce dont personne ne parle\u00a0\u00bb. Quelques jours auparavant, le 9\u00a0septembre, de violents affrontements entre de jeunes Palestiniens et des agents de s\u00e9curit\u00e9 avait eu lieu devant l\u2019agence de voyages ayant le monopole des visas. Plusieurs personnes auraient \u00e9t\u00e9 bless\u00e9es, d\u2019apr\u00e8s les m\u00e9dias palestiniens, ce qui aurait oblig\u00e9 l\u2019agence \u00e0 fermer plusieurs jours. Le journal en ligne palestinien <em>Al-Quds<\/em> a rendu compte de l\u2019incident et affirm\u00e9 qu\u2019en seulement quelques jours, avant cette altercation, plus de 18\u00a0000 jeunes Gazaouis avaient fait une demande de visa pour la Turquie.<\/p>\n<p class=\"article__paragraph \">Hady, la vingtaine, se souvient de cette journ\u00e9e. <em>\u00ab\u00a0Le Hamas ne veut pas de mauvaise publicit\u00e9,<\/em> affirme-t-il<em>. Dire que les jeunes partent en Europe pour un avenir meilleur, c\u2019est \u00e9videmment le signe que des probl\u00e8mes existent \u00e0 Gaza.\u00a0\u00bb <\/em>Le jeune fermier qui \u00e9levait des poulets dans l\u2019enclave est parti pour des <em>\u00ab\u00a0raisons \u00e9conomiques\u00a0\u00bb<\/em>, mais aussi<em> \u00ab\u00a0pour vivre dans un pays qui respecte les droits de l\u2019homme\u00a0\u00bb.<\/em><\/p>\n<section class=\"catcher catcher--favoris\">\n<div class=\"catcher__favorite\">\n<div class=\"meta__icon meta__icon--favorite lmd-dropdown-favorite\" data-position=\"lire aussi\" data-url=\"https:\/\/www.lemonde.fr\/international\/article\/2023\/10\/06\/sur-les-iles-grecques-les-camps-de-refugies-a-nouveau-surpeuples_6192858_3210.html\" data-loaded=\"loaded\"><\/div>\n<\/div>\n<\/section>\n<p class=\"article__paragraph \">Apr\u00e8s avoir obtenu leur visa, Hady et Gihad ont d\u00fb se rendre au\u00a0Caire pour prendre l\u2019avion. La premi\u00e8re \u00e9tape est le passage de la fronti\u00e8re, \u00e0 Rafah. A partir de mai\u00a02018, le pr\u00e9sident \u00e9gyptien, Abdel Fattah Al-Sissi, a facilit\u00e9 l\u2019acc\u00e8s au territoire \u00e9gyptien pour les Gazaouis. Mais, dans les faits, les hommes de moins de 40\u00a0ans ne sont pas autoris\u00e9s \u00e0 quitter l\u2019enclave, <em>\u00ab\u00a0sauf contre des bakchichs aux gardes-fronti\u00e8res \u00e9gyptiens et aux membres du Hamas\u00a0\u00bb<\/em>, pr\u00e9cise Hady.<\/p>\n<section class=\"inread inread--NL js-services-inread\">\n<div class=\"inread__cta\"><\/div>\n<\/section>\n<p class=\"article__paragraph \">Contre 400\u00a0dollars chacun, les deux acolytes ont pu franchir la fronti\u00e8re, puis se rendre \u00e0 l\u2019a\u00e9roport du\u00a0Caire sous escorte polici\u00e8re. <em>\u00ab\u00a0A l\u2019a\u00e9roport, une salle sp\u00e9ciale est con\u00e7ue pour les Palestiniens voyageant hors de Gaza. Quand tu vas prendre ton billet d\u2019avion, la police te suit et te surveille jusqu\u2019\u00e0 ce que tu montes dans l\u2019avion\u00a0\u00bb<\/em>, raconte Gihad, qui a encore d\u00e9pens\u00e9 350\u00a0dollars pour son billet.<\/p>\n<h2 class=\"article__sub-title\">Groupe le plus important<\/h2>\n<p class=\"article__paragraph \">Une fois \u00e0 Istanbul, les jeunes hommes entrent en contact avec un passeur arabe. Ils d\u00e9boursent encore plus de 2\u00a0000 dollars chacun pour rejoindre une \u00eele grecque. Gihad est arriv\u00e9 \u00e0 Lesbos, dans un canot transportant vingt-trois personnes parmi lesquelles onze autres Palestiniens de Gaza. <em>\u00ab\u00a0Nous avons \u00e9t\u00e9 chanceux, car nous n\u2019avons pas \u00e9t\u00e9 renvoy\u00e9s en Turquie. De nombreuses personnes voyageant avec moi sur ce bateau avaient d\u00e9j\u00e0 tent\u00e9 une fois de venir en Gr\u00e8ce et avaient \u00e9t\u00e9 renvoy\u00e9es de force vers les eaux turques\u00a0\u00bb<\/em>, rapporte-t-il. Le gouvernement grec est accus\u00e9, depuis 2020, par les organisations non gouvernementales et des enqu\u00eates journalistiques, d\u2019avoir g\u00e9n\u00e9ralis\u00e9 les refoulements ill\u00e9gaux de migrants aux fronti\u00e8res, ce qu\u2019il nie.<\/p>\n<p class=\"article__paragraph \">A Izmir, en Turquie, d\u2019o\u00f9 il est parti pour Lesbos, Gihad assure qu\u2019en septembre tous les h\u00f4tels \u00e9taient pleins de migrants, des Palestiniens plus particuli\u00e8rement, voulant passer en Gr\u00e8ce. En\u00a02023, selon le Haut-Commissariat aux r\u00e9fugi\u00e9s (HCR), les Palestiniens repr\u00e9sentaient plus de 20\u00a0% des arriv\u00e9es sur les \u00eeles grecques, le groupe le plus important parmi les nouveaux demandeurs d\u2019asile. La hausse des arriv\u00e9es de r\u00e9fugi\u00e9s palestiniens avait commenc\u00e9 en\u00a02022, selon le HCR.<\/p>\n<section class=\"catcher catcher--favoris\">\n<div class=\"catcher__favorite\">\n<div class=\"meta__icon meta__icon--favorite lmd-dropdown-favorite\" data-position=\"lire aussi\" data-url=\"https:\/\/www.lemonde.fr\/international\/article\/2023\/11\/29\/la-commission-europeenne-propose-de-durcir-la-legislation-contre-les-passeurs-de-migrants_6202886_3210.html\" data-loaded=\"loaded\"><\/div>\n<\/div>\n<\/section>\n<p class=\"article__paragraph \">Selon le minist\u00e8re des migrations grec, <em>\u00ab\u00a0un peu moins de 3\u00a0000 demandeurs d\u2019asile palestiniens se trouvent actuellement dans les camps <\/em>[install\u00e9s pour leur h\u00e9bergement]<em>\u00a0\u00bb<\/em>. <em>\u00ab\u00a0Il existait <\/em>[avant l\u2019attaque du 7\u00a0octobre]<em>un petit flux de Palestiniens de Gaza qui passaient par Le\u00a0Caire, puis par Istanbul, pour rejoindre certaines \u00eeles de l\u2019est de la mer Eg\u00e9e, comme Cos, <\/em>ajoute le porte-parole du minist\u00e8re.<em> Le d\u00e9sastre humanitaire \u00e0 Gaza et le d\u00e9placement massif des Gazaouis du nord vers le sud de l\u2019enclave nous inqui\u00e8tent, mais il n\u2019existe aujourd\u2019hui ni r\u00e9flexion ni projet pour l\u2019accueil des r\u00e9fugi\u00e9s palestiniens dans le pays.\u00a0\u00bb<\/em><\/p>\n<p class=\"article__paragraph \"><strong>Gihad comme Hady n\u2019ont maintenant qu\u2019une id\u00e9e en t\u00eate\u00a0: que leurs familles puissent sortir de l\u2019<em>\u00ab\u00a0enfer de la guerre\u00a0\u00bb<\/em> et les rejoignent en Europe.<\/strong><\/p>\n<p><a href=\"https:\/\/www.lemonde.fr\/international\/article\/2023\/11\/29\/avant-la-guerre-une-filiere-d-emigration-des-gazaouis-vers-l-europe-en-plein-essor_6202962_3210.html\">LE MONDE<\/a><\/p>\n<\/article>\n<\/section>\n","protected":false},"excerpt":{"rendered":"<p>En\u00a02023, les Palestiniens repr\u00e9sentaient la population la plus importante parmi les nouveaux demandeurs d\u2019asile sur les \u00eeles grecques. Ils passaient par la Turquie qui leur accordait des facilit\u00e9s pour obtenir un visa. &nbsp; &nbsp; Par Marina Rafenberg(Ath\u00e8nes, correspondance) Dans un caf\u00e9 du centre d\u2019Ath\u00e8nes, Gihad (il pr\u00e9f\u00e8re taire son nom de famille) se retrouve comme<\/p>\n","protected":false},"author":134,"featured_media":116647,"comment_status":"open","ping_status":"open","sticky":false,"template":"","format":"standard","meta":{"_uf_show_specific_survey":0,"_uf_disable_surveys":false,"footnotes":""},"categories":[37],"tags":[],"class_list":{"0":"post-116645","1":"post","2":"type-post","3":"status-publish","4":"format-standard","5":"has-post-thumbnail","7":"category-alaune-fr"},"aioseo_notices":[],"_links":{"self":[{"href":"https:\/\/middleeasttransparent.com\/fr\/wp-json\/wp\/v2\/posts\/116645","targetHints":{"allow":["GET"]}}],"collection":[{"href":"https:\/\/middleeasttransparent.com\/fr\/wp-json\/wp\/v2\/posts"}],"about":[{"href":"https:\/\/middleeasttransparent.com\/fr\/wp-json\/wp\/v2\/types\/post"}],"author":[{"embeddable":true,"href":"https:\/\/middleeasttransparent.com\/fr\/wp-json\/wp\/v2\/users\/134"}],"replies":[{"embeddable":true,"href":"https:\/\/middleeasttransparent.com\/fr\/wp-json\/wp\/v2\/comments?post=116645"}],"version-history":[{"count":0,"href":"https:\/\/middleeasttransparent.com\/fr\/wp-json\/wp\/v2\/posts\/116645\/revisions"}],"wp:featuredmedia":[{"embeddable":true,"href":"https:\/\/middleeasttransparent.com\/fr\/wp-json\/wp\/v2\/media\/116647"}],"wp:attachment":[{"href":"https:\/\/middleeasttransparent.com\/fr\/wp-json\/wp\/v2\/media?parent=116645"}],"wp:term":[{"taxonomy":"category","embeddable":true,"href":"https:\/\/middleeasttransparent.com\/fr\/wp-json\/wp\/v2\/categories?post=116645"},{"taxonomy":"post_tag","embeddable":true,"href":"https:\/\/middleeasttransparent.com\/fr\/wp-json\/wp\/v2\/tags?post=116645"}],"curies":[{"name":"wp","href":"https:\/\/api.w.org\/{rel}","templated":true}]}}