{"id":11620,"date":"2016-04-29T12:07:53","date_gmt":"2016-04-29T11:07:53","guid":{"rendered":"http:\/\/middleeasttransparent.com\/?p=11620"},"modified":"2016-05-09T19:35:14","modified_gmt":"2016-05-09T18:35:14","slug":"islam-une-image-degradee-en-france-et-en-allemagne","status":"publish","type":"post","link":"https:\/\/middleeasttransparent.com\/fr\/islam-une-image-degradee-en-france-et-en-allemagne\/","title":{"rendered":"Islam\u00a0: une image d\u00e9grad\u00e9e en France et en Allemagne"},"content":{"rendered":"<div id=\"flash-actu\" class=\"fig-container flash-actu\">\n<div class=\"flashActuBox actu \">\n<div id=\"flashActu-content\" class=\"\">\n<p><strong>Par <a class=\"fig-anchor fig-picto-journaliste-haut\" href=\"http:\/\/www.lefigaro.fr\/actualite-france\/2016\/04\/28\/01016-20160428ARTFIG00357-islam-une-image-degradee-en-france-et-en-allemagne.php#auteur\">Jean-Marie Gu\u00e9nois<\/a><\/strong><\/p>\n<\/div>\n<\/div>\n<\/div>\n<article id=\"20160428ARTFIG00357\" class=\"fig-container fig-article fig-article-has-no-source\">\n<div class=\"fig-main-col\">\n<div class=\"fig-main-media\"><\/div>\n<p class=\"fig-chapo\">Selon un sondage Ifop pour <i>Le Figaro<\/i>, la d\u00e9fiance vis-\u00e0-vis de l&rsquo;islam s&rsquo;installe des deux c\u00f4t\u00e9s du Rhin. Un sentiment qui progresse fortement chez l&rsquo;\u00e9lectorat de gauche.<\/p>\n<div class=\"fig-article-body\">\n<p>La d\u00e9fiance face \u00e0 la place de l&rsquo;islam en France, jusque-l\u00e0 per\u00e7ue comme l&rsquo;apanage de l&rsquo;extr\u00eame droite et d&rsquo;une partie de la droite, ou plus r\u00e9cemment comme un marqueur \u00abr\u00e9actionnaire\u00bb dans le d\u00e9bat culturel, est d\u00e9sormais largement et profond\u00e9ment partag\u00e9e&#8230; \u00e0 gauche. C&rsquo;est le principal enseignement du sondage Figaro-Ifop qui vient d&rsquo;\u00eatre r\u00e9alis\u00e9 du 14 au 18 avril 2016. Ainsi, en 2010, 39\u00a0% des \u00e9lecteurs du Parti socialiste pensaient que la place de l&rsquo;islam \u00e9tait \u00abtrop importante\u00bb. Ils sont d\u00e9sormais 52\u00a0%.<\/p>\n<p>Ce sondage confirme, apr\u00e8s la violente et dramatique ann\u00e9e 2015, un rejet global de cette religion en France. Mais cette vague vient de loin car elle apparaissait d\u00e9j\u00e0 dans les pr\u00e9c\u00e9dentes enqu\u00eates du m\u00eame institut qui remontent \u00e0 1989. Cette ann\u00e9e-l\u00e0, 33 % des Fran\u00e7ais \u00e9taient par exemple \u00abfavorables\u00bb \u00e0 la construction des mosqu\u00e9es, ils sont 13 % aujourd&rsquo;hui. De m\u00eame 31 % \u00e9taient oppos\u00e9s au port du voile en g\u00e9n\u00e9ral, ils sont 63 % en 2016&#8230;<\/p>\n<p>Moins puissant en Allemagne, ce ph\u00e9nom\u00e8ne de rejet appara\u00eet toutefois marqu\u00e9 dans un pays traumatis\u00e9 par les \u00e9v\u00e9nements du 31 d\u00e9cembre \u00e0 Cologne. \u00abAlors que ces deux pays ont des histoires de l&rsquo;immigration tr\u00e8s diff\u00e9rentes, analyse Jer\u00f4me Fourquet, le Directeur du D\u00e9partement Opinion de l&rsquo;Ifop, cette convergence montre que les d\u00e9fis de ces questions majeures sont pos\u00e9s de mani\u00e8re similaire \u00e0 toute la soci\u00e9t\u00e9 occidentale.\u00bb<\/p>\n<p>Pour Anouar Kbibech, pr\u00e9sident du Conseil fran\u00e7ais du culte musulman (CFCM), \u00abce sondage conforte le sentiment que l&rsquo;image de l&rsquo;islam repr\u00e9sente un d\u00e9fi majeur pour les citoyens fran\u00e7ais de confession musulmane.\u00bb \u00abNos concitoyens doivent consid\u00e9rer les Fran\u00e7ais de confession musulmane comme des citoyens \u00e0 part enti\u00e8re et non comme des citoyens enti\u00e8rement \u00e0 part!, d\u00e9clare-t-il. Il fut un temps o\u00f9 les musulmans r\u00e9clamaient peut-\u00eatre un droit \u00e0 \u00abla diff\u00e9rence\u00bb. D\u00e9sormais, les musulmans de France ne r\u00e9clament qu&rsquo;un droit \u00e0 \u00abl&rsquo;indiff\u00e9rence\u00bb!<\/p>\n<p><a href=\"http:\/\/www.lefigaro.fr\/actualite-france\/2016\/04\/28\/01016-20160428ARTFIG00357-islam-une-image-degradee-en-france-et-en-allemagne.php\">LE FIGARO<\/a><\/p>\n<\/div>\n<\/div>\n<\/article>\n","protected":false},"excerpt":{"rendered":"<p>Par Jean-Marie Gu\u00e9nois Selon un sondage Ifop pour Le Figaro, la d\u00e9fiance vis-\u00e0-vis de l&rsquo;islam s&rsquo;installe des deux c\u00f4t\u00e9s du Rhin. Un sentiment qui progresse fortement chez l&rsquo;\u00e9lectorat de gauche. La d\u00e9fiance face \u00e0 la place de l&rsquo;islam en France, jusque-l\u00e0 per\u00e7ue comme l&rsquo;apanage de l&rsquo;extr\u00eame droite et d&rsquo;une partie de la droite, ou plus<\/p>\n","protected":false},"author":152,"featured_media":11621,"comment_status":"open","ping_status":"open","sticky":false,"template":"","format":"standard","meta":{"_uf_show_specific_survey":0,"_uf_disable_surveys":false,"footnotes":""},"categories":[22],"tags":[],"class_list":{"0":"post-11620","1":"post","2":"type-post","3":"status-publish","4":"format-standard","5":"has-post-thumbnail","7":"category-actualites-fr"},"aioseo_notices":[],"_links":{"self":[{"href":"https:\/\/middleeasttransparent.com\/fr\/wp-json\/wp\/v2\/posts\/11620","targetHints":{"allow":["GET"]}}],"collection":[{"href":"https:\/\/middleeasttransparent.com\/fr\/wp-json\/wp\/v2\/posts"}],"about":[{"href":"https:\/\/middleeasttransparent.com\/fr\/wp-json\/wp\/v2\/types\/post"}],"author":[{"embeddable":true,"href":"https:\/\/middleeasttransparent.com\/fr\/wp-json\/wp\/v2\/users\/152"}],"replies":[{"embeddable":true,"href":"https:\/\/middleeasttransparent.com\/fr\/wp-json\/wp\/v2\/comments?post=11620"}],"version-history":[{"count":0,"href":"https:\/\/middleeasttransparent.com\/fr\/wp-json\/wp\/v2\/posts\/11620\/revisions"}],"wp:featuredmedia":[{"embeddable":true,"href":"https:\/\/middleeasttransparent.com\/fr\/wp-json\/wp\/v2\/media\/11621"}],"wp:attachment":[{"href":"https:\/\/middleeasttransparent.com\/fr\/wp-json\/wp\/v2\/media?parent=11620"}],"wp:term":[{"taxonomy":"category","embeddable":true,"href":"https:\/\/middleeasttransparent.com\/fr\/wp-json\/wp\/v2\/categories?post=11620"},{"taxonomy":"post_tag","embeddable":true,"href":"https:\/\/middleeasttransparent.com\/fr\/wp-json\/wp\/v2\/tags?post=11620"}],"curies":[{"name":"wp","href":"https:\/\/api.w.org\/{rel}","templated":true}]}}