{"id":115707,"date":"2023-11-14T23:05:23","date_gmt":"2023-11-14T22:05:23","guid":{"rendered":"https:\/\/middleeasttransparent.com\/?p=115707"},"modified":"2023-11-14T23:05:23","modified_gmt":"2023-11-14T22:05:23","slug":"conflit-israel-hamas-des-ambassadeurs-au-moyen-orient-manifestent-leur-inquietude","status":"publish","type":"post","link":"https:\/\/middleeasttransparent.com\/fr\/conflit-israel-hamas-des-ambassadeurs-au-moyen-orient-manifestent-leur-inquietude\/","title":{"rendered":"Conflit Isra\u00ebl-Hamas: des ambassadeurs au Moyen-Orient manifestent leur inqui\u00e9tude"},"content":{"rendered":"<h3 id=\"m_1991175535326459391paragraph\"><span style=\"color: #666699;\">C\u2019EST un geste in\u00e9dit dans l\u2019histoire r\u00e9cente de la diplomatie fran\u00e7aise dans le monde arabe. Plusieurs \u00adambassadeurs de France au Moyen-Orient et dans certains pays du \u00adMaghreb &#8211; une dizaine, selon nos \u00adinformations &#8211; ont collectivement r\u00e9dig\u00e9 et sign\u00e9 une note, regrettant le virage pro-isra\u00e9lien pris par \u00adEmmanuel Macron dans la guerre entre l\u2019\u00c9tat h\u00e9breu et le Hamas.<\/span><\/h3>\n<div><\/div>\n<div><\/div>\n<div><\/div>\n<div id=\"m_1991175535326459391paragraph\">Cette note commune a \u00e9t\u00e9 \u00adadress\u00e9e au Quai d\u2019Orsay, avec des destinataires \u00e0 l\u2019\u00c9lys\u00e9e, pr\u00e9cise un diplomate \u00e0 Paris, qui l\u2019a lue. \u00ab Ce n\u2019est pas un br\u00fblot, ajoute ce diplomate, mais dans la note que l\u2019on pourrait tout de m\u00eame qualifier de note de dissidence, ces ambassadeurs affirment que notre position en faveur d\u2019Isra\u00ebl au d\u00e9but de la crise est \u00adincomprise au Moyen-Orient et qu\u2019elle est en rupture avec notre \u00adposition traditionnellement \u00e9quilibr\u00e9e entre Isra\u00e9liens et Palestiniens.\u00a0\u00bb La note est \u00e0 la fois claire sur le constat et relativement feutr\u00e9e dans les termes utilis\u00e9s. \u00adSelon ce diplomate, \u00ab\u00a0elle \u00e9tablit une perte de cr\u00e9dibilit\u00e9 et d\u2019influence de la France, et constate la mauvaise \u00adimage de notre pays dans le monde arabe. Ensuite, sous une forme assez diplomatique, elle laisse entendre que tout cela est le \u00adr\u00e9sultat des positions prises par le pr\u00e9sident de la R\u00e9publique\u00a0\u00bb.<\/div>\n<div id=\"m_1991175535326459391paragraph\">Sollicit\u00e9s par Le Figaro, trois \u00adanciens diplomates chevronn\u00e9s nous ont confirm\u00e9 qu\u2019il s\u2019agissait \u00ab\u00a0d\u2019une d\u00e9marche collective, sans pr\u00e9c\u00e9dent de la part d\u2019ambas\u00adsadeurs de France au Moyen-Orient\u00a0\u00bb, rappellent Denis Bauchard, Charles-Henri d\u2019Aragon et Yves Aubin de la Messuzi\u00e8re, ex-ambassadeurs au Maghreb et au Moyen-Orient. Les auteurs de la note se sont collectivement engag\u00e9s \u00e0 rester discrets. Un autre diplomate, en poste au Quai d\u2019Orsay et proche des contestataires, explique qu\u2019\u00ab\u00a0ils ont pris leurs responsabilit\u00e9s, ils sont \u00adsolidaires et dans leur esprit, il s\u2019agit d\u2019une premi\u00e8re \u00e9tape\u00a0\u00bb.<\/div>\n<div id=\"m_1991175535326459391paragraph\">Sollicit\u00e9s par Le Figaro, l\u2019\u00c9lys\u00e9e puis le Quai d\u2019Orsay minimisent la port\u00e9e de cette bronca feutr\u00e9e et font chorus, r\u00e9pondant qu\u2019ils n\u2019ont \u00ab\u00a0pas \u00e0 commenter de la corres\u00adpondance diplomatique qui est, par d\u00e9finition, confidentielle\u00a0\u00bb. \u00ab\u00a0Cette contribution, ajoutent-ils, est une contribution parmi de tr\u00e8s nombreuses autres. \u00c0 la fin, ce sont les autorit\u00e9s politiques \u00e9lues par les Fran\u00e7ais, le pr\u00e9sident de la R\u00e9pu\u00adblique et son gouvernement, en \u00adl\u2019esp\u00e8ce sa ministre (Catherine \u00adColonna, NDLR), qui d\u00e9cident de la politique \u00e9trang\u00e8re de la France\u00a0\u00bb.<\/div>\n<div id=\"m_1991175535326459391paragraphTitle\">Crise de confiance<\/div>\n<div id=\"m_1991175535326459391paragraph\">La r\u00e9f\u00e9rence \u00e0 Mme\u00a0Colonna \u00adsurprend au Quai d\u2019Orsay, o\u00f9 le sentiment d\u2019\u00eatre marginalis\u00e9 par l\u2019\u00c9lys\u00e9e est largement r\u00e9pandu. Ce fut le cas notamment &#8211; et cela \u00adalimenta la ranc\u0153ur des \u00ab\u00a0dissidents\u00a0\u00bb &#8211; lorsque Emmanuel \u00adMacron a propos\u00e9, lors de sa rencontre \u00e0 Tel-Aviv avec Benyamin Netanyahou, l\u2019extension de la \u00adcoalition internationale anti-Daech au Hamas. Une id\u00e9e diffi\u00adcilement op\u00e9rationnelle, qui a suscit\u00e9 l\u2019incompr\u00e9hension au Moyen-Orient, avant d\u2019\u00eatre abandonn\u00e9e.<\/div>\n<div id=\"m_1991175535326459391paragraph\">Les auteurs de la note regrettent que dans plusieurs pays du Moyen-Orient et du Maghreb, les critiques les plus s\u00e9v\u00e8res soient adress\u00e9es, certes aux \u00c9tats-Unis et \u00e0 la Grande-Bretagne, mais aussi \u00e0 la France, comme l\u2019ont montr\u00e9 des mani\u00adfestations devant leurs ambassades. \u00ab\u00a0Nous sommes parfois accus\u00e9s de complicit\u00e9 de g\u00e9nocide\u00a0\u00bb, confie sous le sceau du secret un jeune \u00addiplomate en poste au Moyen-Orient, qui reprend un grief de ses a\u00een\u00e9s.<\/div>\n<div id=\"m_1991175535326459391paragraph\">Depuis le d\u00e9but de la guerre, certains ambassadeurs de France n\u2019ont plus acc\u00e8s \u00e0 certains cercles d\u00e9cisionnaires des pays o\u00f9 ils sont en poste. Un ambassadeur a \u00e9galement re\u00e7u des menaces de mort par des radicaux, furieux des \u00adpositions prises par Paris.<\/div>\n<div id=\"m_1991175535326459391paragraph\">Si la direction Afrique du Nord\u00a0&#8211;\u00a0Moyen-Orient &#8211; dont d\u00e9pendent les frondeurs &#8211; n\u2019a pas \u00e9t\u00e9 mise dans la boucle en amont, le diagnostic dress\u00e9 dans la note est largement partag\u00e9 par les diplo\u00admates qui depuis Paris couvrent le monde arabe. En sous-main, au Quai d\u2019Orsay, de nombreux diplomates soutiendraient leur initiative.<\/div>\n<div id=\"m_1991175535326459391paragraph\">La crise de confiance entre la France et le Moyen-Orient est \u00ab\u00a0grave\u00a0\u00bb et risque d\u2019\u00eatre \u00ab\u00a0durable\u00a0\u00bb, avertissent les auteurs de la note. \u00ab\u00a0On a connu dans le pass\u00e9 des crises avec les caricatures du proph\u00e8te Mahomet, mais nous sommes parvenus \u00e0 les d\u00e9samorcer assez rapidement\u00a0\u00bb, rappelle le diplomate, qui a lu la note. \u00ab\u00a0Cette fois-ci, ajoute-t-il en \u00e9cho \u00e0 la mise en garde des contestataires, la d\u00e9fiance vis-\u00e0-vis de nous est profonde et risque d\u2019\u00eatre durable. Nos interlocuteurs trouvent que l\u2019on se trahit nous-m\u00eames, ils estiment que notre discours bas\u00e9 sur l\u2019humanisme est en contradiction avec notre nouvelle approche. Pour eux, la France avec sa parole alternative n\u2019existe plus.\u00a0\u00bb<\/div>\n<div id=\"m_1991175535326459391paragraph\">Toutefois, les frondeurs se \u00adf\u00e9licitent du r\u00e9cent entretien d\u2019Emmanuel Macron \u00e0 la BBC dans lequel il critique s\u00e9v\u00e8rement les frappes isra\u00e9liennes contre les \u00adcivils palestiniens de Gaza,\u00ad\u00ab\u00a0peut-\u00eatre le signe qu\u2019il a compris que sa position devait \u00e9voluer\u00a0\u00bb.<\/div>\n<div><a href=\"https:\/\/www.lefigaro.fr\/international\/conflit-israel-hamas-des-ambassadeurs-au-moyen-orient-manifestent-leur-inquietude-20231113\">Le Figaro<\/a><\/div>\n","protected":false},"excerpt":{"rendered":"<p>C\u2019EST un geste in\u00e9dit dans l\u2019histoire r\u00e9cente de la diplomatie fran\u00e7aise dans le monde arabe. Plusieurs \u00adambassadeurs de France au Moyen-Orient et dans certains pays du \u00adMaghreb &#8211; une dizaine, selon nos \u00adinformations &#8211; ont collectivement r\u00e9dig\u00e9 et sign\u00e9 une note, regrettant le virage pro-isra\u00e9lien pris par \u00adEmmanuel Macron dans la guerre entre l\u2019\u00c9tat h\u00e9breu<\/p>\n","protected":false},"author":34,"featured_media":115711,"comment_status":"open","ping_status":"open","sticky":false,"template":"","format":"standard","meta":{"_uf_show_specific_survey":0,"_uf_disable_surveys":false,"footnotes":""},"categories":[37],"tags":[],"class_list":{"0":"post-115707","1":"post","2":"type-post","3":"status-publish","4":"format-standard","5":"has-post-thumbnail","7":"category-alaune-fr"},"aioseo_notices":[],"_links":{"self":[{"href":"https:\/\/middleeasttransparent.com\/fr\/wp-json\/wp\/v2\/posts\/115707","targetHints":{"allow":["GET"]}}],"collection":[{"href":"https:\/\/middleeasttransparent.com\/fr\/wp-json\/wp\/v2\/posts"}],"about":[{"href":"https:\/\/middleeasttransparent.com\/fr\/wp-json\/wp\/v2\/types\/post"}],"author":[{"embeddable":true,"href":"https:\/\/middleeasttransparent.com\/fr\/wp-json\/wp\/v2\/users\/34"}],"replies":[{"embeddable":true,"href":"https:\/\/middleeasttransparent.com\/fr\/wp-json\/wp\/v2\/comments?post=115707"}],"version-history":[{"count":0,"href":"https:\/\/middleeasttransparent.com\/fr\/wp-json\/wp\/v2\/posts\/115707\/revisions"}],"wp:featuredmedia":[{"embeddable":true,"href":"https:\/\/middleeasttransparent.com\/fr\/wp-json\/wp\/v2\/media\/115711"}],"wp:attachment":[{"href":"https:\/\/middleeasttransparent.com\/fr\/wp-json\/wp\/v2\/media?parent=115707"}],"wp:term":[{"taxonomy":"category","embeddable":true,"href":"https:\/\/middleeasttransparent.com\/fr\/wp-json\/wp\/v2\/categories?post=115707"},{"taxonomy":"post_tag","embeddable":true,"href":"https:\/\/middleeasttransparent.com\/fr\/wp-json\/wp\/v2\/tags?post=115707"}],"curies":[{"name":"wp","href":"https:\/\/api.w.org\/{rel}","templated":true}]}}