{"id":11568,"date":"2016-04-28T11:03:20","date_gmt":"2016-04-28T10:03:20","guid":{"rendered":"http:\/\/middleeasttransparent.com\/?p=11568"},"modified":"2016-04-28T11:03:20","modified_gmt":"2016-04-28T10:03:20","slug":"irak-al-abadi-menace-par-la-crise-politique","status":"publish","type":"post","link":"https:\/\/middleeasttransparent.com\/fr\/irak-al-abadi-menace-par-la-crise-politique\/","title":{"rendered":"Irak\u00a0: al-Abadi menac\u00e9 par la crise politique"},"content":{"rendered":"<h2 class=\"figp-art__title\">\u00a0Le premier ministre est sous la pression de la rue et ne parvient pas \u00e0 former un gouvernement de technocrates, auquel s&rsquo;oppose une large partie de la classe politique.<\/h2>\n<div class=\"figp-art__content\">\n<div class=\"figp-art__body figp-art__body--size-0\" style=\"text-align: center;\">\n<p style=\"text-align: left;\">Apr\u00e8s une pause de 24\u00a0heures, la bronca devrait reprendre ce jeudi \u00e0 Bagdad. Sous la pression de la rue, le premier ministre <a href=\"http:\/\/premium.lefigaro.fr\/international\/2014\/08\/12\/01003-20140812ARTFIG00282-irak-al-abadi-le-pragmatique.php\" target=\"\">Ha\u00efdar al-Abadi<\/a> doit s&rsquo;adresser au Parlement, deux jours apr\u00e8s avoir affront\u00e9 la fronde des d\u00e9put\u00e9s sur son projet de nommer un nouveau gouvernement de technocrates.<\/p>\n<p style=\"text-align: left;\">Mardi, lors d&rsquo;une nouvelle r\u00e9union cens\u00e9e voter la confiance \u00e0 une nouvelle \u00e9quipe minist\u00e9rielle, des d\u00e9put\u00e9s ont emp\u00each\u00e9 le chef du gouvernement de s&rsquo;exprimer en lan\u00e7ant dans sa direction des bouteilles d&rsquo;eau. Ils ont \u00e9galement conspu\u00e9 le chef du Parlement, Salim al-Joubouri, en le qualifiant \u00abd&rsquo;ill\u00e9gitime\u00bb et criant : \u00abSalim, dehors, dehors!\u00bb<\/p>\n<figure class=\"figp-media figp-media--type-xrg figp-media--align-center\" data-media-type=\"XRG\" data-media-id=\"20160427XRGFIG00665\">\n<blockquote>\n<h2 class=\"figp-media__citation\">\u00ab\u2009Le premier ministre est en position de faiblesse jusque dans son propre parti, le Daa&rsquo;wa. Son pr\u00e9d\u00e9cesseur Nouri al-Maliki, qui cherche \u00e0 le faire tomber, est rest\u00e9 l&rsquo;homme fort de la formation chiite\u00bb<\/h2>\n<footer class=\"figp-media__signature\"><em>Hosham Dawood, universitaire<\/em><\/footer>\n<\/blockquote>\n<\/figure>\n<p style=\"text-align: left;\">Al-Abadi tente depuis des semaines de mettre en place un gouvernement de technocrates pour remplacer des ministres affili\u00e9s aux formations politiques qui se partagent le pouvoir et sa manne financi\u00e8re et s\u00e9curitaire. Mais jusqu&rsquo;\u00e0 maintenant, le premier ministre s&rsquo;est heurt\u00e9 \u00e0 un refus clair et net d&rsquo;une large partie de la classe politique irakienne. Un an et demi apr\u00e8s sa nomination, sur fond de crise budg\u00e9taire li\u00e9e \u00e0 la chute des cours du p\u00e9trole, Ha\u00efdar al-Abadi se trouve dans une impasse politique dont il ne parvient pas \u00e0 s&rsquo;extraire.<\/p>\n<p style=\"text-align: left;\">\u00abLe premier ministre est en position de faiblesse jusque dans son propre parti, le Daa&rsquo;wa, analyse l&rsquo;universitaire Hosham Dawood. Son pr\u00e9d\u00e9cesseur Nouri al-Maliki, qui cherche \u00e0 le faire tomber, est rest\u00e9 l&rsquo;homme fort de la formation chiite.\u00bb Et dans son combat pour nommer des technocrates au gouvernement, al-Abadi ne peut gu\u00e8re compter sur ses alli\u00e9s des autres partis chiites, notamment celui d&rsquo;Ammar al-Hakim, r\u00e9ticent \u00e0 s&rsquo;engager dans une voie qui affaiblirait son groupe au Parlement.<\/p>\n<figure class=\"figp-media figp-media--type-xrg figp-media--align-left\" data-media-type=\"XRG\" data-media-id=\"20160427XRGFIG00666\">\n<blockquote>\n<h2 class=\"figp-media__citation\">\u00abNous voulons que les ministres soient ind\u00e9pendants\u00bb<\/h2>\n<p class=\"figp-media__signature\"><em>Un manifestant<\/em><\/p>\n<p class=\"figp-media__signature\">\n<\/blockquote>\n<\/figure>\n<p style=\"text-align: left;\">Si Abadi venait \u00e0 chuter, il reviendrait \u00e0 Maliki, \u00e9cart\u00e9 du pouvoir en 2014 pour <a href=\"http:\/\/premium.lefigaro.fr\/international\/2014\/06\/17\/01003-20140617ARTFIG00355--bagdad-l-attente-anxieuse-dessunnites.php\" target=\"\">son sectarisme anti-sunnite<\/a>, de former une nouvelle \u00e9quipe gouvernementale. Pour conjurer une telle perspective, le premier ministre brandit la menace d&rsquo;un retour de Maliki \u00e0 la direction de l&rsquo;Irak. Personne ne semble vouloir un tel come-back. \u00abAm\u00e9ricains et Iraniens sont d&rsquo;accord pour garder al-Abadi\u00bb, assure Hosham Dawood.<\/p>\n<p style=\"text-align: left;\">En parall\u00e8le \u00e0 cet imbroglio, des milliers d&rsquo;Irakiens ont manifest\u00e9 mardi \u00e0 proximit\u00e9 du Parlement pour r\u00e9clamer des r\u00e9formes. \u00c0 l&rsquo;appel du <a href=\"http:\/\/premium.lefigaro.fr\/international\/2014\/06\/26\/01003-20140626ARTFIG00323-irak-le-reveil-du-chef-chiite-moqtada-al-sadr.php\" target=\"\">puissant leader chiite Moqtada Sadr<\/a>, ils scandaient que tous les \u00abhommes politiques sont des voleurs\u00bb, en se dirigeant vers la zone verte, le secteur ultras\u00e9curis\u00e9 de Bagdad, si\u00e8ge des principales institutions de l&rsquo;\u00c9tat. \u00abNous voulons que les ministres soient ind\u00e9pendants\u00bb, s&rsquo;\u00e9criait l&rsquo;un d&rsquo;entre eux, cit\u00e9 par l&rsquo;AFP. Selon lui, \u00able gouvernement a \u00e9chou\u00e9 dans tous les domaines\u00bb.<\/p>\n<h2 style=\"text-align: left;\">Quotas politiques et confessionnels<\/h2>\n<p style=\"text-align: left;\">Depuis la chute de Saddam Hussein en 2003, les postes cl\u00e9s au gouvernement sont partag\u00e9s sur la base de quotas politiques et confessionnels, une pratique avec laquelle les manifestants veulent rompre. En f\u00e9vrier, al-Abadi avait appel\u00e9 \u00e0 un changement \u00abfondamental\u00bb au gouvernement pour que ce dernier inclut \u00abdes personnalit\u00e9s professionnelles et technocrates et des universitaires\u00bb. Fin mars, al-Abadi a pr\u00e9sent\u00e9 au Parlement une liste de 13 candidats qui avait \u00e9t\u00e9 rejet\u00e9e. Les blocs politiques avaient alors propos\u00e9 leurs propres candidats, rempla\u00e7ant sur une nouvelle liste la plupart des noms sugg\u00e9r\u00e9s par Abadi.<\/p>\n<p style=\"text-align: left;\">Mardi, les d\u00e9put\u00e9s ont approuv\u00e9 une partie des candidats propos\u00e9s, notamment aux minist\u00e8res de l&rsquo;\u00c9lectricit\u00e9, de la Sant\u00e9, de l&rsquo;\u00c9ducation sup\u00e9rieure, du Travail et des Ressources hydrauliques. Au cours des prochains jours, le premier ministre devrait en proposer d&rsquo;autres pour les postes vacants. Mais d&rsquo;ores et d\u00e9j\u00e0, al-Abadi a averti que la crise politique en cours risquait, si elle se poursuivait, de g\u00eaner la guerre livr\u00e9e aux djihadistes du groupe \u00c9tat islamique, qui contr\u00f4le toujours des r\u00e9gions enti\u00e8res du nord et de l&rsquo;ouest de l&rsquo;Irak. Les \u00c9tats-Unis et l&rsquo;ONU ont \u00e9galement exprim\u00e9 leur inqui\u00e9tude.<\/p>\n<figure class=\"figp-media figp-media--type-htm\" data-media-type=\"HTM\" data-media-id=\"20160427HTMFIG00667\">\n<hr \/>\n<\/figure>\n<h2 style=\"text-align: left;\">Djihadistes \u00e9trangers: la d\u00e9crue<\/h2>\n<p style=\"text-align: left;\">Le nombre de combattants \u00e9trangers entrant en Irak et en Syrie pour rejoindre le groupe \u00c9tat islamique (EI) est en forte baisse depuis environ un an, a d\u00e9clar\u00e9 mardi le g\u00e9n\u00e9ral am\u00e9ricain Peter Gersten. Selon lui, quand il est arriv\u00e9 \u00e0 Bagdad il y a un an, de 1.500 \u00e0 2.000 combattants \u00e9trangers rejoignaient les rangs de l&rsquo;EI chaque mois. \u00c0 pr\u00e9sent, \u00abnos estimations sont tomb\u00e9es \u00e0 environ 200\u00bb par mois \u00abet nous voyons davantage de d\u00e9sertions parmi ces combattants\u00bb, a-t-il dit.<\/p>\n<p style=\"text-align: left;\">Le g\u00e9n\u00e9ral Gersten a attribu\u00e9 cette forte diminution avant tout au fait que la coalition internationale a frapp\u00e9 les caches d&rsquo;argent liquide de l&rsquo;EI: une vingtaine de raids de ce type ont \u00e9t\u00e9 men\u00e9s, qui ont permis de d\u00e9truire environ 800\u00a0millions de dollars, <a href=\"http:\/\/premium.lefigaro.fr\/international\/2016\/04\/18\/01003-20160418ARTFIG00193-les-revenus-de-l-etat-islamique-ont-chute-de-30-en-neuf-mois.php\" target=\"\">autant de r\u00e9serves en moins pour les djihadistes<\/a>. Washington avait estim\u00e9 il y a quelques mois ce nombre \u00e0 entre 20.000 et 31.500 combattants, mais le d\u00e9partement d&rsquo;\u00c9tat a affirm\u00e9 qu&rsquo;il avait baiss\u00e9.<\/p>\n<p style=\"text-align: left;\"><a href=\"http:\/\/premium.lefigaro.fr\/international\/2016\/04\/27\/01003-20160427ARTFIG00278-irak-al-abadi-menace-par-la-crise-politique.php\">Le Figaro<\/a><\/p>\n<\/div>\n<\/div>\n","protected":false},"excerpt":{"rendered":"<p>\u00a0Le premier ministre est sous la pression de la rue et ne parvient pas \u00e0 former un gouvernement de technocrates, auquel s&rsquo;oppose une large partie de la classe politique. Apr\u00e8s une pause de 24\u00a0heures, la bronca devrait reprendre ce jeudi \u00e0 Bagdad. Sous la pression de la rue, le premier ministre Ha\u00efdar al-Abadi doit s&rsquo;adresser<\/p>\n","protected":false},"author":34,"featured_media":11569,"comment_status":"open","ping_status":"open","sticky":false,"template":"","format":"standard","meta":{"_uf_show_specific_survey":0,"_uf_disable_surveys":false,"footnotes":""},"categories":[37],"tags":[],"class_list":{"0":"post-11568","1":"post","2":"type-post","3":"status-publish","4":"format-standard","5":"has-post-thumbnail","7":"category-alaune-fr"},"aioseo_notices":[],"_links":{"self":[{"href":"https:\/\/middleeasttransparent.com\/fr\/wp-json\/wp\/v2\/posts\/11568","targetHints":{"allow":["GET"]}}],"collection":[{"href":"https:\/\/middleeasttransparent.com\/fr\/wp-json\/wp\/v2\/posts"}],"about":[{"href":"https:\/\/middleeasttransparent.com\/fr\/wp-json\/wp\/v2\/types\/post"}],"author":[{"embeddable":true,"href":"https:\/\/middleeasttransparent.com\/fr\/wp-json\/wp\/v2\/users\/34"}],"replies":[{"embeddable":true,"href":"https:\/\/middleeasttransparent.com\/fr\/wp-json\/wp\/v2\/comments?post=11568"}],"version-history":[{"count":0,"href":"https:\/\/middleeasttransparent.com\/fr\/wp-json\/wp\/v2\/posts\/11568\/revisions"}],"wp:featuredmedia":[{"embeddable":true,"href":"https:\/\/middleeasttransparent.com\/fr\/wp-json\/wp\/v2\/media\/11569"}],"wp:attachment":[{"href":"https:\/\/middleeasttransparent.com\/fr\/wp-json\/wp\/v2\/media?parent=11568"}],"wp:term":[{"taxonomy":"category","embeddable":true,"href":"https:\/\/middleeasttransparent.com\/fr\/wp-json\/wp\/v2\/categories?post=11568"},{"taxonomy":"post_tag","embeddable":true,"href":"https:\/\/middleeasttransparent.com\/fr\/wp-json\/wp\/v2\/tags?post=11568"}],"curies":[{"name":"wp","href":"https:\/\/api.w.org\/{rel}","templated":true}]}}