{"id":115414,"date":"2023-11-10T23:09:27","date_gmt":"2023-11-10T22:09:27","guid":{"rendered":"https:\/\/middleeasttransparent.com\/?p=115414"},"modified":"2023-11-10T23:09:27","modified_gmt":"2023-11-10T22:09:27","slug":"la-colere-monte-dans-les-pays-arabes-face-a-la-souffrance-des-gazaouis","status":"publish","type":"post","link":"https:\/\/middleeasttransparent.com\/fr\/la-colere-monte-dans-les-pays-arabes-face-a-la-souffrance-des-gazaouis\/","title":{"rendered":"La col\u00e8re monte dans les pays arabes, face \u00e0 la souffrance des Gazaouis"},"content":{"rendered":"<h3 id=\"m_-7594408591308610084introduction\">En Jordanie comme en \u00c9gypte, la population ronge son frein face \u00e0 des pouvoirs qui, craignant pour leur survie, contiennent la col\u00e8re \u00e0 tout prix.<\/h3>\n<p>&nbsp;<\/p>\n<p>&nbsp;<\/p>\n<div id=\"m_-7594408591308610084paragraph\">MOYEN-ORIENT De Rabat \u00e0 Tunis, d\u2019Amman \u00e0 Bagdad en passant par Le\u00a0Caire et Beyrouth, \u00ab\u00a0la rue arabe\u00a0\u00bb affiche sa solidarit\u00e9 avec les Palestiniens de Gaza, tout en d\u00e9non\u00e7ant le deux poids, deux mesures des pays occidentaux, jug\u00e9s trop favorables \u00e0 Isra\u00ebl.<\/div>\n<div id=\"m_-7594408591308610084paragraph\">M\u00eame dans un pays \u00e0 la structure confessionnelle composite comme le Liban, les franges traditionnellement les moins enclines \u00e0 soutenir la cause palestinienne sont au diapason. \u00ab\u00a0Tous les Libanais ont leur c\u0153ur avec les gens de Gaza\u00a0\u00bb, confie au t\u00e9l\u00e9phone depuis Beyrouth l\u2019homme d\u2019affaires Nabil Fawaz. Le pays du C\u00e8dre a pourtant gard\u00e9 d\u2019amers souvenirs de la \u00ab\u00a0r\u00e9sistance palestinienne\u00a0\u00bb, chass\u00e9e de Jordanie en 1970 venue se r\u00e9fugier \u00e0 Beyrouth et dans le Sud, o\u00f9 elle poursuivit ses attaques contre Isra\u00ebl. \u00ab\u00a0Quand je vois les chr\u00e9tiens du Liban, dont certains ne cachaient gu\u00e8re leurs sympathies pro-isra\u00e9liennes, critiquer d\u00e9sormais l\u2019\u00c9tat h\u00e9breu, cela veut dire que quelque chose a chang\u00e9\u00a0\u00bb, ajoute ce Libanais.<\/div>\n<div id=\"m_-7594408591308610084paragraph\">\u00ab\u00a0On condamne la barbarie du Hamas le 7\u00a0octobre contre les Isra\u00e9liens, maintenant on d\u00e9nonce la barbarie d\u2019Isra\u00ebl contre les Palestiniens\u00a0\u00bb, fait valoir un diplomate libanais, qui tient \u00e0 rester anonyme.<\/div>\n<div id=\"m_-7594408591308610084paragraph\">Dans le monde arabe, les milliers d\u2019enfants et de femmes palestiniens tu\u00e9s depuis deux semaines dans des bombardements isra\u00e9liens ne passent pas. \u00ab\u00a0La folie isra\u00e9lienne \u00e0 Gaza fait que beaucoup de Libanais qui n\u2019aiment pas le Hezbollah se disent\u00a0: \u201cheureusement qu\u2019il est l\u00e0 aujourd\u2019hui\u201d\u00a0\u00bb, observe Nabil Fawaz, lui-m\u00eame chiite mais peu suspect de sympathie envers la puissante milice chiite qui affronte l\u2019arm\u00e9e isra\u00e9lienne, sans vouloir toutefois se lancer avec son parrain iranien dans une guerre totale contre l\u2019\u00c9tat h\u00e9breu. S\u2019ils appuient les Palestiniens, \u00ab\u00a0une grande majorit\u00e9 des Libanais ne veut pas la guerre avec Isra\u00ebl et n\u2019a pas envie de recevoir une grande claque\u00a0\u00bb, ajoute le diplomate \u00e0 Beyrouth, r\u00e9f\u00e9rence aux pr\u00e9c\u00e9dentes guerres entre le Hezbollah et l\u2019\u00c9tat h\u00e9breu qui avait d\u00e9truit une partie des infrastructures du pays.<\/div>\n<div id=\"m_-7594408591308610084paragraph\">Parce qu\u2019ils ont sign\u00e9 la paix avec Isra\u00ebl et qu\u2019ils ont une fronti\u00e8re commune avec ce pays, l\u2019\u00c9gypte et la Jordanie dansent sur un volcan. \u00ab\u00a0Tous les Palestiniens de Jordanie sont branch\u00e9s sur les boucles WhatsApp qui leur montrent les \u00e9v\u00e9nements de Gaza\u00a0\u00bb, constate le chercheur Jalal al-Husseini. \u00ab\u00a0Tout le monde est en col\u00e8re, ajoute-t-il. Mais que peuvent-ils faire ? \u00bb<\/div>\n<div id=\"m_-7594408591308610084paragraph\">La moiti\u00e9 environ de la population du royaume est compos\u00e9e de Palestiniens, r\u00e9fugi\u00e9s \u00e0 l\u2019issue des guerres de 1948 et de 1967, y compris de la bande de Gaza, lesquels r\u00e9fugi\u00e9s n\u2019ont pas encore la citoyennet\u00e9 jordanienne. En signe de solidarit\u00e9 avec les Palestiniens de Gaza, certains se sont approch\u00e9s de la fronti\u00e8re isra\u00e9lienne dans la vall\u00e9e du Jourdain. D\u2019autres ont march\u00e9 en direction de l\u2019ambassade d\u2019Isra\u00ebl. \u00ab\u00a0Mais \u00e0 chaque fois, la s\u00e9curit\u00e9 les en a dissuad\u00e9s\u00a0\u00bb, insiste Jalal al-Husseini, qui rappelle les deux lignes rouges du roi Abdallah II, r\u00e9p\u00e9t\u00e9es \u00e0 la radio\u00a0: \u00ab\u00a0Manifestez, mais ne touchez pas aux points sensibles qui sont l\u2019ambassade d\u2019Isra\u00ebl et les fronti\u00e8res avec l\u2019\u00c9tat h\u00e9breu.\u00a0\u00bb Si des manifestations persistent \u00e0 Amman, elles sont tr\u00e8s encadr\u00e9es par les services de s\u00e9curit\u00e9. \u00ab\u00a0Certains jeunes se regroupent en contre-manifestations, mais ils sont aussit\u00f4t poursuivis par la police\u00a0\u00bb, souligne le chercheur.<\/div>\n<div id=\"m_-7594408591308610084paragraph\">Le Hamas palestinien dispose de relais en Jordanie, via le Front de l\u2019action islamique. Avec des formations de gauche, ce dernier a exig\u00e9 l\u2019abrogation du trait\u00e9 de paix sign\u00e9 en 1994 avec Isra\u00ebl, ou \u00e0 d\u00e9faut la fermeture de l\u2019ambassade. Ce \u00e0 quoi le pouvoir se refuse, mais face \u00e0 la rue, il a rappel\u00e9 son ambassadeur \u00e0 Tel-Aviv, et celui d\u2019Isra\u00ebl a quitt\u00e9 Amman.<\/div>\n<div id=\"m_-7594408591308610084paragraph\">Encore plus que ses pairs arabes du Golfe qui doivent tenir compte d\u2019une opinion chauff\u00e9e \u00e0 blanc, le monarque jordanien se doit de hausser le ton. \u00ab\u00a0Il est obs\u00e9d\u00e9 par l\u2019id\u00e9e d\u2019un transfert des 2,5\u00a0millions de Palestiniens de Cisjordanie chez lui\u00a0\u00bb, d\u00e9crypte un expert jordanien, qui veut rester anonyme. C\u2019est pourquoi le royaume a refus\u00e9 ces vingt derni\u00e8res ann\u00e9es toute arriv\u00e9e significative de r\u00e9fugi\u00e9s palestiniens d\u2019Irak apr\u00e8s 2003, et de Syrie, apr\u00e8s 2011. \u00ab\u00a0Il ne voulait surtout pas valider le vieux sc\u00e9nario de la droite isra\u00e9lienne qui voit en la Jordanie l\u2019\u00c9tat palestinien de substitution. C\u2019est le cauchemar d\u2019Abdallah\u00a0\u00bb, estime Jalal al-Husseini.<\/div>\n<div id=\"m_-7594408591308610084paragraph\">C\u2019est \u00e9galement la hantise du pr\u00e9sident \u00e9gyptien, Abdel Fattah al-Sissi, qui refuse tout d\u00e9placement massif des Palestiniens de Gaza, comme l\u2019ont sugg\u00e9r\u00e9 certains en Isra\u00ebl. Dans le pays arabe le plus peupl\u00e9, la population aussi ronge son frein. \u00ab\u00a0Les r\u00e9seaux sociaux sont unanimes dans l\u2019appui aux Palestiniens\u00a0\u00bb, estime le chercheur Tewfik Aclimandos. Mais comme en Jordanie, le pouvoir \u00e9gyptien veille au grain. \u00ab\u00a0La situation a fortement d\u00e9rap\u00e9 un vendredi apr\u00e8s la pri\u00e8re \u00e0 Alexandrie, ajoute-t-il. Depuis, le pouvoir a repris la situation en main et verrouill\u00e9 ce genre de rassemblements\u00a0\u00bb. Ses porte-parole assurent que \u00ab\u00a0la soci\u00e9t\u00e9 est plus circonspecte\u00a0\u00bb par rapport aux \u00e9v\u00e9nements de Gaza. \u00ab\u00a0Les \u00c9gyptiens appuient les Palestiniens mais avec prudence\u00a0\u00bb, souligne l\u2019un d\u2019eux. Reste que les messages de la s\u00e9curit\u00e9 \u00e9gyptienne aux agents de l\u2019\u00c9tat sont \u00e9loquents\u00a0: \u00ab\u00a0Vous soutenez autant que vous pouvez le peuple palestinien, mais vous ne citez pas le Hamas, ni en bien, ni en mal.\u00a0\u00bb<\/div>\n<div id=\"m_-7594408591308610084paragraph\">Le mouvement islamiste palestinien est la branche palestinienne de la Confr\u00e9rie n\u00e9e en \u00c9gypte et b\u00eate noire du ra\u00efs Sissi, qui leur ravit le pouvoir en 2013, avant de s\u2019engager dans une \u00e9radication des Fr\u00e8res musulmans. Mais \u00ab\u00a0si la situation s\u2019aggrave \u00e0 Gaza, on pourrait assister \u00e0 des demandes d\u2019abrogation du trait\u00e9 de paix sign\u00e9 en 1979 avec Isra\u00ebl\u00a0\u00bb, pr\u00e9vient un chercheur, qui rentre de Tunisie.<\/div>\n<div id=\"m_-7594408591308610084paragraph\">\u00c0 Tunis, ancien si\u00e8ge de l\u2019OLP de Yasser Arafat, de nombreuses manifestations en faveur des Palestiniens ont eu lieu. \u00ab\u00a0Le pr\u00e9sident Ka\u00efs Sa\u00efed, un populiste, r\u00e9cup\u00e8re la col\u00e8re pour en rajouter contre Isra\u00ebl\u00a0\u00bb, d\u00e9crypte le chercheur pr\u00e9cit\u00e9. Mais \u00ab\u00a0dans leur col\u00e8re, les Tunisiens critiquent ouvertement les \u00c9tats-Unis et la France, ajoute-t-il. C\u2019est un des rares pays arabes o\u00f9 le drapeau fran\u00e7ais a \u00e9t\u00e9 br\u00fbl\u00e9\u00a0\u00bb.<\/div>\n<div id=\"m_-7594408591308610084paragraph\">Un peu partout, la rue d\u00e9nonce le deux poids, deux mesures des Europ\u00e9ens et des Am\u00e9ricains dans la guerre. \u00ab\u00a0Tous les Libanais \u00e9prouvent un sentiment d\u2019injustice, regrette Nabil Fawaz, l\u2019homme d\u2019affaires \u00e0 Beyrouth. Le monde ne parle que du 7\u00a0octobre (la mort de 1\u00a0400 Isra\u00e9liens tu\u00e9s par le Hamas), il refuse de parler de ce qui s\u2019est pass\u00e9 avant le 7, c\u2019est-\u00e0-dire les d\u00e9cennies d\u2019occupation et de colonisation des Territoires palestiniens, et de ce qui se passe apr\u00e8s le 7 avec les milliers de Palestiniens tu\u00e9s dans les bombardements\u00a0; et \u00e7a, on ne comprend pas\u00a0\u00bb, l\u00e2che Nabil Fawaz, amer. \u00ab\u00a0Nous sommes d\u00e9\u00e7us et notre d\u00e9ception vise aussi la France, qui s\u2019est plac\u00e9e d\u00e8s le d\u00e9but sans nuance aux c\u00f4t\u00e9s d\u2019Isra\u00ebl\u00a0\u00bb, poursuit-il. \u00ab\u00a0Quand on entend des responsables politiques proches de la France, comme Walid Joumblatt ou Samir Geagea, dire qu\u2019ils ne comprennent plus rien \u00e0 la politique fran\u00e7aise, on se dit qu\u2019avec la guerre, la France a encore perdu de son influence.\u00a0\u00bb<\/div>\n<div id=\"m_-7594408591308610084paragraph\">Tous d\u00e9plorent le refus des Occidentaux d\u2019appeler Isra\u00ebl \u00e0 un cessez-le-feu \u00e0 Gaza. Mais au-del\u00e0, \u00ab\u00a0ce qui est nouveau avec ce conflit, souligne le chercheur Hosham Dawood, c\u2019est que les Arabes du Moyen-Orient suivent sur leurs cha\u00eenes de t\u00e9l\u00e9vision les agissements des communaut\u00e9s arabo-musulmanes en Europe. Ils d\u00e9couvrent qu\u2019en France, les gens ont beaucoup de mal \u00e0 manifester, ce qui les \u00e9tonne beaucoup venant d\u2019un pays qui affiche au fronton de ses mairies \u201cLibert\u00e9, \u00e9galit\u00e9, fraternit\u00e9\u201d\u00a0\u00bb.<\/div>\n<div id=\"m_-7594408591308610084paragraph\">En Irak, la ranc\u0153ur vise les soldats am\u00e9ricains, r\u00e9guli\u00e8rement attaqu\u00e9s par les puissantes milices chiites pro-Iran. \u00ab\u00a0Les Am\u00e9ricains jouent un double jeu, accuse une source proche du pouvoir \u00e0 Bagdad. Ils nous disent avoir emp\u00each\u00e9 Isra\u00ebl de bombarder les a\u00e9roports civils et militaires comme l\u2019arm\u00e9e isra\u00e9lienne l\u2019a fait en Syrie, mais si on ne se plie pas \u00e0 leurs demandes, ils nous disent aussi qu\u2019ils ne savent pas s\u2019ils pourront longtemps retenir le bras d\u2019Isra\u00ebl\u00a0\u00bb. En attendant, deux automitrailleuses sont stationn\u00e9es dans la rue non loin de l\u2019ambassade de France. Au cas o\u00f9\u00a0!<\/div>\n<div><a href=\"https:\/\/www.lefigaro.fr\/international\/conflit-israel-hamas-la-colere-monte-dans-les-pays-arabes-face-a-la-souffrance-des-gazaouis-20231109\"><strong>Le Figaro<\/strong><\/a><\/div>\n","protected":false},"excerpt":{"rendered":"<p>En Jordanie comme en \u00c9gypte, la population ronge son frein face \u00e0 des pouvoirs qui, craignant pour leur survie, contiennent la col\u00e8re \u00e0 tout prix. &nbsp; &nbsp; MOYEN-ORIENT De Rabat \u00e0 Tunis, d\u2019Amman \u00e0 Bagdad en passant par Le\u00a0Caire et Beyrouth, \u00ab\u00a0la rue arabe\u00a0\u00bb affiche sa solidarit\u00e9 avec les Palestiniens de Gaza, tout en d\u00e9non\u00e7ant<\/p>\n","protected":false},"author":34,"featured_media":115417,"comment_status":"open","ping_status":"open","sticky":false,"template":"","format":"standard","meta":{"_uf_show_specific_survey":0,"_uf_disable_surveys":false,"footnotes":""},"categories":[37],"tags":[],"class_list":{"0":"post-115414","1":"post","2":"type-post","3":"status-publish","4":"format-standard","5":"has-post-thumbnail","7":"category-alaune-fr"},"aioseo_notices":[],"_links":{"self":[{"href":"https:\/\/middleeasttransparent.com\/fr\/wp-json\/wp\/v2\/posts\/115414","targetHints":{"allow":["GET"]}}],"collection":[{"href":"https:\/\/middleeasttransparent.com\/fr\/wp-json\/wp\/v2\/posts"}],"about":[{"href":"https:\/\/middleeasttransparent.com\/fr\/wp-json\/wp\/v2\/types\/post"}],"author":[{"embeddable":true,"href":"https:\/\/middleeasttransparent.com\/fr\/wp-json\/wp\/v2\/users\/34"}],"replies":[{"embeddable":true,"href":"https:\/\/middleeasttransparent.com\/fr\/wp-json\/wp\/v2\/comments?post=115414"}],"version-history":[{"count":0,"href":"https:\/\/middleeasttransparent.com\/fr\/wp-json\/wp\/v2\/posts\/115414\/revisions"}],"wp:featuredmedia":[{"embeddable":true,"href":"https:\/\/middleeasttransparent.com\/fr\/wp-json\/wp\/v2\/media\/115417"}],"wp:attachment":[{"href":"https:\/\/middleeasttransparent.com\/fr\/wp-json\/wp\/v2\/media?parent=115414"}],"wp:term":[{"taxonomy":"category","embeddable":true,"href":"https:\/\/middleeasttransparent.com\/fr\/wp-json\/wp\/v2\/categories?post=115414"},{"taxonomy":"post_tag","embeddable":true,"href":"https:\/\/middleeasttransparent.com\/fr\/wp-json\/wp\/v2\/tags?post=115414"}],"curies":[{"name":"wp","href":"https:\/\/api.w.org\/{rel}","templated":true}]}}