{"id":114917,"date":"2023-10-31T22:56:00","date_gmt":"2023-10-31T21:56:00","guid":{"rendered":"https:\/\/middleeasttransparent.com\/?p=114917"},"modified":"2023-10-31T22:56:00","modified_gmt":"2023-10-31T21:56:00","slug":"pape-francois-pas-daudience-pour-le-president-irakien","status":"publish","type":"post","link":"https:\/\/middleeasttransparent.com\/fr\/pape-francois-pas-daudience-pour-le-president-irakien\/","title":{"rendered":"Pape Fran\u00e7ois : pas d&rsquo;audience pour le pr\u00e9sident irakien"},"content":{"rendered":"<p>Rome\/Shaffaf \u2013En visite \u00e0 Rome pour assister au Forum mondial de l\u2019alimentation, le pr\u00e9sident irakien Abdul Latif Rashid a r\u00e9it\u00e9r\u00e9 sa demande, refus\u00e9e six mois plus t\u00f4t, de rencontrer le pape Fran\u00e7ois. Sa nouvelle demande a cependant \u00e9t\u00e9 refus\u00e9e, ce qui l&rsquo;a incit\u00e9 \u00e0 rentrer \u00e0 Bagdad plut\u00f4t d\u00e9\u00e7u.<\/p>\n<p>La position d\u00e9sapprobatrice du Vatican \u00e9tait li\u00e9e \u00e0 la d\u00e9cision du pr\u00e9sident Rashid de \u00ab retirer \u00bb un d\u00e9cret r\u00e9publicain concernant l\u2019\u00c9glise chald\u00e9enne d\u2019Irak, obligeant ainsi le patriarche \u00e0 d\u00e9placer son si\u00e8ge de Bagdad \u00e0 \u00ab Erbil \u00bb au Kurdistan, en attendant que les choses reviennent \u00e0 la normale.<\/p>\n<p><img fetchpriority=\"high\" decoding=\"async\" class=\"size-medium wp-image-114921 aligncenter\" src=\"https:\/\/middleeasttransparent.com\/wp-content\/uploads\/2023\/10\/sakopope-3-600x472.png\" alt=\"\" width=\"600\" height=\"472\" srcset=\"https:\/\/middleeasttransparent.com\/wp-content\/uploads\/2023\/10\/sakopope-3-600x472.png 600w, https:\/\/middleeasttransparent.com\/wp-content\/uploads\/2023\/10\/sakopope-3-768x604.png 768w, https:\/\/middleeasttransparent.com\/wp-content\/uploads\/2023\/10\/sakopope-3.png 850w\" sizes=\"(max-width: 600px) 100vw, 600px\" \/><\/p>\n<p>Il est \u00e0 noter que, tout en refusant de rencontrer le pr\u00e9sident Rashid, le pape Fran\u00e7ois a accord\u00e9 \u00ab une rencontre sp\u00e9ciale \u00bb au patriarche chald\u00e9en, Louis Sacco, qui avait particip\u00e9 au Synode de l&rsquo;\u00c9glise 2023 !<\/p>\n","protected":false},"excerpt":{"rendered":"<p>Rome\/Shaffaf \u2013En visite \u00e0 Rome pour assister au Forum mondial de l\u2019alimentation, le pr\u00e9sident irakien Abdul Latif Rashid a r\u00e9it\u00e9r\u00e9 sa demande, refus\u00e9e six mois plus t\u00f4t, de rencontrer le pape Fran\u00e7ois. Sa nouvelle demande a cependant \u00e9t\u00e9 refus\u00e9e, ce qui l&rsquo;a incit\u00e9 \u00e0 rentrer \u00e0 Bagdad plut\u00f4t d\u00e9\u00e7u. La position d\u00e9sapprobatrice du Vatican \u00e9tait<\/p>\n","protected":false},"author":205,"featured_media":114910,"comment_status":"open","ping_status":"open","sticky":false,"template":"","format":"standard","meta":{"_uf_show_specific_survey":0,"_uf_disable_surveys":false,"footnotes":""},"categories":[37],"tags":[],"class_list":{"0":"post-114917","1":"post","2":"type-post","3":"status-publish","4":"format-standard","5":"has-post-thumbnail","7":"category-alaune-fr"},"aioseo_notices":[],"_links":{"self":[{"href":"https:\/\/middleeasttransparent.com\/fr\/wp-json\/wp\/v2\/posts\/114917","targetHints":{"allow":["GET"]}}],"collection":[{"href":"https:\/\/middleeasttransparent.com\/fr\/wp-json\/wp\/v2\/posts"}],"about":[{"href":"https:\/\/middleeasttransparent.com\/fr\/wp-json\/wp\/v2\/types\/post"}],"author":[{"embeddable":true,"href":"https:\/\/middleeasttransparent.com\/fr\/wp-json\/wp\/v2\/users\/205"}],"replies":[{"embeddable":true,"href":"https:\/\/middleeasttransparent.com\/fr\/wp-json\/wp\/v2\/comments?post=114917"}],"version-history":[{"count":0,"href":"https:\/\/middleeasttransparent.com\/fr\/wp-json\/wp\/v2\/posts\/114917\/revisions"}],"wp:featuredmedia":[{"embeddable":true,"href":"https:\/\/middleeasttransparent.com\/fr\/wp-json\/wp\/v2\/media\/114910"}],"wp:attachment":[{"href":"https:\/\/middleeasttransparent.com\/fr\/wp-json\/wp\/v2\/media?parent=114917"}],"wp:term":[{"taxonomy":"category","embeddable":true,"href":"https:\/\/middleeasttransparent.com\/fr\/wp-json\/wp\/v2\/categories?post=114917"},{"taxonomy":"post_tag","embeddable":true,"href":"https:\/\/middleeasttransparent.com\/fr\/wp-json\/wp\/v2\/tags?post=114917"}],"curies":[{"name":"wp","href":"https:\/\/api.w.org\/{rel}","templated":true}]}}