{"id":114345,"date":"2023-10-23T18:44:46","date_gmt":"2023-10-23T17:44:46","guid":{"rendered":"https:\/\/middleeasttransparent.com\/?p=114345"},"modified":"2023-10-23T18:44:46","modified_gmt":"2023-10-23T17:44:46","slug":"dans-le-sud-du-liban-le-spectre-dun-nouveau-front-accentue-le-sentiment-dabandon-des-habitants","status":"publish","type":"post","link":"https:\/\/middleeasttransparent.com\/fr\/dans-le-sud-du-liban-le-spectre-dun-nouveau-front-accentue-le-sentiment-dabandon-des-habitants\/","title":{"rendered":"Dans le sud du Liban, le spectre d\u2019un nouveau front accentue le sentiment d\u2019abandon des habitants"},"content":{"rendered":"<p>&nbsp;<\/p>\n<article id=\"Longform\" class=\"article article--longform article--content\">\n<section class=\"article__heading\">\n<div class=\"article__header-wrap\">\n<section class=\"article__info\">\n<section class=\"article__meta\">\n<div class=\"lmd-dropdown__content\">\n<h2 class=\"lmd-dropdown-gift-article__footer\"><strong>Reportage.\u00a0 \u00a0 \u00a0 \u00a0 \u00a0 Les attaques du Hezbollah et ses incursions en Isra\u00ebl gagnent en intensit\u00e9 de jour en jour, d\u00e9clenchant des repr\u00e9sailles de plus en plus fortes de l\u2019arm\u00e9e isra\u00e9lienne. Malgr\u00e9 le risque d\u2019escalade, l\u2019Etat libanais affiche son impuissance.<\/strong><\/h2>\n<div>`<\/div>\n<\/div>\n<div><\/div>\n<\/section>\n<\/section>\n<\/div>\n<\/section>\n<section class=\"article__content\">\n<p class=\"article__paragraph article__paragraph--lf\">Le chant du muezzin enveloppe la vall\u00e9e d\u2019A\u00efta Al-Chaab. Alors que la pri\u00e8re d\u2019Adh-Dhouhr r\u00e9sonne dans la bourgade chiite, \u00e0 la fronti\u00e8re sud du Liban, vers midi, samedi 21\u00a0octobre, les t\u00e9l\u00e9phones bruissent. Le Hezbollah vient d\u2019attaquer le village isra\u00e9lien de Baram, de ses positions 10\u00a0kilom\u00e8tres plus \u00e0 l\u2019est. L\u2019attaque sonne la fin d\u2019une matin\u00e9e d\u2019accalmie dans les villages frontaliers de la ligne bleue. Une nouvelle journ\u00e9e de combats commence entre le mouvement chiite libanais et l\u2019arm\u00e9e isra\u00e9lienne, le long des 80 kilom\u00e8tres de d\u00e9marcation entre le Liban et Isra\u00ebl.<\/p>\n<p class=\"article__paragraph article__paragraph--lf\">Sur les hauteurs de la ville, des journalistes locaux, sympathisants du Parti de Dieu, braquent leurs cam\u00e9ras en direction de la fronti\u00e8re, esp\u00e9rant saisir en image des tirs d\u2019artillerie. Au-dessus de leurs t\u00eates, le bruit des drones isra\u00e9liens s\u2019intensifie. Celui d\u2019un avion de chasse d\u00e9chire le ciel. Sur la colline face \u00e0 eux, des combattants du Hezbollah et des factions palestiniennes se tiennent pr\u00eats, loin des regards. De leurs positions militaires le long d\u2019un chemin caillouteux qui serpente sur la ligne de cr\u00eate, la vue est imprenable sur le mur de s\u00e9paration qu\u2019a construit Isra\u00ebl en contrebas.<\/p>\n<p class=\"article__paragraph article__paragraph--lf\">C\u2019est de cette r\u00e9gion vallonn\u00e9e que les combattants du Hezbollah avaient lanc\u00e9, le 12\u00a0juillet\u00a02006, une attaque contre une patrouille isra\u00e9lienne, tuant trois soldats et en capturant deux autres. Une guerre d\u2019un mois avait suivi, qui a d\u00e9vast\u00e9 le Liban et fait 1\u00a0200\u00a0morts c\u00f4t\u00e9 libanais et 160\u00a0c\u00f4t\u00e9 isra\u00e9lien. Apr\u00e8s dix-sept ans de calme quasi ininterrompu, les factions align\u00e9es avec l\u2019Iran dans l\u2019axe de la <em>\u00ab\u00a0r\u00e9sistance islamique\u00a0\u00bb<\/em> ont rallum\u00e9 ce front <em>\u00ab\u00a0en solidarit\u00e9\u00a0\u00bb <\/em>avec le Hamas et la population de Gaza, pris dans un d\u00e9luge de feu isra\u00e9lien apr\u00e8s les massacres commis par le mouvement palestinien le 7\u00a0octobre. Pour desserrer l\u2019\u00e9tau sur l\u2019enclave, elles harc\u00e8lent l\u2019arm\u00e9e isra\u00e9lienne depuis le Liban.<\/p>\n<section class=\"catcher catcher--favoris\">\n<div class=\"catcher__favorite\">\n<div class=\"meta__icon meta__icon--favorite lmd-dropdown-favorite\" data-position=\"lire aussi\" data-url=\"https:\/\/www.lemonde.fr\/international\/article\/2023\/10\/11\/apres-l-attaque-du-hamas-le-hezbollah-fait-peser-un-risque-d-escalade-dans-le-nord-d-israel_6193790_3210.html\" data-loaded=\"loaded\"><\/div>\n<\/div>\n<\/section>\n<h2 class=\"article__sub-title\">Les attaques gagnent en intensit\u00e9<\/h2>\n<p class=\"article__paragraph article__paragraph--lf\">D\u2019abord ponctuelles, les attaques \u00e0 la roquette et au missile t\u00e9l\u00e9guid\u00e9 du Hezbollah, et ses incursions en territoire ennemi, gagnent en intensit\u00e9 de jour en jour. Les repr\u00e9sailles des avions, des drones et des tanks isra\u00e9liens n\u2019en sont que plus cinglantes. L\u2019\u00e9quilibre de la dissuasion qui s\u2019\u00e9tait instaur\u00e9 depuis 2006\u00a0entre les deux bellig\u00e9rants est, chaque jour, un peu plus menac\u00e9. C\u00f4t\u00e9 libanais, trente-six personnes sont d\u00e9j\u00e0 mortes, parmi lesquelles vingt-quatre\u00a0combattants du Hezbollah et des civils, dont un journaliste de l\u2019agence Reuters. L\u2019arm\u00e9e isra\u00e9lienne a fait \u00e9tat, de son c\u00f4t\u00e9, de quatre morts, trois soldats et un civil.<\/p>\n<figure class=\"article__media article__media--default \"><img fetchpriority=\"high\" class=\"loaded\" srcset=\" https:\/\/img.lemde.fr\/2023\/10\/23\/0\/0\/8192\/5464\/630\/0\/75\/0\/0b428d5_1698019249144-lbn-lemonde-diegoibarrasanchez-022.jpg 1x, https:\/\/img.lemde.fr\/2023\/10\/23\/0\/0\/8192\/5464\/1260\/0\/45\/0\/0b428d5_1698019249144-lbn-lemonde-diegoibarrasanchez-022.jpg 2x\" alt=\"Des panneaux du Hezbollah, dans le sud du Liban, le 21\u00a0octobre\u00a02023.\" width=\"664\" height=\"443\" data-srcset=\" https:\/\/img.lemde.fr\/2023\/10\/23\/0\/0\/8192\/5464\/630\/0\/75\/0\/0b428d5_1698019249144-lbn-lemonde-diegoibarrasanchez-022.jpg 1x, https:\/\/img.lemde.fr\/2023\/10\/23\/0\/0\/8192\/5464\/1260\/0\/45\/0\/0b428d5_1698019249144-lbn-lemonde-diegoibarrasanchez-022.jpg 2x\" data-was-processed=\"true\" \/><noscript><img decoding=\"async\" src=\"https:\/\/img.lemde.fr\/2023\/10\/23\/0\/0\/8192\/5464\/630\/0\/75\/0\/0b428d5_1698019249144-lbn-lemonde-diegoibarrasanchez-022.jpg\" alt=\"Des panneaux du Hezbollah, dans le sud du Liban, le 21\u00a0octobre\u00a02023.\"><\/noscript><figcaption class=\"article__legend\" aria-hidden=\"true\">Des panneaux du Hezbollah, dans le sud du Liban, le 21 octobre 2023.<\/figcaption><\/figure>\n<figure class=\"article__media article__media--default \"><img class=\"loaded\" srcset=\" https:\/\/img.lemde.fr\/2023\/10\/23\/0\/0\/8192\/5464\/630\/0\/75\/0\/b8004e7_1698019239491-lbn-lemonde-diegoibarrasanchez-020.jpg 1x, https:\/\/img.lemde.fr\/2023\/10\/23\/0\/0\/8192\/5464\/1260\/0\/45\/0\/b8004e7_1698019239491-lbn-lemonde-diegoibarrasanchez-020.jpg 2x\" alt=\"Le village libanais d\u2019A\u00efta Al-Chaab, vid\u00e9 de ses habitants en raison des \u00e9changes de tirs entre le Hezbollah et Isra\u00ebl. Ici, le 21\u00a0octobre\u00a02023.\" width=\"664\" height=\"443\" data-srcset=\" https:\/\/img.lemde.fr\/2023\/10\/23\/0\/0\/8192\/5464\/630\/0\/75\/0\/b8004e7_1698019239491-lbn-lemonde-diegoibarrasanchez-020.jpg 1x, https:\/\/img.lemde.fr\/2023\/10\/23\/0\/0\/8192\/5464\/1260\/0\/45\/0\/b8004e7_1698019239491-lbn-lemonde-diegoibarrasanchez-020.jpg 2x\" data-was-processed=\"true\" \/><noscript><img decoding=\"async\" src=\"https:\/\/img.lemde.fr\/2023\/10\/23\/0\/0\/8192\/5464\/630\/0\/75\/0\/b8004e7_1698019239491-lbn-lemonde-diegoibarrasanchez-020.jpg\" alt=\"Le village libanais d\u2019A\u00efta Al-Chaab, vid\u00e9 de ses habitants en raison des \u00e9changes de tirs entre le Hezbollah et Isra\u00ebl. Ici, le 21\u00a0octobre\u00a02023.\"><\/noscript><figcaption class=\"article__legend\" aria-hidden=\"true\">Le village libanais d\u2019A\u00efta Al-Chaab, vid\u00e9 de ses habitants en raison des \u00e9changes de tirs entre le Hezbollah et Isra\u00ebl. Ici, le 21 octobre 2023.<\/figcaption><\/figure>\n<p class=\"article__paragraph article__paragraph--lf\">Le spectre d\u2019un second front entre le Hezbollah et Isra\u00ebl est dans toutes les t\u00eates. Une guerre avec le Parti de Dieu, plus puissant que le Hamas avec ses 100\u00a0000\u00a0combattants revendiqu\u00e9s \u2013 dont des milliers aguerris en Syrie \u2013 et des dizaines de milliers de roquettes et de missiles, entra\u00eenerait le Liban, et la r\u00e9gion, dans un conflit destructeur. Les responsables isra\u00e9liens promettent au pays du C\u00e8dre la d\u00e9vastation. Washington et Paris mettent en garde l\u2019Iran contre un embrasement r\u00e9gional. <em>\u00ab\u00a0Nous disons \u00e0 ceux qui nous contactent\u00a0: \u201cArr\u00eatez l\u2019agression<\/em> [isra\u00e9lienne]<em> afin que ses r\u00e9percussions et la possibilit\u00e9 d\u2019expansion cessent\u201d\u00a0\u00bb<\/em>, leur a r\u00e9torqu\u00e9 le num\u00e9ro deux du Hezbollah, le cheikh Na\u00efm Qassem, samedi, soulignant que son mouvement \u00e9tait d\u00e9j\u00e0 <em>\u00ab\u00a0au c\u0153ur de la bataille\u00a0\u00bb<\/em>.<\/p>\n<section class=\"catcher catcher--favoris\">\n<div class=\"meta__icon meta__icon--favorite lmd-dropdown-favorite\" data-position=\"lire aussi\" data-url=\"https:\/\/www.lemonde.fr\/international\/article\/2023\/10\/14\/au-liban-le-hezbollah-entretient-la-colere-contre-israel_6194389_3210.html\" data-loaded=\"loaded\"><\/div>\n<\/section>\n<p class=\"article__paragraph article__paragraph--lf\">Les repr\u00e9sailles isra\u00e9liennes ont fait fuir les habitants des villages situ\u00e9s dans une bande frontali\u00e8re de 5 kilom\u00e8tres de profondeur. A A\u00efta Al-Chaab, la plupart des commerces ont tir\u00e9 le rideau. De rares voitures traversent la ville fant\u00f4me. Ses 15\u00a0000\u00a0habitants ont fui les bombardements qui ont touch\u00e9 des maisons et une \u00e9cole en lisi\u00e8re de la ville. De jeunes hommes sont assis dans des caf\u00e9s et aux balcons des maisons. <em>\u00ab\u00a0Il n\u2019y a plus de civils ici, que des militaires\u00a0\u00bb<\/em>, d\u00e9clare un militant du Hezbollah surgi \u00e0 scooter, tout de noir v\u00eatu, sur un ton qui invite \u00e0 passer son chemin.<\/p>\n<h2 class=\"article__sub-title\">Les Am\u00e9ricains bl\u00e2m\u00e9s, et la France \u00ab\u00a0complice\u00a0\u00bb<\/h2>\n<p class=\"article__paragraph article__paragraph--lf\">Devant une \u00e9picerie ouverte, des hommes plus \u00e2g\u00e9s discutent. <em>\u00ab\u00a0Nous sommes encore quelques civils ici pour s\u2019occuper des champs et des b\u00eates\u00a0\u00bb<\/em>, explique Moussa. Ce fermier de 62\u00a0ans a profit\u00e9 de l\u2019accalmie matinale pour aller voir ses oliviers et ses parterres de l\u00e9gumes. Avec la culture du tabac, c\u2019est le seul moyen de subsistance de la famille, r\u00e9fugi\u00e9e \u00e0 Beyrouth. <em>\u00ab\u00a0On ne peut pas faire confiance \u00e0 cet ennemi. Il tue des enfants \u00e0 Gaza, il pourrait bien nous tuer, nous aussi\u00a0\u00bb<\/em>, d\u00e9plore-t-il. Il bl\u00e2me les Am\u00e9ricains, et la France <em>\u00ab\u00a0complice\u00a0\u00bb<\/em> elle aussi. <em>\u00ab\u00a0Quand il se passe quelque chose en Ukraine, tout le monde s\u2019indigne. Quand ce sont les Palestiniens, tout le monde est pr\u00eat \u00e0 des mensonges pour couvrir les crimes d\u2019Isra\u00ebl\u00a0\u00bb<\/em>, accuse l\u2019homme, \u00e9voquant l\u2019explosion \u00e0 l\u2019h\u00f4pital Al-Ahli \u00e0 Gaza, le 17\u00a0octobre. Personne, ici, ne croit la version isra\u00e9lienne, pourtant confirm\u00e9e par les services de renseignement des pays occidentaux, d\u2019une roquette d\u00e9fectueuse qu\u2019aurait tir\u00e9e le Jihad islamique.<\/p>\n<div id=\"inread_top\" class=\"dfp-slot dfp__slot dfp__inread dfp-unloaded\" data-format=\"inread_top\" aria-hidden=\"true\"><\/div>\n<p class=\"article__paragraph article__paragraph--lf\">Beaucoup de familles d\u2019A\u00efta Al-Chaab ont trouv\u00e9 refuge dans les trois \u00e9coles mises \u00e0 disposition des d\u00e9plac\u00e9s par l\u2019Union des municipalit\u00e9s de Tyr (Sour). Dans cette ville du littoral, \u00e0 une heure de route plus au nord, 2\u00a0000 d\u00e9plac\u00e9s sont install\u00e9s, avec quelques affaires emball\u00e9es \u00e0 la h\u00e2te, dans les salles de classe vides. Trois milles autres sont dans des maisons. Au total, dans le Sud-Liban et ailleurs dans le pays, plus de 19\u00a0500\u00a0personnes ont \u00e9t\u00e9 d\u00e9plac\u00e9es du fait de la hausse des incidents frontaliers, a annonc\u00e9 lundi l\u2019Organisation internationale pour les migrations (OIM). A Tyr, des associations apportent des matelas, des m\u00e9dicaments, de l\u2019eau et de la nourriture. <em>\u00ab\u00a0Il y a trop peu d\u2019aide\u00a0\u00bb<\/em>, constate Mortada Mehanna, charg\u00e9 d\u2019accueillir ces familles d\u00e9s\u0153uvr\u00e9es.<\/p>\n<figure class=\"article__media article__media--default \"><img class=\"loaded\" srcset=\" https:\/\/img.lemde.fr\/2023\/10\/23\/0\/0\/8192\/5464\/630\/0\/75\/0\/96cc2dc_1698019206586-lbn-lemonde-diegoibarrasanchez-015.jpg 1x, https:\/\/img.lemde.fr\/2023\/10\/23\/0\/0\/8192\/5464\/1260\/0\/45\/0\/96cc2dc_1698019206586-lbn-lemonde-diegoibarrasanchez-015.jpg 2x\" alt=\"Une jeune fille r\u00e9fugi\u00e9e dans une \u00e9cole de Tyr (Liban), le 18\u00a0octobre 2023.\" width=\"664\" height=\"443\" data-srcset=\" https:\/\/img.lemde.fr\/2023\/10\/23\/0\/0\/8192\/5464\/630\/0\/75\/0\/96cc2dc_1698019206586-lbn-lemonde-diegoibarrasanchez-015.jpg 1x, https:\/\/img.lemde.fr\/2023\/10\/23\/0\/0\/8192\/5464\/1260\/0\/45\/0\/96cc2dc_1698019206586-lbn-lemonde-diegoibarrasanchez-015.jpg 2x\" data-was-processed=\"true\" \/><noscript><img decoding=\"async\" src=\"https:\/\/img.lemde.fr\/2023\/10\/23\/0\/0\/8192\/5464\/630\/0\/75\/0\/96cc2dc_1698019206586-lbn-lemonde-diegoibarrasanchez-015.jpg\" alt=\"Une jeune fille r\u00e9fugi\u00e9e dans une \u00e9cole de Tyr (Liban), le 18\u00a0octobre 2023.\"><\/noscript><figcaption class=\"article__legend\" aria-hidden=\"true\">Une jeune fille r\u00e9fugi\u00e9e dans une \u00e9cole de Tyr (Liban), le 18 octobre 2023.<\/figcaption><\/figure>\n<p class=\"article__paragraph article__paragraph--lf\"><em>\u00ab\u00a0On n\u2019a plus de revenus, plus de maisons et plus de champs. On n\u2019a aucun endroit o\u00f9 aller, aucune famille nulle part. Qui va nous aider\u00a0?\u00a0\u00bb<\/em>, interpelle Nawal Srour, une grand-m\u00e8re de 60\u00a0ans. Elle d\u00e9signe ses deux petites-filles, encore traumatis\u00e9es. <em>\u00ab\u00a0Depuis qu\u2019on est enfant, on a grandi dans la peur des bombes et de la violence\u00a0\u00bb<\/em>, poursuit-elle, se souvenant comme si c\u2019\u00e9tait hier de la destruction d\u2019A\u00efta Al-Chaab, en\u00a02006. <em>\u00ab\u00a0Cette fois, on a eu peur des bombes au phosphore. Beaucoup de maisons ont \u00e9t\u00e9 d\u00e9truites et br\u00fbl\u00e9es. C\u2019est dangereux\u00a0\u00bb<\/em>, ajoute Ahmed Nasr, un fermier de 50\u00a0ans. L\u2019organisation Human Rights Watch a affirm\u00e9 <a title=\"Nouvelle fen\u00eatre\" href=\"https:\/\/www.hrw.org\/news\/2023\/10\/12\/israel-white-phosphorus-used-gaza-lebanon\" target=\"_blank\" rel=\"noopener\">dans un rapport<\/a>, le 12\u00a0octobre, qu\u2019Isra\u00ebl utilisait des munitions au phosphore blanc, interdites en zone civile, \u00e0 Gaza et au Liban. L\u2019arm\u00e9e isra\u00e9lienne a jusqu\u2019\u00e0 pr\u00e9sent ni\u00e9 utiliser des bombes au phosphore.<\/p>\n<h2 class=\"article__sub-title\">Fum\u00e9e blanche<\/h2>\n<p class=\"article__paragraph article__paragraph--lf\">La peur du phosphore blanc a aussi fait fuir les 2\u00a0000\u00a0habitants du village sunnite de Dhayra, \u00e0 l\u2019exception d\u2019un vieil homme de 88\u00a0ans qui ne veut pas quitter sa terre et sa maison. Tous \u00e9voquent la fum\u00e9e blanche qui, soudain, sature l\u2019air, et l\u2019odeur d\u2019ail qui prend \u00e0 la gorge. <em>\u00ab\u00a0On ne voyait pas plus loin que mon doigt. Isra\u00ebl a tir\u00e9 des centaines de bombes au phosphore. C\u2019est un crime international\u00a0\u00bb<\/em>, accuse Amr Abou Sari, d\u00e9plac\u00e9 avec sa femme et ses cinq enfants, en pla\u00e7ant son doigt devant ses yeux. Cette substance chimique peut incendier des maisons et causer de graves br\u00fblures de contact. <em>\u00ab\u00a0Pr\u00e8s de 75\u00a0% de Dhayra est d\u00e9truit, comme les champs d\u2019oliviers. On a d\u00fb laisser les animaux seuls, on ne sait pas dans quel \u00e9tat ils sont\u00a0\u00bb<\/em>, poursuit l\u2019\u00e9leveur de vaches et de moutons de 58\u00a0ans.<\/p>\n<section class=\"inread inread--NL js-services-inread\">\n<div class=\"inread__cta\"><\/div>\n<\/section>\n<p class=\"article__paragraph article__paragraph--lf\">Seule la petite localit\u00e9 chr\u00e9tienne de Rmeich, \u00e0 5 kilom\u00e8tres \u00e0 l\u2019est d\u2019A\u00efta Al-Chaab, conserve encore un semblant de normalit\u00e9. Des enfants jouent m\u00eame dans les rues, \u00e0 d\u00e9faut de pouvoir aller \u00e0 l\u2019\u00e9cole, ferm\u00e9e depuis quinze jours. Sur les 10\u00a0000\u00a0habitants qui vivent l\u00e0 \u00e0 l\u2019ann\u00e9e, 2\u00a0000 sont rest\u00e9s. D\u00e9j\u00e0 en\u00a02006, ce village maronite avait \u00e9t\u00e9 l\u2019un des rares lieux \u00e9pargn\u00e9s par les combats au Liban sud. <em>\u00ab\u00a0Le Hezbollah ne menait pas d\u2019attaques de Rmeich, car les familles chiites des alentours \u00e9taient r\u00e9fugi\u00e9es ici\u00a0\u00bb<\/em>, explique le p\u00e8re Jaouhar Tannous, responsable de l\u2019\u00e9glise de la Transfiguration.<\/p>\n<p class=\"article__paragraph article__paragraph--lf\">Cette fois, les familles chiites sont parties, et les bombardements pleuvent en lisi\u00e8re de la ville. Dans la nuit de vendredi \u00e0 samedi, les explosions ont retenti pendant des heures. Des h\u00e9licopt\u00e8res Apache ont \u00e9t\u00e9 vus dans le ciel. <em>\u00ab\u00a0On n\u2019a pas dormi de la nuit, on est rest\u00e9s terr\u00e9s de peur dans les maisons\u00a0\u00bb<\/em>, dit Emile Habdouche, un cultivateur de tabac. Avec deux de ses petits-enfants, il profite du calme revenu au matin pour transf\u00e9rer des ballots de tabac s\u00e9ch\u00e9 dans un local. <em>\u00ab\u00a0C\u2019est le travail de toute une ann\u00e9e qu\u2019on va essayer de vendre. En\u00a02006, on avait de l\u2019argent pour partir ailleurs. Aujourd\u2019hui, on n\u2019a plus rien\u00a0\u00bb<\/em>, ajoute-t-il.<\/p>\n<figure class=\"article__media article__media--default \"><img loading=\"lazy\" class=\"loaded\" srcset=\" https:\/\/img.lemde.fr\/2023\/10\/23\/0\/0\/8192\/5464\/630\/0\/75\/0\/697a024_1698019211249-lbn-lemonde-diegoibarrasanchez-018.jpg 1x, https:\/\/img.lemde.fr\/2023\/10\/23\/0\/0\/8192\/5464\/1260\/0\/45\/0\/697a024_1698019211249-lbn-lemonde-diegoibarrasanchez-018.jpg 2x\" alt=\"Le cultivateur de tabac Emile Habdouche, dans son entrep\u00f4t \u00e0 Rmeich (Liban), le 21\u00a0octobre 2023.\" width=\"664\" height=\"443\" data-srcset=\" https:\/\/img.lemde.fr\/2023\/10\/23\/0\/0\/8192\/5464\/630\/0\/75\/0\/697a024_1698019211249-lbn-lemonde-diegoibarrasanchez-018.jpg 1x, https:\/\/img.lemde.fr\/2023\/10\/23\/0\/0\/8192\/5464\/1260\/0\/45\/0\/697a024_1698019211249-lbn-lemonde-diegoibarrasanchez-018.jpg 2x\" data-was-processed=\"true\" \/><noscript><img decoding=\"async\" src=\"https:\/\/img.lemde.fr\/2023\/10\/23\/0\/0\/8192\/5464\/630\/0\/75\/0\/697a024_1698019211249-lbn-lemonde-diegoibarrasanchez-018.jpg\" alt=\"Le cultivateur de tabac Emile Habdouche, dans son entrep\u00f4t \u00e0 Rmeich (Liban), le 21\u00a0octobre 2023.\"><\/noscript><figcaption class=\"article__legend\" aria-hidden=\"true\">Le cultivateur de tabac Emile Habdouche, dans son entrep\u00f4t \u00e0 Rmeich (Liban), le 21 octobre 2023.&nbsp;<\/p>\n<\/figcaption><\/figure>\n<figure class=\"article__media article__media--default \"><img loading=\"lazy\" class=\"loaded\" srcset=\" https:\/\/img.lemde.fr\/2023\/10\/23\/0\/0\/8192\/5464\/630\/0\/75\/0\/2360498_1698019207679-lbn-lemonde-diegoibarrasanchez-016.jpg 1x, https:\/\/img.lemde.fr\/2023\/10\/23\/0\/0\/8192\/5464\/1260\/0\/45\/0\/2360498_1698019207679-lbn-lemonde-diegoibarrasanchez-016.jpg 2x\" alt=\"Le p\u00e8re Jawhar Tannous, responsable de l\u2019\u00e9glise de la Transfiguration, \u00e0 Rmeich (Liban), le 21\u00a0octobre 2023.\" width=\"664\" height=\"443\" data-srcset=\" https:\/\/img.lemde.fr\/2023\/10\/23\/0\/0\/8192\/5464\/630\/0\/75\/0\/2360498_1698019207679-lbn-lemonde-diegoibarrasanchez-016.jpg 1x, https:\/\/img.lemde.fr\/2023\/10\/23\/0\/0\/8192\/5464\/1260\/0\/45\/0\/2360498_1698019207679-lbn-lemonde-diegoibarrasanchez-016.jpg 2x\" data-was-processed=\"true\" \/><noscript><img decoding=\"async\" src=\"https:\/\/img.lemde.fr\/2023\/10\/23\/0\/0\/8192\/5464\/630\/0\/75\/0\/2360498_1698019207679-lbn-lemonde-diegoibarrasanchez-016.jpg\" alt=\"Le p\u00e8re Jawhar Tannous, responsable de l\u2019\u00e9glise de la Transfiguration, \u00e0 Rmeich (Liban), le 21\u00a0octobre 2023.\"><\/noscript><figcaption class=\"article__legend\" aria-hidden=\"true\">Le p\u00e8re Jawhar Tannous, responsable de l\u2019\u00e9glise de la Transfiguration, \u00e0 Rmeich (Liban), le 21 octobre 2023.<\/figcaption><\/figure>\n<p class=\"article__paragraph article__paragraph--lf\"><em>\u00ab\u00a0Les gens ont besoin d\u2019aide, de m\u00e9dicaments, de riz et de farine\u00a0\u00bb<\/em>, interpelle le p\u00e8re Tannous. Lamin\u00e9e par la crise, la municipalit\u00e9 a seulement mis sur pied un h\u00f4pital de campagne pour les urgences, en cas d\u2019intensification des combats. Les combattants du Hezbollah ne sont pas loin. Il y a quelques mois, des paysans avaient eu des d\u00e9m\u00eal\u00e9s avec eux, lorsqu\u2019ils avaient install\u00e9 des postes d\u2019observation dans leurs champs. <em>\u00ab\u00a0Certains habitants font les vigies la nuit, sans armes. Des Palestiniens, des Syriens et des combattants du Hezbollah pourraient venir\u00a0\u00bb<\/em>, poursuit le religieux, d\u00e9plorant l\u2019attentisme du gouvernement.<\/p>\n<h2 class=\"article__sub-title\">Impuissance de l\u2019Etat<\/h2>\n<p class=\"article__paragraph article__paragraph--lf\">Les appels \u00e0 la d\u00e9sescalade du premier ministre libanais, Najib Mikati, restent lettre morte. Dans le t\u00eate-\u00e0-t\u00eate belliqueux entre le Hezbollah et Isra\u00ebl, l\u2019Etat libanais r\u00e9v\u00e8le l\u2019\u00e9tendue de son impuissance. Tout comme l\u2019arm\u00e9e libanaise, d\u00e9pourvue d\u2019autorit\u00e9 au Liban sud, sous contr\u00f4le du Hezbollah, la Force int\u00e9rimaire des Nations unies au Liban (Finul) en est r\u00e9duite \u00e0 appeler les deux parties \u00e0 la raison, sans pouvoir intervenir. Ses 10\u00a0000\u00a0hommes, d\u00e9ploy\u00e9s dans une cinquantaine de bases le long de la ligne bleue, patrouillent quand la situation s\u00e9curitaire le permet.<\/p>\n<section class=\"catcher catcher--favoris\">\n<div class=\"meta__icon meta__icon--favorite lmd-dropdown-favorite\" data-position=\"lire aussi\" data-url=\"https:\/\/www.lemonde.fr\/international\/article\/2023\/10\/08\/gaza-israel-les-capitales-occidentales-serrent-les-rangs-avec-l-etat-hebreu-les-pays-arabes-appellent-a-la-desescalade_6193040_3210.html\" data-loaded=\"loaded\"><\/div>\n<\/section>\n<p class=\"article__paragraph article__paragraph--lf\"><em>\u00ab\u00a0Notre priorit\u00e9 est le dialogue que l\u2019on m\u00e8ne entre l\u2019arm\u00e9e libanaise et l\u2019arm\u00e9e isra\u00e9lienne pour la d\u00e9sescalade. Il y a une partie absente de ce dialogue, certes. Mais que se passerait-il si nous n\u2019\u00e9tions pas l\u00e0\u00a0?\u00a0\u00bb<\/em>, interroge Andrea Tenenti, le porte-parole de la Finul, depuis le si\u00e8ge de Naqoura. Les officiers constatent que, d\u2019un c\u00f4t\u00e9 comme de l\u2019autre, <em>\u00ab\u00a0il n\u2019y a pas d\u2019app\u00e9tit pour une guerre\u00a0\u00bb<\/em>. <em>\u00ab\u00a0Le probl\u00e8me est qu\u2019un mauvais calcul est vite arriv\u00e9 et peut changer les r\u00e8gles du jeu\u00a0\u00bb<\/em>, poursuit M. Tenenti, invoquant le pr\u00e9c\u00e9dent de la guerre de 2006, que personne ne voulait, Hezbollah compris.<\/p>\n<p class=\"article__paragraph article__paragraph--lf\">Les images des familles d\u00e9cim\u00e9es dans la bande de Gaza alimentent la haine d\u2019Isra\u00ebl et de l\u2019Am\u00e9rique. Chaque \u00ab\u00a0martyr\u00a0\u00bb du Hezbollah appelle une vengeance. Les fun\u00e9railles sont un moment de communion. A Kounine, mercredi, un bastion du parti chiite, \u00e0 10 kilom\u00e8tres de la fronti\u00e8re, des centaines d\u2019hommes et de femmes, drap\u00e9es dans leurs abayas noires, \u00e9taient r\u00e9unis sous les drapeaux jaunes du Hezbollah et les portraits de son chef, Hassan Nasrallah. Aux c\u00f4t\u00e9s des cheikhs enturbann\u00e9s, des fr\u00e8res d\u2019armes du \u00ab\u00a0martyr\u00a0\u00bb Ibrahim Al-Debek se sont joints \u00e0 la foule, certains en treillis kaki et b\u00e9ret rouge, d\u2019autres en noir.<\/p>\n<section class=\"catcher catcher--favoris\">\n<div class=\"meta__icon meta__icon--favorite lmd-dropdown-favorite\" data-position=\"lire aussi\" data-url=\"https:\/\/www.lemonde.fr\/international\/article\/2023\/10\/10\/echanges-de-tirs-a-la-frontiere-entre-le-liban-et-israel_6193512_3210.html\" data-loaded=\"loaded\"><\/div>\n<\/section>\n<p class=\"article__paragraph article__paragraph--lf\">Des salves de tirs automatiques ont ponctu\u00e9 les chants militaires, repris par la foule en \u00e9cho au chantre, une main claquant le torse. <em>\u00ab\u00a0Oh, vous soldats victorieux, vous \u00eates le Hezbollah. F\u00e9licitations, vous avez gagn\u00e9 les jardins de Dieu\u00a0\u00bb<\/em>, chante la foule. Elle encense le <em>sayyed<\/em> Nasrallah et promet l\u2019enfer \u00e0 Isra\u00ebl et \u00e0 l\u2019Am\u00e9rique. Les yeux sont rougis par les larmes. <em>\u00ab\u00a0Il \u00e9tait si gentil, mais c\u2019est une fiert\u00e9 pour nous qu\u2019il soit mort en martyr\u00a0\u00bb<\/em>, dit, en fran\u00e7ais, Hadi, un adolescent fluet de 14\u00a0ans, parent du d\u00e9funt. Son grand-p\u00e8re a \u00e9t\u00e9 d\u00e9tenu \u00e0 la prison de Khiam par les Isra\u00e9liens durant l\u2019occupation du Liban sud (1978-2000).<\/p>\n<figure class=\"article__media article__media--default \"><img loading=\"lazy\" class=\"loaded\" srcset=\" https:\/\/img.lemde.fr\/2023\/10\/22\/0\/0\/8192\/5464\/630\/0\/75\/0\/43f43f2_1698018791016-lbn-lemonde-diegoibarrasanchez-005.jpg 1x, https:\/\/img.lemde.fr\/2023\/10\/22\/0\/0\/8192\/5464\/1260\/0\/45\/0\/43f43f2_1698018791016-lbn-lemonde-diegoibarrasanchez-005.jpg 2x\" alt=\"Des manifestants portent le cercueil d\u2019Ibrahim Al-Debek, un combattant du Hezbollah tu\u00e9 lors d\u2019affrontements avec les forces isra\u00e9liennes dans le sud du Liban, \u00e0 Kounine (Liban), le 18\u00a0octobre 2023.\" width=\"664\" height=\"443\" data-srcset=\" https:\/\/img.lemde.fr\/2023\/10\/22\/0\/0\/8192\/5464\/630\/0\/75\/0\/43f43f2_1698018791016-lbn-lemonde-diegoibarrasanchez-005.jpg 1x, https:\/\/img.lemde.fr\/2023\/10\/22\/0\/0\/8192\/5464\/1260\/0\/45\/0\/43f43f2_1698018791016-lbn-lemonde-diegoibarrasanchez-005.jpg 2x\" data-was-processed=\"true\" \/><noscript><img decoding=\"async\" src=\"https:\/\/img.lemde.fr\/2023\/10\/22\/0\/0\/8192\/5464\/630\/0\/75\/0\/43f43f2_1698018791016-lbn-lemonde-diegoibarrasanchez-005.jpg\" alt=\"Des manifestants portent le cercueil d\u2019Ibrahim Al-Debek, un combattant du Hezbollah tu\u00e9 lors d\u2019affrontements avec les forces isra\u00e9liennes dans le sud du Liban, \u00e0 Kounine (Liban), le 18\u00a0octobre 2023.\"><\/noscript><figcaption class=\"article__legend\" aria-hidden=\"true\">Des manifestants portent le cercueil d\u2019Ibrahim Al-Debek, un combattant du Hezbollah tu\u00e9 lors d\u2019affrontements avec les forces isra\u00e9liennes dans le sud du Liban, \u00e0 Kounine (Liban), le 18 octobre 2023.\u00a0<\/figcaption><\/figure>\n<p class=\"article__paragraph article__paragraph--lf\"><em>\u00ab\u00a0Isra\u00ebl, c\u2019est l\u2019ennemi, il faut l\u2019\u00e9radiquer m\u00eame si le prix \u00e0 payer est \u00e9lev\u00e9. Tout le village est mobilis\u00e9 comme un seul homme contre ce cancer. On doit lib\u00e9rer la Palestine\u00a0\u00bb<\/em>, dit son p\u00e8re. Les femmes r\u00e9clament aussi vengeance.<em> \u00ab\u00a0Si le parti me laisse aller en Isra\u00ebl, je suis pr\u00eate \u00e0 commettre un attentat-suicide pour la Palestine, pour notre dignit\u00e9. Nos enfants prendront la rel\u00e8ve, ils ont \u00e9t\u00e9 abreuv\u00e9s \u00e0 la r\u00e9sistance avec le lait de leur m\u00e8re. A ton service, Nasrallah\u00a0!\u00a0\u00bb<\/em>, dit l\u2019une d\u2019elles. Partisans et partisanes du Hezbollah attendent que leur chef sorte du silence qu\u2019il observe depuis le 7\u00a0octobre pour sonner l\u2019heure de la guerre ou de la d\u00e9sescalade.<\/p>\n<\/section>\n<footer class=\"footer-longform\">\n<section class=\"author\">\n<p class=\"author__detail\"><span class=\"author__name\">H\u00e9l\u00e8ne Sallon<\/span> <span class=\"author__desc\">Naqoura, Tyr, A\u00efta Al-Chaab, Rmeich, Kounine (Liban), envoy\u00e9e sp\u00e9ciale<\/span><\/p>\n<\/section>\n<\/footer>\n<\/article>\n<section id=\"js-capping\" class=\"capping\" data-full=\"0\" data-mini=\"0\">\n<section id=\"js-capping-wrapper\" class=\"capping__wrapper\">\n<section id=\"js-capping-header\" class=\"capping__header\"><\/section>\n<section id=\"js-capping-content\" class=\"capping__content\"><\/section>\n<section id=\"js-capping-bottom\" class=\"capping__bottom\">\n<ul id=\"js-capping-faq\" class=\"capping__faq\"><\/ul>\n<\/section>\n<\/section>\n<\/section>\n<p>&nbsp;<\/p>\n<section class=\"paywall js-paywall paywall--longform paywall--abo\">\n<section class=\"paywall__container \">\n<section class=\"article__reactions\">\n<section id=\"js-paywall-comments\" class=\"paywall__comments\">\n<section class=\"paywall__comments-btn\">\n<section class=\"paywall__comments-subscribe\"><a href=\"https:\/\/www.lemonde.fr\/international\/article\/2023\/10\/23\/au-sud-liban-le-sentiment-d-abandon-des-habitants-face-a-l-intensification-des-combats-entre-le-hezbollah-et-israel_6196064_3210.html\"><strong>LE MONDE<\/strong><\/a><\/section>\n<\/section>\n<section class=\"paywall__comments-close\"><\/section>\n<\/section>\n<\/section>\n<\/section>\n<\/section>\n","protected":false},"excerpt":{"rendered":"<p>&nbsp; Reportage.\u00a0 \u00a0 \u00a0 \u00a0 \u00a0 Les attaques du Hezbollah et ses incursions en Isra\u00ebl gagnent en intensit\u00e9 de jour en jour, d\u00e9clenchant des repr\u00e9sailles de plus en plus fortes de l\u2019arm\u00e9e isra\u00e9lienne. Malgr\u00e9 le risque d\u2019escalade, l\u2019Etat libanais affiche son impuissance. ` Le chant du muezzin enveloppe la vall\u00e9e d\u2019A\u00efta Al-Chaab. Alors que la<\/p>\n","protected":false},"author":626,"featured_media":114347,"comment_status":"open","ping_status":"open","sticky":false,"template":"","format":"standard","meta":{"_uf_show_specific_survey":0,"_uf_disable_surveys":false,"footnotes":""},"categories":[37],"tags":[],"class_list":{"0":"post-114345","1":"post","2":"type-post","3":"status-publish","4":"format-standard","5":"has-post-thumbnail","7":"category-alaune-fr"},"aioseo_notices":[],"_links":{"self":[{"href":"https:\/\/middleeasttransparent.com\/fr\/wp-json\/wp\/v2\/posts\/114345","targetHints":{"allow":["GET"]}}],"collection":[{"href":"https:\/\/middleeasttransparent.com\/fr\/wp-json\/wp\/v2\/posts"}],"about":[{"href":"https:\/\/middleeasttransparent.com\/fr\/wp-json\/wp\/v2\/types\/post"}],"author":[{"embeddable":true,"href":"https:\/\/middleeasttransparent.com\/fr\/wp-json\/wp\/v2\/users\/626"}],"replies":[{"embeddable":true,"href":"https:\/\/middleeasttransparent.com\/fr\/wp-json\/wp\/v2\/comments?post=114345"}],"version-history":[{"count":0,"href":"https:\/\/middleeasttransparent.com\/fr\/wp-json\/wp\/v2\/posts\/114345\/revisions"}],"wp:featuredmedia":[{"embeddable":true,"href":"https:\/\/middleeasttransparent.com\/fr\/wp-json\/wp\/v2\/media\/114347"}],"wp:attachment":[{"href":"https:\/\/middleeasttransparent.com\/fr\/wp-json\/wp\/v2\/media?parent=114345"}],"wp:term":[{"taxonomy":"category","embeddable":true,"href":"https:\/\/middleeasttransparent.com\/fr\/wp-json\/wp\/v2\/categories?post=114345"},{"taxonomy":"post_tag","embeddable":true,"href":"https:\/\/middleeasttransparent.com\/fr\/wp-json\/wp\/v2\/tags?post=114345"}],"curies":[{"name":"wp","href":"https:\/\/api.w.org\/{rel}","templated":true}]}}