{"id":113921,"date":"2023-10-19T19:35:18","date_gmt":"2023-10-19T18:35:18","guid":{"rendered":"https:\/\/middleeasttransparent.com\/?p=113921"},"modified":"2023-10-19T19:35:18","modified_gmt":"2023-10-19T18:35:18","slug":"explosion-a-lhopital-al-ahli-a-gaza-ce-que-montre-lanalyse-detaillee-des-images","status":"publish","type":"post","link":"https:\/\/middleeasttransparent.com\/fr\/explosion-a-lhopital-al-ahli-a-gaza-ce-que-montre-lanalyse-detaillee-des-images\/","title":{"rendered":"Explosion \u00e0 l\u2019h\u00f4pital Al-Ahli \u00e0 Gaza : ce que montre l\u2019analyse d\u00e9taill\u00e9e des images"},"content":{"rendered":"<section class=\"article__heading\">\n<div class=\"article__header-wrap\">\n<p><strong style=\"color: #19232d; font-size: 21px;\"><span class=\"article__kicker\">Enqu\u00eate vid\u00e9o\u00a0 \u00a0 <\/span>Deux jours apr\u00e8s les faits, Hamas et arm\u00e9e isra\u00e9lienne continuent de se renvoyer la responsabilit\u00e9 du drame. Les images authentifi\u00e9es et analys\u00e9es par \u00ab\u00a0Le Monde\u00a0\u00bb permettent de mieux comprendre ce qu\u2019il s\u2019est pass\u00e9.<\/strong><\/p>\n<p>&nbsp;<\/p>\n<\/div>\n<\/section>\n<section class=\"article__content\"><strong><span style=\"color: #0000ff;\"><span style=\"font-size: 14px;\">Par <\/span><a class=\"article__author-link\" style=\"font-size: 14px; color: #0000ff;\" href=\"\/signataires\/liselotte-mas\/\"> Liselotte Mas <\/a><span style=\"font-size: 14px;\">,<\/span><a class=\"article__author-link\" style=\"font-size: 14px; color: #0000ff;\" href=\"\/signataires\/thomas-eydoux\/\"> Thomas Eydoux <\/a><span style=\"font-size: 14px;\">,<\/span><a class=\"article__author-link\" style=\"font-size: 14px; color: #0000ff;\" href=\"\/signataires\/cellule-d-enquete-video-du-monde\/\"> Cellule Enqu\u00eate vid\u00e9o <\/a><span style=\"font-size: 14px;\">,<\/span><a class=\"article__author-link\" style=\"font-size: 14px; color: #0000ff;\" href=\"\/signataires\/elisa-bellanger\/\"> Elisa Bellanger <\/a><span class=\"author__desc author__desc--header\" style=\"font-size: 14px;\">\u00a0(Motion design)<\/span><span style=\"font-size: 14px;\">\u00a0et<\/span><a class=\"article__author-link\" style=\"font-size: 14px; color: #0000ff;\" href=\"\/signataires\/marceau-bretonnier\/\"> Marceau Bretonnier <\/a><span class=\"author__desc author__desc--header\" style=\"font-size: 14px;\">\u00a0(Motion design)<\/span><\/span><\/strong><\/p>\n<section class=\"article__heading\">\n<div class=\"article__header-wrap\">\n<p>&nbsp;<\/p>\n<\/div>\n<\/section>\n<p class=\"article__paragraph article__paragraph--lf\">Mardi 17\u00a0octobre \u00e0 Gaza, comme tous les jours depuis le d\u00e9but de la guerre entre\u00a0le Hamas et\u00a0Isra\u00ebl, la cha\u00eene de t\u00e9l\u00e9vision Al-Jazira filme les toits de Gaza en direct. A l\u2019\u00e9cran, le bandeau indique qu\u2019il est 18\u00a0h\u00a059, lorsqu\u2019une lueur s\u2019\u00e9l\u00e8ve dans le ciel, puis dispara\u00eet dans un flash. Huit secondes plus tard, un nouveau flash est visible, au sol cette fois-ci\u00a0: une explosion retentit \u00e0 l\u2019h\u00f4pital Al-Ahli, \u00e0 Gaza.<\/p>\n<\/section>\n<section class=\"article__content\">\n<div class=\"multimedia-embed snippet article__media--large article__media--default\">\n<div class=\"lmv-component lmv-video\" data-lmv-id=\"nwao3276\">\n<div class=\"lmv-video__video-slot\">\n<div class=\"lmv-video__sensitive-content-overlay\">\n<div style=\"width: 768px;\" class=\"wp-video\"><video class=\"wp-video-shortcode\" id=\"video-113921-1\" width=\"768\" height=\"432\" preload=\"metadata\" controls=\"controls\"><source type=\"video\/mp4\" src=\"https:\/\/middleeasttransparent.com\/wp-content\/uploads\/2023\/10\/VISUEL_6_HOPITAL_V2.mp4?_=1\" \/><a href=\"https:\/\/middleeasttransparent.com\/wp-content\/uploads\/2023\/10\/VISUEL_6_HOPITAL_V2.mp4\">https:\/\/middleeasttransparent.com\/wp-content\/uploads\/2023\/10\/VISUEL_6_HOPITAL_V2.mp4<\/a><\/video><\/div>\n<\/div>\n<\/div>\n<\/div>\n<\/div>\n<p class=\"article__paragraph article__paragraph--lf\">Rapidement, le Hamas accuse l\u2019arm\u00e9e isra\u00e9lienne d\u2019avoir bombard\u00e9 l\u2019h\u00f4pital. Selon les autorit\u00e9s gazaouies, 471\u00a0personnes auraient perdu la vie dans l\u2019explosion. <em>\u00ab\u00a0Ce ne sont pas des frappes isra\u00e9liennes qui ont touch\u00e9 l\u2019h\u00f4pital\u00a0\u00bb<\/em>, d\u00e9ment Daniel Hagari, le porte-parole de Tsahal. Isra\u00ebl accuse au contraire une roquette palestinienne <strong>et remet en question le nombre de victimes, bien plus faible selon eux<\/strong>.<\/p>\n<p>&nbsp;<\/p>\n<div id=\"inread_top\" class=\"dfp-slot dfp__slot dfp__inread dfp-unloaded\" data-format=\"inread_top\" aria-hidden=\"true\"><\/div>\n<p class=\"article__paragraph article__paragraph--lf\"><strong><em>Le Monde<\/em> a authentifi\u00e9 et analys\u00e9 une dizaine de photos et vid\u00e9os du drame. Si ces images ne permettent pas de s\u2019assurer de l\u2019origine de l\u2019explosion, elles apportent de nombreux \u00e9l\u00e9ments de contexte\u00a0: comme la trajectoire probable du projectile, la pr\u00e9sence de roquettes tir\u00e9es de Gaza dans les instants qui pr\u00e9c\u00e8dent l\u2019explosion et les caract\u00e9ristiques des d\u00e9g\u00e2ts.<\/strong><\/p>\n<p>&nbsp;<\/p>\n<h2 class=\"article__sub-title\"><strong>Le projectile suit une trajectoire allant du sud vers le nord<\/strong><\/h2>\n<p class=\"article__paragraph article__paragraph--lf\">Situ\u00e9e \u00e0 1,4\u00a0kilom\u00e8tre au nord-ouest de l\u2019h\u00f4pital, en plein c\u0153ur de Gaza, la cam\u00e9ra d\u2019Al-Jazira capte tout ce qui se passe \u00e0 l\u2019est de la ville. <a title=\"Nouvelle fen\u00eatre\" href=\"https:\/\/twitter.com\/yousuf_tw\/status\/1714367757968384106\" target=\"_blank\" rel=\"noopener\">Sur les images<\/a>, on voit un projectile avancer de la droite vers la gauche de l\u2019\u00e9cran. Il monte en cloche, puis explose dans le ciel. Les images ne permettent pas de suivre, ensuite, de trajectoires de d\u00e9bris potentiels vers le sol.<\/p>\n<figure class=\"article__media article__media--default \"><img fetchpriority=\"high\" class=\"loaded\" srcset=\" https:\/\/img.lemde.fr\/2023\/10\/19\/0\/0\/3702\/2000\/630\/0\/75\/0\/f7fe99b_1697724683865-visuel-2.png 1x, https:\/\/img.lemde.fr\/2023\/10\/19\/0\/0\/3702\/2000\/1260\/0\/45\/0\/f7fe99b_1697724683865-visuel-2.png 2x\" alt=\"Sur les images, on voit un projectile avancer de la droite vers la gauche de l\u2019\u00e9cran. Il monte en cloche, puis explose dans le ciel. \" width=\"664\" height=\"443\" data-srcset=\" https:\/\/img.lemde.fr\/2023\/10\/19\/0\/0\/3702\/2000\/630\/0\/75\/0\/f7fe99b_1697724683865-visuel-2.png 1x, https:\/\/img.lemde.fr\/2023\/10\/19\/0\/0\/3702\/2000\/1260\/0\/45\/0\/f7fe99b_1697724683865-visuel-2.png 2x\" data-was-processed=\"true\" \/><noscript><img decoding=\"async\" src=\"https:\/\/img.lemde.fr\/2023\/10\/19\/0\/0\/3702\/2000\/630\/0\/75\/0\/f7fe99b_1697724683865-visuel-2.png\" alt=\"Sur les images, on voit un projectile avancer de la droite vers la gauche de l\u2019\u00e9cran. Il monte en cloche, puis explose dans le ciel. \"><\/noscript><figcaption class=\"article__legend\" aria-hidden=\"true\">Sur les images, on voit un projectile avancer de la droite vers la gauche de l\u2019\u00e9cran. Il monte en cloche, puis explose dans le ciel.<\/figcaption><\/figure>\n<p class=\"article__paragraph article__paragraph--lf\">La cam\u00e9ra d\u00e9zoome et fait un mouvement vers le bas. Cinq secondes apr\u00e8s la premi\u00e8re explosion, une autre survient au sol. Puis trois secondes plus tard, une troisi\u00e8me, bien plus importante. Nous avons pu confirmer que cette derni\u00e8re se produit dans l\u2019enceinte de l\u2019h\u00f4pital Al-Ahli, reconnaissable \u00e0 plusieurs b\u00e2timents. La cha\u00eene de t\u00e9l\u00e9vision pr\u00e9cise qu\u2019il est alors 18\u00a0h\u00a059, heure locale.<\/p>\n<figure class=\"article__media article__media--default \"><img class=\"loaded\" srcset=\" https:\/\/img.lemde.fr\/2023\/10\/19\/0\/0\/3700\/2066\/630\/0\/75\/0\/442ba4c_1697724697060-visuel-3.png 1x, https:\/\/img.lemde.fr\/2023\/10\/19\/0\/0\/3700\/2066\/1260\/0\/45\/0\/442ba4c_1697724697060-visuel-3.png 2x\" alt=\"\u00ab\u00a0Le Monde\u00a0\u00bb a pu confirmer que cette explosion se produit dans l\u2019enceinte de l\u2019h\u00f4pital Al-Ahli, reconnaissable \u00e0 plusieurs b\u00e2timents.\" width=\"664\" height=\"443\" data-srcset=\" https:\/\/img.lemde.fr\/2023\/10\/19\/0\/0\/3700\/2066\/630\/0\/75\/0\/442ba4c_1697724697060-visuel-3.png 1x, https:\/\/img.lemde.fr\/2023\/10\/19\/0\/0\/3700\/2066\/1260\/0\/45\/0\/442ba4c_1697724697060-visuel-3.png 2x\" data-was-processed=\"true\" \/><noscript><img decoding=\"async\" src=\"https:\/\/img.lemde.fr\/2023\/10\/19\/0\/0\/3700\/2066\/630\/0\/75\/0\/442ba4c_1697724697060-visuel-3.png\" alt=\"\u00ab\u00a0Le Monde\u00a0\u00bb a pu confirmer que cette explosion se produit dans l\u2019enceinte de l\u2019h\u00f4pital Al-Ahli, reconnaissable \u00e0 plusieurs b\u00e2timents.\"><\/noscript><figcaption class=\"article__legend\" aria-hidden=\"true\">\u00ab\u00a0Le Monde\u00a0\u00bb a pu confirmer que cette explosion se produit dans l\u2019enceinte de l\u2019h\u00f4pital Al-Ahli, reconnaissable \u00e0 plusieurs b\u00e2timents.<\/figcaption><\/figure>\n<h2><\/h2>\n<h2><\/h2>\n<h2 class=\"article__sub-title\"><strong>D\u2019autres images montrent une salve de roquettes avant l\u2019explosion<\/strong><\/h2>\n<div class=\"multimedia-embed snippet article__media--large article__media--default\">\n<p>&nbsp;<\/p>\n<div class=\"lmv-component lmv-video\" data-lmv-id=\"is84ecl3\">\n<div class=\"lmv-video__video-slot\">\n<div style=\"width: 640px;\" class=\"wp-video\"><video class=\"wp-video-shortcode\" id=\"video-113921-2\" width=\"640\" height=\"360\" preload=\"metadata\" controls=\"controls\"><source type=\"video\/mp4\" src=\"https:\/\/assets-decodeurs.lemonde.fr\/redacweb\/VISUEL%205%20HOPITAL%20V2\/VISUEL_5_HOPITAL_V2.mp4?_=2\" \/><a href=\"https:\/\/assets-decodeurs.lemonde.fr\/redacweb\/VISUEL%205%20HOPITAL%20V2\/VISUEL_5_HOPITAL_V2.mp4\">https:\/\/assets-decodeurs.lemonde.fr\/redacweb\/VISUEL%205%20HOPITAL%20V2\/VISUEL_5_HOPITAL_V2.mp4<\/a><\/video><\/div><div class=\"lmv-video__text-overlay\"><\/div>\n<div class=\"lmv-video__sensitive-content-overlay\">\n<p>&nbsp;<\/p>\n<\/div>\n<\/div>\n<\/div>\n<\/div>\n<p class=\"article__paragraph article__paragraph--lf\">La cha\u00eene isra\u00e9lienne N12 affirme \u00e9galement avoir obtenu des images du moment o\u00f9 l\u2019h\u00f4pital est touch\u00e9 par une explosion, prises par une cam\u00e9ra de surveillance \u00e0 Netivot, en Isra\u00ebl, \u00e0 10\u00a0km de la fronti\u00e8re. <em>Le Monde<\/em> a pu d\u00e9terminer pr\u00e9cis\u00e9ment la position de la cam\u00e9ra, \u00e0 l\u2019extr\u00e9mit\u00e9 nord-est de la ville. De l\u00e0, elle enregistre tout ce qu\u2019il se passe c\u00f4t\u00e9 Gaza, \u00e0 l\u2019ouest.<\/p>\n<section class=\"inread inread--NL js-services-inread\">\n<div class=\"inread__cta\"><\/div>\n<\/section>\n<p class=\"article__paragraph article__paragraph--lf\">On voit une s\u00e9rie de lueurs qui s\u2019\u00e9l\u00e8vent dans le ciel, en r\u00e9alit\u00e9 une salve de projectiles, et se dirigent vers la droite de l\u2019\u00e9cran. L\u2019une d\u2019entre elles plonge subitement vers le sol. L\u2019heure indique 18\u00a0h\u00a059 et 20 secondes, comme celle d\u2019Al-Jazira. En croisant les champs des deux cam\u00e9ras, il est possible d\u2019affirmer qu\u2019ils suivent une trajectoire allant du sud vers le nord.<\/p>\n<figure class=\"article__media article__media--default \"><img class=\"loaded\" srcset=\" https:\/\/img.lemde.fr\/2023\/10\/19\/0\/0\/1920\/1080\/630\/0\/75\/0\/24fc3d5_1697724100136-visuel4-carto-situ.jpg 1x, https:\/\/img.lemde.fr\/2023\/10\/19\/0\/0\/1920\/1080\/1260\/0\/45\/0\/24fc3d5_1697724100136-visuel4-carto-situ.jpg 2x\" alt=\"Trois vid\u00e9os authentifi\u00e9es et analys\u00e9es par \u00ab\u00a0Le Monde\u00a0\u00bb permettent de documenter l\u2019explosion de 17\u00a0octobre \u00e0 l\u2019h\u00f4pital Al-Ahli.\" width=\"664\" height=\"443\" data-srcset=\" https:\/\/img.lemde.fr\/2023\/10\/19\/0\/0\/1920\/1080\/630\/0\/75\/0\/24fc3d5_1697724100136-visuel4-carto-situ.jpg 1x, https:\/\/img.lemde.fr\/2023\/10\/19\/0\/0\/1920\/1080\/1260\/0\/45\/0\/24fc3d5_1697724100136-visuel4-carto-situ.jpg 2x\" data-was-processed=\"true\" \/><noscript><img decoding=\"async\" src=\"https:\/\/img.lemde.fr\/2023\/10\/19\/0\/0\/1920\/1080\/630\/0\/75\/0\/24fc3d5_1697724100136-visuel4-carto-situ.jpg\" alt=\"Trois vid\u00e9os authentifi\u00e9es et analys\u00e9es par \u00ab\u00a0Le Monde\u00a0\u00bb permettent de documenter l\u2019explosion de 17\u00a0octobre \u00e0 l\u2019h\u00f4pital Al-Ahli.\"><\/noscript><figcaption class=\"article__legend\" aria-hidden=\"true\"><strong><strong>Trois vid\u00e9os authentifi\u00e9es et analys\u00e9es par \u00ab\u00a0Le Monde\u00a0\u00bb permettent de documenter l\u2019explosion de 17\u00a0octobre \u00e0 l\u2019h\u00f4pital Al-Ahli.<\/strong><\/strong>\u00a0<\/figcaption><\/figure>\n<p class=\"article__paragraph article__paragraph--lf\">Une troisi\u00e8me cam\u00e9ra, situ\u00e9e sur la fronti\u00e8re nord de la bande de Gaza, a \u00e9galement film\u00e9 la sc\u00e8ne. Diffus\u00e9e par le journaliste <a title=\"Nouvelle fen\u00eatre\" href=\"https:\/\/twitter.com\/manniefabian\/status\/1714377828131553446\" target=\"_blank\" rel=\"noopener\">Emanuel Fabian sur X<\/a>, elle montre \u00e0 la droite de l\u2019image des projectiles qui s\u2019\u00e9lancent dans le ciel. A la 19<sup>e<\/sup>\u00a0seconde, une explosion au sol est visible \u00e0 l\u2019\u00e9cran, sans qu\u2019on puisse distinctement voir ce qui l\u2019a provoqu\u00e9e.<\/p>\n<div style=\"width: 768px;\" class=\"wp-video\"><video class=\"wp-video-shortcode\" id=\"video-113921-3\" width=\"768\" height=\"432\" preload=\"metadata\" controls=\"controls\"><source type=\"video\/mp4\" src=\"https:\/\/middleeasttransparent.com\/wp-content\/uploads\/2023\/10\/VISUEL_6_HOPITAL_V2.mp4?_=3\" \/><a href=\"https:\/\/middleeasttransparent.com\/wp-content\/uploads\/2023\/10\/VISUEL_6_HOPITAL_V2.mp4\">https:\/\/middleeasttransparent.com\/wp-content\/uploads\/2023\/10\/VISUEL_6_HOPITAL_V2.mp4<\/a><\/video><\/div>\n<div class=\"multimedia-embed snippet\">\n<div class=\"lmv-component lmv-video\" data-lmv-id=\"dkhkb7z6\">\n<div class=\"lmv-video__video-slot\"><\/div>\n<div><\/div>\n<div><\/div>\n<\/div>\n<\/div>\n<p class=\"article__paragraph article__paragraph--lf\"><em>Le Monde <\/em>a pu confirmer que ces images ont \u00e9t\u00e9 prises \u00e0 Netiv Haasara, un village isra\u00e9lien situ\u00e9 au nord de la bande de Gaza. La cam\u00e9ra est situ\u00e9e entre le village et la fronti\u00e8re, \u00e0 un peu moins de 10 kilom\u00e8tres de l\u2019h\u00f4pital Al-Ahli. Le journaliste isra\u00e9lien publie peu de temps apr\u00e8s des \u00e9l\u00e9ments donnant l\u2019heure pr\u00e9cise \u00e0 laquelle l\u2019explosion a \u00e9t\u00e9 enregistr\u00e9e\u00a0: 18\u00a0h\u00a059 et 20\u00a0secondes. Le m\u00eame horaire \u00e0 la seconde pr\u00e8s que celui\u00a0de la vid\u00e9osurveillance de Netivot.<\/p>\n<p class=\"article__paragraph article__paragraph--lf\">La forme du rayonnement lumineux issu de l\u2019explosion et sa dur\u00e9e correspondent aux deux vid\u00e9os pr\u00e9c\u00e9dentes. <strong>Comme elles, cette cam\u00e9ra ne montre pas de traces de bombardement a\u00e9rien, ni ne permet de distinguer de projectile terminer sa course sur l\u2019h\u00f4pital. Les images montrent toutefois que dans la minute qui pr\u00e9c\u00e8de l\u2019explosion, des projectiles sont tir\u00e9s de Gaza en direction d\u2019Isra\u00ebl, vers le nord.<\/strong><\/p>\n<h2 class=\"article__sub-title\"><strong>L\u2019impact dans l\u2019enceinte de l\u2019h\u00f4pital<\/strong><\/h2>\n<div class=\"multimedia-embed snippet\">\n<div style=\"width: 640px;\" class=\"wp-video\"><video class=\"wp-video-shortcode\" id=\"video-113921-4\" width=\"640\" height=\"360\" preload=\"metadata\" controls=\"controls\"><source type=\"video\/mp4\" src=\"https:\/\/assets-decodeurs.lemonde.fr\/redacweb\/VISUEL%20AFP%20HOPITAL%20V2\/VISUEL_AFP_HOPITAL_V2.mp4?_=4\" \/><a href=\"https:\/\/assets-decodeurs.lemonde.fr\/redacweb\/VISUEL%20AFP%20HOPITAL%20V2\/VISUEL_AFP_HOPITAL_V2.mp4\">https:\/\/assets-decodeurs.lemonde.fr\/redacweb\/VISUEL%20AFP%20HOPITAL%20V2\/VISUEL_AFP_HOPITAL_V2.mp4<\/a><\/video><\/div><div class=\"lmv-component lmv-video\" data-lmv-id=\"9rwdat1q\">\n<div class=\"lmv-video__video-slot\">\n<div class=\"lmv-video__text-overlay\">\n<div class=\"lmv-video__title\"><\/div>\n<\/div>\n<div class=\"lmv-video__controls-bottom-bar\">\n<div class=\"lmv-video__timeline\">\n<div class=\"lmv-video__timeline-progress-bar\"><\/div>\n<\/div>\n<\/div>\n<div class=\"lmv-video__sensitive-content-overlay\">\n<div class=\"lmv-video__disclaimer\"><\/div>\n<p><button class=\"lmv-video__discloser\">Voir la vid\u00e9o<\/button><\/p>\n<\/div>\n<\/div>\n<\/div>\n<\/div>\n<p class=\"article__paragraph article__paragraph--lf\">Le lendemain, mercredi 18\u00a0octobre, des photos et <a title=\"Nouvelle fen\u00eatre\" href=\"https:\/\/www.youtube.com\/watch?v=r5-ZgK5V42k\" target=\"_blank\" rel=\"noopener\">vid\u00e9os<\/a> montrent les cons\u00e9quences de l\u2019explosion. Sur le parking de l\u2019h\u00f4pital, plus d\u2019une dizaine de voitures sont calcin\u00e9es, dont quelques-unes presque enti\u00e8rement d\u00e9truites. De nombreux v\u00eatements, sacs et affaires personnelles sont visibles sur une partie de la pelouse. <strong>Surtout, un crat\u00e8re de moins d\u2019un m\u00e8tre de diam\u00e8tre est creus\u00e9 dans le sol.<\/strong><\/p>\n<figure class=\"article__media article__media--default \"><img loading=\"lazy\" class=\"loaded\" srcset=\" https:\/\/img.lemde.fr\/2023\/10\/19\/0\/0\/1700\/884\/630\/0\/75\/0\/8b7024a_1697724475098-visuel-7-bis0.jpg 1x, https:\/\/img.lemde.fr\/2023\/10\/19\/0\/0\/1700\/884\/1260\/0\/45\/0\/8b7024a_1697724475098-visuel-7-bis0.jpg 2x\" alt=\"\" width=\"664\" height=\"443\" data-srcset=\" https:\/\/img.lemde.fr\/2023\/10\/19\/0\/0\/1700\/884\/630\/0\/75\/0\/8b7024a_1697724475098-visuel-7-bis0.jpg 1x, https:\/\/img.lemde.fr\/2023\/10\/19\/0\/0\/1700\/884\/1260\/0\/45\/0\/8b7024a_1697724475098-visuel-7-bis0.jpg 2x\" data-was-processed=\"true\" \/><noscript><img decoding=\"async\" src=\"https:\/\/img.lemde.fr\/2023\/10\/19\/0\/0\/1700\/884\/630\/0\/75\/0\/8b7024a_1697724475098-visuel-7-bis0.jpg\" alt=\"\"><\/noscript><\/figure>\n<p class=\"article__paragraph article__paragraph--lf\"><strong>Une taille qui correspond \u00e0 une faible charge explosive ou \u00e0 un choc cin\u00e9tique important, mais pas \u00e0 un bombardement a\u00e9rien isra\u00e9lien classique. <a title=\"Nouvelle fen\u00eatre\" href=\"https:\/\/x.com\/Justin_Br0nk\/status\/1714527504805904590?s=20\" target=\"_blank\" rel=\"noopener\">Pour Justin Bronk<\/a>, analyste militaire et chercheur sp\u00e9cialis\u00e9 en a\u00e9ronautique \u00e0 RUSI, cela ne correspond en tout cas pas<em> \u00ab\u00a0aux bombes standard de la s\u00e9rie JDAM\/Mk80 de l\u2019arm\u00e9e de l\u2019air isra\u00e9lienne\u00a0\u00bb<\/em><\/strong><\/p>\n<h2 class=\"article__sub-title\"><strong>Un bilan humain difficile \u00e0 confirmer<\/strong><\/h2>\n<figure class=\"article__media article__media--default \"><img loading=\"lazy\" class=\"loaded\" srcset=\" https:\/\/img.lemde.fr\/2023\/10\/19\/0\/0\/1920\/1080\/630\/0\/75\/0\/f34e39b_1697724618011-visuel-8-00000.png 1x, https:\/\/img.lemde.fr\/2023\/10\/19\/0\/0\/1920\/1080\/1260\/0\/45\/0\/f34e39b_1697724618011-visuel-8-00000.png 2x\" alt=\"Le lendemain, mercredi 18 octobre, des photos et vid\u00e9os montrent les cons\u00e9quences de l\u2019explosion. Sur le parking de l\u2019h\u00f4pital, plus d\u2019une dizaine de voitures sont calcin\u00e9es, dont quelques-unes presque enti\u00e8rement d\u00e9truites. De nombreux v\u00eatements, sacs et affaires personnelles sont visibles sur une partie de la pelouse. Surtout, un crat\u00e8re de moins d\u2019un m\u00e8tre de diam\u00e8tre est creus\u00e9 dans le sol.\" width=\"664\" height=\"443\" data-srcset=\" https:\/\/img.lemde.fr\/2023\/10\/19\/0\/0\/1920\/1080\/630\/0\/75\/0\/f34e39b_1697724618011-visuel-8-00000.png 1x, https:\/\/img.lemde.fr\/2023\/10\/19\/0\/0\/1920\/1080\/1260\/0\/45\/0\/f34e39b_1697724618011-visuel-8-00000.png 2x\" data-was-processed=\"true\" \/><noscript><img decoding=\"async\" src=\"https:\/\/img.lemde.fr\/2023\/10\/19\/0\/0\/1920\/1080\/630\/0\/75\/0\/f34e39b_1697724618011-visuel-8-00000.png\" alt=\"Le lendemain, mercredi 18 octobre, des photos et vid\u00e9os montrent les cons\u00e9quences de l\u2019explosion. Sur le parking de l\u2019h\u00f4pital, plus d\u2019une dizaine de voitures sont calcin\u00e9es, dont quelques-unes presque enti\u00e8rement d\u00e9truites. De nombreux v\u00eatements, sacs et affaires personnelles sont visibles sur une partie de la pelouse. Surtout, un crat\u00e8re de moins d\u2019un m\u00e8tre de diam\u00e8tre est creus\u00e9 dans le sol.\"><\/noscript><figcaption class=\"article__legend\" aria-hidden=\"true\">Le lendemain, mercredi 18 octobre, des photos et vid\u00e9os montrent les cons\u00e9quences de l\u2019explosion. Sur le parking de l\u2019h\u00f4pital, plus d\u2019une dizaine de voitures sont calcin\u00e9es, dont quelques-unes presque enti\u00e8rement d\u00e9truites. De nombreux v\u00eatements, sacs et affaires personnelles sont visibles sur une partie de la pelouse. Surtout, un crat\u00e8re de moins d\u2019un m\u00e8tre de diam\u00e8tre est creus\u00e9 dans le sol.<\/figcaption><\/figure>\n<p class=\"article__paragraph article__paragraph--lf\">L\u2019explosion a fait au moins 471\u00a0morts, selon le minist\u00e8re de la sant\u00e9 du Hamas. Impossible, pour le moment, de v\u00e9rifier cette information de mani\u00e8re ind\u00e9pendante. Une vid\u00e9o tourn\u00e9e de nuit et authentifi\u00e9e par <em>Le Monde<\/em> montre toutefois des corps sur la pelouse de la cour de l\u2019h\u00f4pital, vraisemblablement quelques instants apr\u00e8s l\u2019explosion. <strong>Au moins 15\u00a0personnes sans vie sont visibles, dont quatre enfants en bas \u00e2ge.<\/strong><\/p>\n<p class=\"article__paragraph article__paragraph--lf\"><strong>A la date du 19\u00a0octobre, aucune trace probante du ou des projectiles ayant pu causer cette explosion n\u2019\u00e9tait disponible.<\/strong><\/p>\n<div class=\"multimedia-embed snippet\">\n<div class=\"d_breve_custom d_style_contexte\">\n<div class=\"d_breve_custom_container\">\n<p><a href=\"https:\/\/www.lemonde.fr\/international\/article\/2023\/10\/19\/explosion-a-l-hopital-al-ahli-a-gaza-ce-que-montre-l-analyse-detaillee-des-images_6195448_3210.html\"><strong>LE MONDE<\/strong><\/a><\/p>\n<\/div>\n<\/div>\n<\/div>\n<\/section>\n","protected":false},"excerpt":{"rendered":"<p>Enqu\u00eate vid\u00e9o\u00a0 \u00a0 Deux jours apr\u00e8s les faits, Hamas et arm\u00e9e isra\u00e9lienne continuent de se renvoyer la responsabilit\u00e9 du drame. Les images authentifi\u00e9es et analys\u00e9es par \u00ab\u00a0Le Monde\u00a0\u00bb permettent de mieux comprendre ce qu\u2019il s\u2019est pass\u00e9. &nbsp; Par Liselotte Mas , Thomas Eydoux , Cellule Enqu\u00eate vid\u00e9o , Elisa Bellanger \u00a0(Motion design)\u00a0et Marceau Bretonnier \u00a0(Motion<\/p>\n","protected":false},"author":134,"featured_media":113928,"comment_status":"open","ping_status":"open","sticky":false,"template":"","format":"standard","meta":{"_uf_show_specific_survey":0,"_uf_disable_surveys":false,"footnotes":""},"categories":[37],"tags":[],"class_list":{"0":"post-113921","1":"post","2":"type-post","3":"status-publish","4":"format-standard","5":"has-post-thumbnail","7":"category-alaune-fr"},"aioseo_notices":[],"_links":{"self":[{"href":"https:\/\/middleeasttransparent.com\/fr\/wp-json\/wp\/v2\/posts\/113921","targetHints":{"allow":["GET"]}}],"collection":[{"href":"https:\/\/middleeasttransparent.com\/fr\/wp-json\/wp\/v2\/posts"}],"about":[{"href":"https:\/\/middleeasttransparent.com\/fr\/wp-json\/wp\/v2\/types\/post"}],"author":[{"embeddable":true,"href":"https:\/\/middleeasttransparent.com\/fr\/wp-json\/wp\/v2\/users\/134"}],"replies":[{"embeddable":true,"href":"https:\/\/middleeasttransparent.com\/fr\/wp-json\/wp\/v2\/comments?post=113921"}],"version-history":[{"count":0,"href":"https:\/\/middleeasttransparent.com\/fr\/wp-json\/wp\/v2\/posts\/113921\/revisions"}],"wp:featuredmedia":[{"embeddable":true,"href":"https:\/\/middleeasttransparent.com\/fr\/wp-json\/wp\/v2\/media\/113928"}],"wp:attachment":[{"href":"https:\/\/middleeasttransparent.com\/fr\/wp-json\/wp\/v2\/media?parent=113921"}],"wp:term":[{"taxonomy":"category","embeddable":true,"href":"https:\/\/middleeasttransparent.com\/fr\/wp-json\/wp\/v2\/categories?post=113921"},{"taxonomy":"post_tag","embeddable":true,"href":"https:\/\/middleeasttransparent.com\/fr\/wp-json\/wp\/v2\/tags?post=113921"}],"curies":[{"name":"wp","href":"https:\/\/api.w.org\/{rel}","templated":true}]}}