{"id":11224,"date":"2016-04-16T17:46:58","date_gmt":"2016-04-16T16:46:58","guid":{"rendered":"http:\/\/middleeasttransparent.com\/?p=11224"},"modified":"2016-05-09T19:32:26","modified_gmt":"2016-05-09T18:32:26","slug":"panama-papers-panama-vanuatu-et-liban-sont-menaces-de-figurer-sur-la-liste-noire-des-paradis-fiscaux","status":"publish","type":"post","link":"https:\/\/middleeasttransparent.com\/fr\/panama-papers-panama-vanuatu-et-liban-sont-menaces-de-figurer-sur-la-liste-noire-des-paradis-fiscaux\/","title":{"rendered":"\u00ab\u00a0Panama papers\u00a0\u00bb : Panama, Vanuatu et Liban sont menac\u00e9s de figurer sur la liste noire des paradis fiscaux"},"content":{"rendered":"<p class=\"tt2\"><span class=\"signature_article\">Par <span class=\"auteur txt2_120\"><a class=\"auteur\" href=\"http:\/\/www.lemonde.fr\/journaliste\/anne-michel\/\" target=\"_blank\">Anne Michel<\/a> et <a class=\"auteur\" href=\"http:\/\/www.lemonde.fr\/journaliste\/maxime-vaudano\/\" target=\"_blank\">Maxime Vaudano<\/a><\/span><\/span><\/p>\n<div id=\"articleBody\" class=\"contenu_article js_article_body\">\n<h3 class=\"illustration_haut \">Selon les informations du <em>Monde<\/em>, trois pays sont menac\u00e9s de <a class=\"lien_interne conjug\" title=\"Conjugaison du verbe figurer\" href=\"http:\/\/conjugaison.lemonde.fr\/conjugaison\/premier-groupe\/figurer\/\" target=\"_blank\">figurer<\/a> sur la future liste noire des paradis fiscaux non coop\u00e9ratifs de l\u2019OCDE (Organisation de <a class=\"lien_interne rub\" title=\"Toute l\u2019actualit\u00e9 coop\u00e9ration\" href=\"http:\/\/www.lemonde.fr\/afrique-cooperation\/\">coop\u00e9ration<\/a> et de<a class=\"lien_interne rub\" title=\"Toute l\u2019actualit\u00e9 d\u00e9veloppement\" href=\"http:\/\/www.lemonde.fr\/developpement\/\">d\u00e9veloppement<\/a> \u00e9conomiques) qui sera \u00e9tablie en juillet, \u00e0 la demande du G 20 (groupe des vingt pays les plus riches) : Panama, le <a class=\"lien_interne rub\" title=\"Toute l\u2019actualit\u00e9 Liban\" href=\"http:\/\/www.lemonde.fr\/liban\/\">Liban<\/a> et l\u2019archipel du Vanuatu.<\/h3>\n<p>Selon les recoupements que<em> Le Monde<\/em> a pu <a class=\"lien_interne conjug\" title=\"Conjugaison du verbe effectuer\" href=\"http:\/\/conjugaison.lemonde.fr\/conjugaison\/premier-groupe\/effectuer\/\" target=\"_blank\">effectuer<\/a>, ces trois pays sont les seuls \u00e0 ne <a class=\"lien_interne conjug\" title=\"Conjugaison du verbe respecter\" href=\"http:\/\/conjugaison.lemonde.fr\/conjugaison\/premier-groupe\/respecter\/\" target=\"_blank\">respecter<\/a> pleinement, \u00e0 ce jour, aucun des trois grands crit\u00e8res objectifs utilis\u00e9s par l\u2019OCDE pour <a class=\"lien_interne conjug\" title=\"Conjugaison du verbe \u00e9valuer\" href=\"http:\/\/conjugaison.lemonde.fr\/conjugaison\/premier-groupe\/%C3%A9valuer\/\" target=\"_blank\">\u00e9valuer<\/a> la qualit\u00e9 de la coop\u00e9ration fiscale internationale, \u00e0 <a class=\"lien_interne conjug\" title=\"Conjugaison du verbe savoir\" href=\"http:\/\/conjugaison.lemonde.fr\/conjugaison\/troisieme-groupe\/savoir\/\" target=\"_blank\">savoir<\/a> :<\/p>\n<ol>\n<li>la qualit\u00e9 actuelle des \u00e9changes d\u2019informations \u00e0 la demande (les informations qu\u2019acceptent d\u2019\u00e9changer les pays sur les contribuables, lorsque l\u2019administration ou la <a class=\"lien_interne rub\" title=\"Toute l\u2019actualit\u00e9 justice\" href=\"http:\/\/www.lemonde.fr\/justice\/\">justice<\/a> d\u2019un Etat \u00e9tranger les interroge) ;<\/li>\n<li>l\u2019existence ou non d\u2019une convention multilat\u00e9rale d\u00fbment sign\u00e9e sur l\u2019\u00e9change de renseignements (ce texte qui garantit que les \u00e9changes d\u2019informations se font au standard \u00e9tabli par l\u2019OCDE) ;<\/li>\n<li>l\u2019existence ou non d\u2019un engagement desdits pays \u00e0 <a class=\"lien_interne conjug\" title=\"Conjugaison du verbe passer\" href=\"http:\/\/conjugaison.lemonde.fr\/conjugaison\/premier-groupe\/passer\/\" target=\"_blank\">passer<\/a> \u00e0 <a href=\"http:\/\/www.lemonde.fr\/panama-papers\/article\/2016\/04\/16\/panama-papers-panama-vanuatu-et-liban-sont-menaces-de-figurer-sur-la-liste-noire-des-paradis-fiscaux_4903528_4890278.html#huit-anchor-echangeautomatique\">l\u2019\u00e9change automatique d\u2019informations<\/a>, en 2017 ou en 2018.<\/li>\n<\/ol>\n<p class=\"illustration_haut \"><img decoding=\"async\" class=\"lazy-retina aligncenter\" title=\"Romain Imbach\/Le Monde\" src=\"http:\/\/s1.lemde.fr\/image2x\/2016\/04\/16\/534x0\/4903527_6_8627_quels-pays-ne-respectent-pas-les-criteres_0c38585eee92152193fe7f63e7b18d17.png\" alt=\"Quels pays ne respectent pas les crit\u00e8res ?\" width=\"534\" data-lazyload=\"false\" data-no-hd-src=\"http:\/\/s1.lemde.fr\/image\/2016\/04\/16\/534x0\/4903527_6_8627_quels-pays-ne-respectent-pas-les-criteres_0c38585eee92152193fe7f63e7b18d17.png\" data-hd-src=\"http:\/\/s1.lemde.fr\/image2x\/2016\/04\/16\/534x0\/4903527_6_8627_quels-pays-ne-respectent-pas-les-criteres_0c38585eee92152193fe7f63e7b18d17.png\" \/>Quels pays ne respectent pas les crit\u00e8res ? <span class=\"source_image\" data-copyright=\"Romain Imbach\/Le Monde\">ROMAIN IMBACH\/LE MONDE<\/span><\/p>\n<p>Les experts de l\u2019OCDE, du G 20 ou de l\u2019<a class=\"lien_interne rub\" title=\"Toute l\u2019actualit\u00e9 Union europ\u00e9enne\" href=\"http:\/\/www.lemonde.fr\/union-europeenne\/\">Union europ\u00e9enne<\/a> pourraient \u00e9galement <a class=\"lien_interne conjug\" title=\"Conjugaison du verbe envisager\" href=\"http:\/\/conjugaison.lemonde.fr\/conjugaison\/premier-groupe\/envisager\/\" target=\"_blank\">envisager<\/a> d\u2019\u00e9tablir une \u00ab\u00a0liste grise\u00a0\u00bb des pays mal not\u00e9s dans au moins deux domaines. Y figureraient, toujours \u00e0 ce jour, neuf Etats suppl\u00e9mentaires : les \u00eeles Samoa, Antigua et Barbuda, le Liberia, Nauru, Bahrein, Brunei, la Dominique, Trinidad et Tobaggo et les Emirats arabes unis.<\/p>\n<p class=\"intertitre\">Vifs <a class=\"lien_interne rub\" title=\"Toute l\u2019actualit\u00e9 d\u00e9bats\" href=\"http:\/\/www.lemonde.fr\/afrique-debats\/\">d\u00e9bats<\/a> au G20<\/p>\n<p>En 2011, le G20 et l\u2019OCDE avaient renonc\u00e9 \u00e0 leur liste noire de paradis fiscaux non coop\u00e9ratifs, pr\u00e9f\u00e9rant <a class=\"lien_interne conjug\" title=\"Conjugaison du verbe encourager\" href=\"http:\/\/conjugaison.lemonde.fr\/conjugaison\/premier-groupe\/encourager\/\" target=\"_blank\">encourager<\/a> les efforts vers la transparence plut\u00f4t que de <a class=\"lien_interne conjug\" title=\"Conjugaison du verbe stigmatiser\" href=\"http:\/\/conjugaison.lemonde.fr\/conjugaison\/premier-groupe\/stigmatiser\/\" target=\"_blank\">stigmatiser<\/a> les Etats et territoires opaques. Une logique qui avait port\u00e9 ses fruits, mais insuffisamment.<\/p>\n<p>Le d\u00e9bat sur le r\u00e9tablissement de cette liste a \u00e9t\u00e9 s\u00e9rieusement relanc\u00e9 par le scandale des \u00ab\u00a0Panama papers \u00bb, plusieurs grandes puissances y voyant le meilleur moyen de <a class=\"lien_interne conjug\" title=\"Conjugaison du verbe faire\" href=\"http:\/\/conjugaison.lemonde.fr\/conjugaison\/troisieme-groupe\/faire\/\" target=\"_blank\">faire<\/a> pression sur les derniers grands trous noirs financiers de la <a class=\"lien_interne rub\" title=\"Toute l\u2019actualit\u00e9 plan\u00e8te\" href=\"http:\/\/www.lemonde.fr\/planete\/\">plan\u00e8te<\/a> pour les <a class=\"lien_interne conjug\" title=\"Conjugaison du verbe pousser\" href=\"http:\/\/conjugaison.lemonde.fr\/conjugaison\/premier-groupe\/pousser\/\" target=\"_blank\">pousser<\/a> \u00e0 se <a class=\"lien_interne conjug\" title=\"Conjugaison du verbe normaliser\" href=\"http:\/\/conjugaison.lemonde.fr\/conjugaison\/premier-groupe\/normaliser\/\" target=\"_blank\">normaliser<\/a>.<\/p>\n<p class=\"lire\">Lire le d\u00e9cryptage : \u00a0 <a href=\"http:\/\/www.lemonde.fr\/les-decodeurs\/article\/2016\/04\/08\/panama-papers-a-quoi-servent-les-listes-noires-de-pays_4898636_4355770.html\">A quoi servent les listes noires de\u00a0pays\u00a0?<\/a><\/p>\n<p>La discussion s\u2019est officiellement engag\u00e9e entre les ministres des <a class=\"lien_interne rub\" title=\"Toute l\u2019actualit\u00e9 finances\" href=\"http:\/\/www.lemonde.fr\/finance\/\">finances<\/a> du G20, r\u00e9unis \u00e0 Washington du 14 au 16 avril, en marge de <a class=\"lien_interne rub\" title=\"Toute l\u2019actualit\u00e9 la r\u00e9union\" href=\"http:\/\/www.lemonde.fr\/la-reunion\/\">la r\u00e9union<\/a> de printemps du Fonds mon\u00e9taire <a class=\"lien_interne rub\" title=\"Toute l\u2019actualit\u00e9 international\" href=\"http:\/\/www.lemonde.fr\/international\/\">international<\/a> (FMI) et de la Banque mondiale.<\/p>\n<p>Dans <a href=\"http:\/\/www.g20.utoronto.ca\/2016\/160415-finance.html\">leur communiqu\u00e9 final<\/a>, les grands argentiers ont confi\u00e9 \u00e0 l\u2019OCDE le soin d\u2019identifier d\u2019ici \u00e0 juillet les Etats et territoires qui refusent de <a class=\"lien_interne conjug\" title=\"Conjugaison du verbe coop\u00e9rer\" href=\"http:\/\/conjugaison.lemonde.fr\/conjugaison\/premier-groupe\/coop%C3%A9rer\/\" target=\"_blank\">coop\u00e9rer<\/a> avec la communaut\u00e9 internationale en mati\u00e8re fiscale. <em>\u00ab\u00a0<em>Des mesures contraignantes seront envisag\u00e9es par les membres du G20<\/em>\u00a0\u00bb<\/em>, ajoute le communiqu\u00e9.<\/p>\n<p>A Washington, le d\u00e9bat entre grandes puissances \u00e9conomiques a \u00e9t\u00e9 vif. Notamment faute de consensus sur la d\u00e9finition des paradis fiscaux, toujours sujette \u00e0 discussion. Les n\u00e9gociations ont \u00e9t\u00e9 particuli\u00e8rement compliqu\u00e9es avec la <a class=\"lien_interne rub\" title=\"Toute l\u2019actualit\u00e9 Chine\" href=\"http:\/\/www.lemonde.fr\/chine\/\">Chine<\/a>, qui pr\u00e9side le G20 et voit d\u2019un mauvais \u0153il le principe du fichage, redoutant de <a class=\"lien_interne conjug\" title=\"Conjugaison du verbe voir\" href=\"http:\/\/conjugaison.lemonde.fr\/conjugaison\/troisieme-groupe\/voir\/\" target=\"_blank\">voir<\/a> ses territoires de <a class=\"lien_interne rub\" title=\"Toute l\u2019actualit\u00e9 Hongkong\" href=\"http:\/\/www.lemonde.fr\/hongkong\/\">Hongkong<\/a> et Macao un jour mis \u00e0 l\u2019index. Plusieurs autres grands Etats restent, en outre, r\u00e9ticents face aux listes noires, tels les Etats-Unis, peu enclins \u00e0 se <a class=\"lien_interne conjug\" title=\"Conjugaison du verbe lier\" href=\"http:\/\/conjugaison.lemonde.fr\/conjugaison\/premier-groupe\/lier\/\" target=\"_blank\">lier<\/a> \u00e0 une d\u00e9cision de boycott international, et le <a class=\"lien_interne rub\" title=\"Toute l\u2019actualit\u00e9 Canada\" href=\"http:\/\/www.lemonde.fr\/canada\/\">Canada<\/a>. Au contraire, la <a class=\"lien_interne rub\" title=\"Toute l\u2019actualit\u00e9 France\" href=\"http:\/\/www.lemonde.fr\/europeennes-france\/\">France<\/a>, l\u2019<a class=\"lien_interne rub\" title=\"Toute l\u2019actualit\u00e9 Allemagne\" href=\"http:\/\/www.lemonde.fr\/allemagne\/\">Allemagne<\/a>, le<a class=\"lien_interne rub\" title=\"Toute l\u2019actualit\u00e9 Royaume-Uni\" href=\"http:\/\/www.lemonde.fr\/royaume-uni\/\">Royaume-Uni<\/a>, l\u2019<a class=\"lien_interne rub\" title=\"Toute l\u2019actualit\u00e9 Italie\" href=\"http:\/\/www.lemonde.fr\/italie\/\">Italie<\/a> et l\u2019<a class=\"lien_interne rub\" title=\"Toute l\u2019actualit\u00e9 Espagne\" href=\"http:\/\/www.lemonde.fr\/espagne\/\">Espagne<\/a>, regroup\u00e9s dans le G5, avaient fait savoir qu\u2019ils \u00e9taient favorables au r\u00e9tablissement d\u2019une telle liste.<\/p>\n<p>Le ministre des finances fran\u00e7ais, Michel Sapin, avait ainsi indiqu\u00e9 d\u00e8s le 11 avril qu\u2019il inciterait les nations les plus industrialis\u00e9es \u00e0 <a class=\"lien_interne conjug\" title=\"Conjugaison du verbe adopter\" href=\"http:\/\/conjugaison.lemonde.fr\/conjugaison\/premier-groupe\/adopter\/\" target=\"_blank\">adopter<\/a> une liste noire unique et \u00e0 <a class=\"lien_interne conjug\" title=\"Conjugaison du verbe coordonner\" href=\"http:\/\/conjugaison.lemonde.fr\/conjugaison\/premier-groupe\/coordonner\/\" target=\"_blank\">coordonner<\/a> leurs sanctions envers les juriductions non coop\u00e9ratives. Son homologue allemand, Wolfgang Scha\u00fcble, s\u2019\u00e9tait prononc\u00e9 de son c\u00f4t\u00e9 en faveur d\u2019une telle initiative, appelant \u00e9galement \u00e0 la mise en place de registres des b\u00e9n\u00e9ficiaires de <a class=\"lien_interne rub\" title=\"Toute l\u2019actualit\u00e9 soci\u00e9t\u00e9\" href=\"http:\/\/www.lemonde.fr\/societe\/\">soci\u00e9t\u00e9<\/a>s \u00e9crans immatricul\u00e9es dans les paradis fiscaux. Le ralliement du Royaume-Uni est, en revanche, une surprise, car jusqu\u2019\u00e0 pr\u00e9sent la volont\u00e9 de <a class=\"lien_interne conjug\" title=\"Conjugaison du verbe prot\u00e9ger\" href=\"http:\/\/conjugaison.lemonde.fr\/conjugaison\/premier-groupe\/prot%C3%A9ger\/\" target=\"_blank\">prot\u00e9ger<\/a> les territoires et d\u00e9pendances de la couronne britannique (Jersey, Guernesey, \u00eeles Vierges britanniques, \u00eeles Ca\u00efman&#8230;) avait prim\u00e9.<\/p>\n<p class=\"intertitre\"><b>Vers une liste noire europ\u00e9enne<\/b><\/p>\n<p>Le d\u00e9bat ne restera pas cantonn\u00e9 au G20. L\u2019Union europ\u00e9enne devrait \u00e0 son tour <a class=\"lien_interne conjug\" title=\"Conjugaison du verbe inscrire\" href=\"http:\/\/conjugaison.lemonde.fr\/conjugaison\/troisieme-groupe\/inscrire\/\" target=\"_blank\">inscrire<\/a> la question de l\u2019adoption d\u2019une liste noire commune \u00e0 son agenda, <a href=\"http:\/\/www.lemonde.fr\/economie\/article\/2016\/04\/06\/moscovici-favorable-a-une-liste-europeenne-des-paradis-fiscaux_4897204_3234.html\">comme l\u2019a affirm\u00e9 Pierre Moscovici le 6 avril<\/a>. Le commissaire europ\u00e9en aux affaires \u00e9conomiques esp\u00e8re qu\u2019une telle liste commune aux 28 pays europ\u00e9ens pourra <a class=\"lien_interne conjug\" title=\"Conjugaison du verbe \u00eatre\" href=\"http:\/\/conjugaison.lemonde.fr\/conjugaison\/auxiliaire\/%C3%AAtre\/\" target=\"_blank\">\u00eatre<\/a> \u00e9labor\u00e9e d\u2019ici \u00e0 six mois. L\u2019exercice pourrait \u00eatre moins ardu qu\u2019au G20.<\/p>\n<p class=\"lire\">Lire aussi : \u00a0 <a href=\"http:\/\/www.lemonde.fr\/panama-papers\/article\/2016\/04\/08\/apres-les-panama-papers-bruxelles-veut-renforcer-les-obligations-de-transparence-des-entreprises_4898825_4890278.html\">Apr\u00e8s les \u00ab\u00a0Panama papers\u00a0\u00bb, Bruxelles veut renforcer les obligations de transparence des\u00a0entreprises<\/a><\/p>\n<p>En attendant que ces grandes man\u0153uvres aboutissent, la simple menace de voir leur nom inscrit dans ces futures listes noires pourrait pousser certains Etats et territoires opaques \u00e0 <a class=\"lien_interne conjug\" title=\"Conjugaison du verbe acc\u00e9l\u00e9rer\" href=\"http:\/\/conjugaison.lemonde.fr\/conjugaison\/premier-groupe\/acc%C3%A9l%C3%A9rer\/\" target=\"_blank\">acc\u00e9l\u00e9rer<\/a> leurs efforts de transparence afin d\u2019\u00e9chapper au couperet. Ces deux listes, noire et grise, s\u2019en trouveraient alors all\u00e9g\u00e9es.<\/p>\n<div class=\"lexique_panamapapers\">\n<div class=\"titre_lexique\"><a href=\"http:\/\/www.lemonde.fr\/panama-papers\/article\/2016\/04\/16\/panama-papers-panama-vanuatu-et-liban-sont-menaces-de-figurer-sur-la-liste-noire-des-paradis-fiscaux_4903528_4890278.html#C0H6BFTYbv0MFT9z.99\">LE MONDE \u00a0<\/a><\/div>\n<\/div>\n<\/div>\n","protected":false},"excerpt":{"rendered":"<p>Par Anne Michel et Maxime Vaudano Selon les informations du Monde, trois pays sont menac\u00e9s de figurer sur la future liste noire des paradis fiscaux non coop\u00e9ratifs de l\u2019OCDE (Organisation de coop\u00e9ration et ded\u00e9veloppement \u00e9conomiques) qui sera \u00e9tablie en juillet, \u00e0 la demande du G 20 (groupe des vingt pays les plus riches) : Panama,<\/p>\n","protected":false},"author":134,"featured_media":11225,"comment_status":"open","ping_status":"open","sticky":false,"template":"","format":"standard","meta":{"_uf_show_specific_survey":0,"_uf_disable_surveys":false,"footnotes":""},"categories":[60],"tags":[357],"class_list":{"0":"post-11224","1":"post","2":"type-post","3":"status-publish","4":"format-standard","5":"has-post-thumbnail","7":"category-magazine","8":"tag-magazine-fr"},"aioseo_notices":[],"_links":{"self":[{"href":"https:\/\/middleeasttransparent.com\/fr\/wp-json\/wp\/v2\/posts\/11224","targetHints":{"allow":["GET"]}}],"collection":[{"href":"https:\/\/middleeasttransparent.com\/fr\/wp-json\/wp\/v2\/posts"}],"about":[{"href":"https:\/\/middleeasttransparent.com\/fr\/wp-json\/wp\/v2\/types\/post"}],"author":[{"embeddable":true,"href":"https:\/\/middleeasttransparent.com\/fr\/wp-json\/wp\/v2\/users\/134"}],"replies":[{"embeddable":true,"href":"https:\/\/middleeasttransparent.com\/fr\/wp-json\/wp\/v2\/comments?post=11224"}],"version-history":[{"count":0,"href":"https:\/\/middleeasttransparent.com\/fr\/wp-json\/wp\/v2\/posts\/11224\/revisions"}],"wp:featuredmedia":[{"embeddable":true,"href":"https:\/\/middleeasttransparent.com\/fr\/wp-json\/wp\/v2\/media\/11225"}],"wp:attachment":[{"href":"https:\/\/middleeasttransparent.com\/fr\/wp-json\/wp\/v2\/media?parent=11224"}],"wp:term":[{"taxonomy":"category","embeddable":true,"href":"https:\/\/middleeasttransparent.com\/fr\/wp-json\/wp\/v2\/categories?post=11224"},{"taxonomy":"post_tag","embeddable":true,"href":"https:\/\/middleeasttransparent.com\/fr\/wp-json\/wp\/v2\/tags?post=11224"}],"curies":[{"name":"wp","href":"https:\/\/api.w.org\/{rel}","templated":true}]}}