{"id":111461,"date":"2023-09-09T23:55:36","date_gmt":"2023-09-09T22:55:36","guid":{"rendered":"https:\/\/middleeasttransparent.com\/?p=111461"},"modified":"2023-09-09T23:55:36","modified_gmt":"2023-09-09T22:55:36","slug":"abayas-a-lecole-les-francais-meme-de-gauche-favorables-a-linterdiction","status":"publish","type":"post","link":"https:\/\/middleeasttransparent.com\/fr\/abayas-a-lecole-les-francais-meme-de-gauche-favorables-a-linterdiction\/","title":{"rendered":"Abayas \u00e0 l\u2019\u00e9cole\u00a0: les Fran\u00e7ais, m\u00eame de gauche, favorables \u00e0 l\u2019interdiction"},"content":{"rendered":"<header id=\"fh\" class=\"fh\">\n<div class=\"fh-wrapper\">\n<div class=\"fh-middle\"><\/div>\n<\/div>\n<\/header>\n<div id=\"fig-page\" class=\"fig-page\" role=\"main\" data-section=\"Actu\">\n<div class=\"fig-top\">\n<div class=\"fig-ad-content fig-ad-content--special\">\n<div id=\"special\" data-figtag=\"special\" data-google-query-id=\"CN2jkqrMnoEDFe9LHQkd9zUMMQ\">\n<div id=\"google_ads_iframe_\/31695825\/lefigaro\/web_desktop_nos\/desktop_lefigaro_actualite-societe-articles_special_0__container__\"><\/div>\n<\/div>\n<\/div>\n<\/div>\n<div class=\"fig-main-wrapper fig-layout fig-layout--wrapped\" data-layout-container=\"\">\n<div class=\"fig-main-col\">\n<div class=\"fig-main\">\n<article>\n<h1 class=\"fig-headline fig-pagination__hidden\"><\/h1>\n<div class=\"fig-wrapper fig-zone-main fig-heading-article etx-relative\">\n<div class=\"fig-wrapper fig-zone-main fig-content-metas-info\"><span class=\"fig-content-metas__authors\">Par\u00a0<a class=\"fig-content-metas__author\" href=\"https:\/\/www.lefigaro.fr\/auteur\/paul-sugy\" rel=\"author\">Paul Sugy<\/a><\/span><\/div>\n<figure class=\"fig-media fig-media--type-photo fig-media__content-main \"><\/figure>\n<\/div>\n<h3><\/h3>\n<h3><span style=\"color: #666699;\">Un sondage IFOP atteste que les Fran\u00e7ais sont majoritairement oppos\u00e9s au fait que l\u2019\u00e9cole publique autorise le port de v\u00eatements traditionnels ou religieux tels que les abayas, les qamis ou les djellabas.<\/span><\/h3>\n<div class=\"fig-ad-content fig-ad-content--native_atf\">\n<div id=\"native_atf\" data-figtag=\"native_atf\" data-google-query-id=\"COe5yarMnoEDFSFRHQkd5EcINg\">\n<div id=\"google_ads_iframe_\/31695825\/lefigaro\/web_desktop_nos\/desktop_lefigaro_actualite-societe-articles_native_atf_0__container__\"><\/div>\n<\/div>\n<\/div>\n<div class=\"fig-content-body\" data-agora-base-url=\"https:\/\/connect.lefigaro.fr\" data-component=\"fig-content-body\" data-context=\"was @visible\" data-id=\"bGVmaWdhcm8uZnJfXzBlYWExOWY2LTQ1YjItMTFlZS04Mjk0LWEwMzY5ZjZmN2JjOF9fQXJ0aWNsZQ==\" data-module=\"fig-body\" data-premium=\"false\">\n<p>&nbsp;<\/p>\n<p class=\"fig-paragraph\">La gauche, \u00e0 l\u2019exception de quelques socialistes \u00ab<em>dissidents<\/em>\u00bb (le d\u00e9put\u00e9 J\u00e9r\u00f4me Guedj, le maire de Montpellier Micha\u00ebl Delafosse&#8230;) et du communiste Fabien Roussel,\u00a0<a href=\"https:\/\/www.lefigaro.fr\/politique\/rejet-obsessionnel-des-musulmans-l-interdiction-du-port-de-l-abaya-dans-les-ecoles-scandalise-a-gauche-20230828\" data-fig-type=\"NewsFlash\" data-gtm-custom-categorie=\"navigation\" data-gtm-custom-action=\"crossclick\" data-gtm-custom-label=\"Contextuel\" data-gtm-event=\"customEventSPE\" data-fig-domain=\"LEFIGARO\">s\u2019est largement indign\u00e9e<\/a>\u00a0de l\u2019annonce par Gabriel Attal d\u2019<a href=\"https:\/\/www.lefigaro.fr\/actualite-france\/gabriel-attal-annonce-l-interdiction-des-abayas-a-l-ecole-20230827\" data-fig-type=\"NewsFlash\" data-gtm-custom-categorie=\"navigation\" data-gtm-custom-action=\"crossclick\" data-gtm-custom-label=\"Contextuel\" data-gtm-event=\"customEventSPE\" data-fig-domain=\"LEFIGARO\">interdire fermement \u00e0 l\u2019\u00e9cole le port de tenues religieuses musulmanes<\/a>\u00a0comme les qamis ou les abayas.\u00a0<a href=\"https:\/\/www.lefigaro.fr\/politique\/abaya-melenchon-deplore-une-nouvelle-guerre-de-religion-20230828\" data-fig-type=\"NewsFlash\" data-gtm-custom-categorie=\"navigation\" data-gtm-custom-action=\"crossclick\" data-gtm-custom-label=\"Contextuel\" data-gtm-event=\"customEventSPE\" data-fig-domain=\"LEFIGARO\">Jean-Luc M\u00e9lenchon\u00a0a m\u00eame d\u00e9plor\u00e9<\/a>\u00a0ce lundi que la rentr\u00e9e scolaire \u00e9tait \u00ab<em>politiquement polaris\u00e9e par une nouvelle absurde guerre de religion<\/em>\u00bb.<\/p>\n<div class=\"fig-newsletter-box fig-container\">\n<div class=\"fignl fignl--article\" data-module=\"fig-newsletter-box\" data-context=\"was @visible\" data-url=\"https:\/\/static.lefigaro.fr\/agora\/widget-newsletter\/fignewsletter-short-ttl.js\" data-variant=\"article\" data-site-name=\"lefigaro\"><\/div>\n<\/div>\n<p class=\"fig-paragraph\"><a href=\"https:\/\/www.ifop.com\/publication\/le-regard-des-francais-sur-le-port-de-vetements-traditionnels-en-milieu-scolaire\/\" target=\"_blank\" rel=\"nofollow noopener\" data-gtm-custom-categorie=\"navigation\" data-gtm-custom-action=\"crossclick\" data-gtm-custom-label=\"Contextuel\" data-gtm-event=\"customEventSPE\">Un sondage IFOP pour Sud Radio,<\/a>\u00a0effectu\u00e9 en juin 2023 et republi\u00e9 pour l\u2019occasion par l\u2019institut d\u2019opinion, rappelle pourtant la tr\u00e8s forte adh\u00e9sion des Fran\u00e7ais \u00e0 cette interdiction, y compris chez les sympathisants de gauche. Au total, seules 23 % des personnes sond\u00e9es se sont dites favorables \u00e0 une autorisation de ces tenues \u00e0 l\u2019\u00e9cole.<\/p>\n<div id=\"inarticle\" data-figtag=\"inarticle\" data-google-query-id=\"COi5yarMnoEDFSFRHQkd5EcINg\">\n<div id=\"google_ads_iframe_\/31695825\/lefigaro\/web_desktop_nos\/desktop_lefigaro_actualite-societe-articles_inarticle_0__container__\"><\/div>\n<\/div>\n<p class=\"fig-paragraph\">Dans le d\u00e9tail, l\u2019interdiction de ces tenues \u00e0 l\u2019\u00e9cole rencontre un soutien croissant en fonction de l\u2019\u00e2ge des personnes interrog\u00e9es. Seuls les 18-24 ans estiment majoritairement que ces tenues devraient \u00eatre autoris\u00e9es (58 %), tandis que 93 % des personnes de plus de 65 ans soutiennent l\u2019interdiction du port de ces v\u00eatements.<\/p>\n<p class=\"fig-paragraph\"><strong>Plus surprenants sont les r\u00e9sultats de ce sondage aupr\u00e8s des Fran\u00e7ais se disant proches des partis politiques de gauche, puisqu\u2019une large majorit\u00e9 de partisans du Parti socialiste (75 %) mais aussi de la France insoumise (60 %) et d\u2019Europe-\u00c9cologie-Les Verts (60 %) se disent favorables \u00e0 l\u2019interdiction des abayas et des qamis.<\/strong><\/p>\n<div class=\"css-1dbjc4n r-18u37iz r-kzbkwu\">\n<div class=\"css-1dbjc4n r-1ny4l3l\">\n<div class=\"css-1dbjc4n r-1adg3ll r-bztko3\" data-testid=\"UserAvatar-Container-IfopOpinion\">\n<div class=\"r-1p0dtai r-1pi2tsx r-1d2f490 r-u8s1d r-ipm5af r-13qz1uu\">\n<div class=\"css-1dbjc4n r-1adg3ll r-1pi2tsx r-1wyvozj r-bztko3 r-u8s1d r-1v2oles r-desppf r-13qz1uu\">\n<div class=\"r-1p0dtai r-1pi2tsx r-1d2f490 r-u8s1d r-ipm5af r-13qz1uu\">\n<div class=\"css-1dbjc4n r-sdzlij r-ggadg3 r-1udh08x r-u8s1d r-8jfcpp\">\n<div class=\"css-1dbjc4n r-14lw9ot r-sdzlij r-1wyvozj r-1udh08x r-633pao r-u8s1d r-1v2oles r-desppf\">\n<div class=\"css-1dbjc4n r-1adg3ll r-1udh08x\">\n<div class=\"r-1adg3ll r-13qz1uu\"><\/div>\n<div class=\"r-1p0dtai r-1pi2tsx r-1d2f490 r-u8s1d r-ipm5af r-13qz1uu\">\n<div class=\"css-1dbjc4n r-1p0dtai r-1mlwlqe r-1d2f490 r-1udh08x r-u8s1d r-zchlnj r-ipm5af r-417010\" aria-label=\"\">\n<div class=\"css-1dbjc4n r-1niwhzg r-vvn4in r-u6sd8q r-4gszlv r-1p0dtai r-1pi2tsx r-1d2f490 r-u8s1d r-zchlnj r-ipm5af r-13qz1uu r-1wyyakw\"><\/div>\n<p><img decoding=\"async\" class=\"css-9pa8cd\" draggable=\"true\" src=\"https:\/\/pbs.twimg.com\/profile_images\/1004266454936637441\/h_3lHjkv_x96.jpg\" alt=\"\" \/><\/p>\n<\/div>\n<\/div>\n<\/div>\n<\/div>\n<div class=\"css-1dbjc4n r-sdzlij r-1wyvozj r-1udh08x r-u8s1d r-1v2oles r-desppf\">\n<div class=\"css-1dbjc4n r-12181gd r-1pi2tsx r-1ny4l3l r-o7ynqc r-6416eg r-13qz1uu\"><\/div>\n<\/div>\n<\/div>\n<\/div>\n<\/div>\n<\/div>\n<\/div>\n<\/div>\n<div class=\"css-1dbjc4n r-eqz5dr r-1777fci r-4amgru r-1kh6xel\">\n<div class=\"css-1dbjc4n r-1ny4l3l\">\n<div class=\"css-1dbjc4n r-1wbh5a2 r-dnmrzs r-1ny4l3l\">\n<div class=\"css-1dbjc4n r-1wbh5a2 r-dnmrzs r-1ny4l3l\">\n<div class=\"css-1dbjc4n r-1awozwy r-18u37iz r-dnmrzs\">\n<div class=\"css-901oao r-1awozwy r-18jsvk2 r-6koalj r-1qd0xha r-a023e6 r-b88u0q r-rjixqe r-bcqeeo r-1udh08x r-3s2u2q r-qvutc0\" dir=\"auto\"><span class=\"css-901oao css-16my406 css-1hf3ou5 r-poiln3 r-bcqeeo r-qvutc0\"><span class=\"css-901oao css-16my406 r-poiln3 r-bcqeeo r-qvutc0\">Ifop Opinion<\/span><\/span><\/div>\n<div class=\"css-901oao r-18jsvk2 r-xoduu5 r-18u37iz r-1q142lx r-1qd0xha r-a023e6 r-16dba41 r-rjixqe r-bcqeeo r-qvutc0\" dir=\"auto\"><\/div>\n<\/div>\n<div class=\"css-1dbjc4n r-1awozwy r-18u37iz r-1wbh5a2\">\n<div class=\"css-1dbjc4n\">\n<div class=\"css-901oao css-1hf3ou5 r-14j79pv r-18u37iz r-1qd0xha r-1wvb978 r-a023e6 r-16dba41 r-rjixqe r-bcqeeo r-qvutc0\" dir=\"ltr\"><span class=\"css-901oao css-16my406 r-poiln3 r-bcqeeo r-qvutc0\">@IfopOpinion<\/span><\/div>\n<\/div>\n<div class=\"css-1dbjc4n r-18u37iz r-1q142lx\">\n<div class=\"css-901oao r-14j79pv r-1q142lx r-1qd0xha r-a023e6 r-16dba41 r-rjixqe r-bcqeeo r-s1qlax r-qvutc0\" dir=\"auto\" aria-hidden=\"true\"><span class=\"css-901oao css-16my406 r-poiln3 r-bcqeeo r-qvutc0\">\u00b7<\/span><\/div>\n<p><a class=\"css-4rbku5 css-18t94o4 css-901oao r-1loqt21 r-1qd0xha r-a023e6 r-b88u0q r-rjixqe r-bcqeeo r-qvutc0\" dir=\"auto\" role=\"link\" href=\"https:\/\/twitter.com\/intent\/follow?ref_src=twsrc%5Etfw%7Ctwcamp%5Etweetembed%7Ctwterm%5E1696149565919965623%7Ctwgr%5E45a67003d7724663007fac46b20bca294115fdc4%7Ctwcon%5Es1_&amp;ref_url=https%3A%2F%2Fwww.lefigaro.fr%2Factualite-france%2Fabayas-a-l-ecole-les-francais-meme-de-gauche-favorables-a-l-interdiction-20230828&amp;screen_name=IfopOpinion\" target=\"_blank\" rel=\"noopener noreferrer nofollow\"><span class=\"css-901oao css-16my406 r-poiln3 r-bcqeeo r-qvutc0\">Suivre<\/span><\/a><\/p>\n<\/div>\n<\/div>\n<\/div>\n<\/div>\n<\/div>\n<\/div>\n<\/div>\n<div class=\"css-1dbjc4n\">\n<p><a class=\"css-4rbku5 css-18t94o4 css-901oao r-14j79pv r-1loqt21 r-1qd0xha r-a023e6 r-16dba41 r-rjixqe r-15zivkp r-bcqeeo r-qvutc0\" dir=\"auto\" role=\"link\" href=\"https:\/\/twitter.com\/IfopOpinion\/status\/1696149562967355715?ref_src=twsrc%5Etfw%7Ctwcamp%5Etweetembed%7Ctwterm%5E1696149565919965623%7Ctwgr%5E45a67003d7724663007fac46b20bca294115fdc4%7Ctwcon%5Es1_&amp;ref_url=https%3A%2F%2Fwww.lefigaro.fr%2Factualite-france%2Fabayas-a-l-ecole-les-francais-meme-de-gauche-favorables-a-l-interdiction-20230828\" target=\"_blank\" rel=\"noopener noreferrer nofollow\">En r\u00e9ponse \u00e0 <span class=\"css-901oao css-16my406 r-poiln3 r-bcqeeo r-qvutc0\" dir=\"ltr\"><span class=\"css-901oao css-16my406 r-poiln3 r-bcqeeo r-qvutc0\">@IfopOpinion<\/span><\/span><\/a><\/p>\n<div class=\"css-901oao r-18jsvk2 r-1dqbpge r-1qd0xha r-adyw6z r-16dba41 r-135wba7 r-bcqeeo r-bnwqim r-qvutc0\" dir=\"auto\" lang=\"fr\" data-testid=\"tweetText\"><span class=\"css-901oao css-16my406 r-poiln3 r-bcqeeo r-qvutc0\">Les critiques de certains leaders de la NUPES \u00e0 l\u2019\u00e9gard de cette interdiction sont loin d\u2019\u00eatre partag\u00e9es par leurs \u00e9lecteurs : 64% des sympathisants de gauche s\u2019opposent au port de ce v\u00eatement dans les \u00e9tablissements publics (SR juin 2023)<\/span><\/div>\n<\/div>\n<div class=\"fig-tweet\" data-module=\"fig-tweet\" data-context=\"was @nearlyvisible\">\n<div><img fetchpriority=\"high\" decoding=\"async\" class=\"alignnone size-medium wp-image-111465\" src=\"https:\/\/middleeasttransparent.com\/wp-content\/uploads\/2023\/09\/ifop-600x511.png\" alt=\"\" width=\"600\" height=\"511\" srcset=\"https:\/\/middleeasttransparent.com\/wp-content\/uploads\/2023\/09\/ifop-600x511.png 600w, https:\/\/middleeasttransparent.com\/wp-content\/uploads\/2023\/09\/ifop-768x655.png 768w, https:\/\/middleeasttransparent.com\/wp-content\/uploads\/2023\/09\/ifop.png 861w\" sizes=\"(max-width: 600px) 100vw, 600px\" \/><\/div>\n<\/div>\n<p class=\"fig-paragraph\">Interrog\u00e9 en juin \u00e0 ce sujet, l\u2019ancien ministre de l\u2019\u00c9ducation nationale Pap Ndiaye avait d\u00e9clar\u00e9 aux journalistes \u00e0 la sortie de l\u2019Assembl\u00e9e nationale\u00a0: \u00ab<em>\u00a0L&rsquo;appr\u00e9ciation du caract\u00e8re religieux, ou pas [des tenues traditionnelles telles que l\u2019abaya ou le qami], ce sont les chefs d&rsquo;\u00e9tablissement qui doivent l&rsquo;apporter<\/em>\u00a0\u00bb. Une mani\u00e8re, selon ses opposants \u00e0 droite, de refuser de trancher clairement le d\u00e9bat. Cette ambigu\u00eft\u00e9 avait \u00e9t\u00e9 jug\u00e9e s\u00e9v\u00e8rement par les Fran\u00e7ais, qui <strong>selon l\u2019IFOP sont 78 % \u00e0 estimer que \u00ab<em>le caract\u00e8re religieux de v\u00eatements comme les abayas ou les qamis \/ djellabas doit \u00eatre d\u00e9fini automatiquement et nationalement par le minist\u00e8re de l\u2019\u00c9ducation nationale au regard de crit\u00e8res pr\u00e9cis<\/em>\u00bb<\/strong>. Ce que s\u2019appr\u00eate donc \u00e0 faire le nouveau ministre Gabriel Attal, par la publication d\u2019une circulaire plus explicite.<\/p>\n<p><a href=\"https:\/\/www.lefigaro.fr\/actualite-france\/abayas-a-l-ecole-les-francais-meme-de-gauche-favorables-a-l-interdiction-20230828\">Le Figaro<\/a><\/p>\n<\/div>\n<\/article>\n<\/div>\n<\/div>\n<\/div>\n<\/div>\n","protected":false},"excerpt":{"rendered":"<p>Par\u00a0Paul Sugy Un sondage IFOP atteste que les Fran\u00e7ais sont majoritairement oppos\u00e9s au fait que l\u2019\u00e9cole publique autorise le port de v\u00eatements traditionnels ou religieux tels que les abayas, les qamis ou les djellabas. &nbsp; La gauche, \u00e0 l\u2019exception de quelques socialistes \u00abdissidents\u00bb (le d\u00e9put\u00e9 J\u00e9r\u00f4me Guedj, le maire de Montpellier Micha\u00ebl Delafosse&#8230;) et du<\/p>\n","protected":false},"author":152,"featured_media":111470,"comment_status":"open","ping_status":"open","sticky":false,"template":"","format":"standard","meta":{"_uf_show_specific_survey":0,"_uf_disable_surveys":false,"footnotes":""},"categories":[37],"tags":[],"class_list":{"0":"post-111461","1":"post","2":"type-post","3":"status-publish","4":"format-standard","5":"has-post-thumbnail","7":"category-alaune-fr"},"aioseo_notices":[],"_links":{"self":[{"href":"https:\/\/middleeasttransparent.com\/fr\/wp-json\/wp\/v2\/posts\/111461","targetHints":{"allow":["GET"]}}],"collection":[{"href":"https:\/\/middleeasttransparent.com\/fr\/wp-json\/wp\/v2\/posts"}],"about":[{"href":"https:\/\/middleeasttransparent.com\/fr\/wp-json\/wp\/v2\/types\/post"}],"author":[{"embeddable":true,"href":"https:\/\/middleeasttransparent.com\/fr\/wp-json\/wp\/v2\/users\/152"}],"replies":[{"embeddable":true,"href":"https:\/\/middleeasttransparent.com\/fr\/wp-json\/wp\/v2\/comments?post=111461"}],"version-history":[{"count":0,"href":"https:\/\/middleeasttransparent.com\/fr\/wp-json\/wp\/v2\/posts\/111461\/revisions"}],"wp:featuredmedia":[{"embeddable":true,"href":"https:\/\/middleeasttransparent.com\/fr\/wp-json\/wp\/v2\/media\/111470"}],"wp:attachment":[{"href":"https:\/\/middleeasttransparent.com\/fr\/wp-json\/wp\/v2\/media?parent=111461"}],"wp:term":[{"taxonomy":"category","embeddable":true,"href":"https:\/\/middleeasttransparent.com\/fr\/wp-json\/wp\/v2\/categories?post=111461"},{"taxonomy":"post_tag","embeddable":true,"href":"https:\/\/middleeasttransparent.com\/fr\/wp-json\/wp\/v2\/tags?post=111461"}],"curies":[{"name":"wp","href":"https:\/\/api.w.org\/{rel}","templated":true}]}}