{"id":109057,"date":"2023-08-14T14:06:26","date_gmt":"2023-08-14T13:06:26","guid":{"rendered":"https:\/\/middleeasttransparent.com\/?p=109057"},"modified":"2023-08-14T14:06:26","modified_gmt":"2023-08-14T13:06:26","slug":"au-venezuela-nicolas-maduro-fait-main-basse-sur-le-parti-communiste","status":"publish","type":"post","link":"https:\/\/middleeasttransparent.com\/fr\/au-venezuela-nicolas-maduro-fait-main-basse-sur-le-parti-communiste\/","title":{"rendered":"Au Venezuela, Nicolas Maduro fait main basse sur le Parti communiste"},"content":{"rendered":"<header class=\"article__header \">\n<div class=\"article__header-wrap\">\n<div class=\"article__heading\">\n<p><em>(Le secr\u00e9taire g\u00e9n\u00e9ral du Parti communiste du Venezuela, Oscar Figuera Gonzalez, d\u00e9mis de ses fonctions, vendredi 11 ao\u00fbt 2023.)<\/em><\/p>\n<h2><\/h2>\n<h2><\/h2>\n<h2 class=\"article__desc\"><strong>D\u00e9mis par d\u00e9cision de justice au profit d\u2019une direction plus docile \u00e0 l\u2019\u00e9gard du gouvernement, Oscar Figuera, le secr\u00e9taire g\u00e9n\u00e9ral du PCV, d\u00e9nonce \u00ab\u00a0un assaut du pouvoir\u00a0\u00bb.<\/strong><\/h2>\n<\/div>\n<\/div>\n<p>&nbsp;<\/p>\n<div class=\"article__header-wrap\">\n<p class=\"meta meta__publisher meta__publisher--header\"><strong><span id=\"js-authors-list\" class=\"meta__author meta__author--header\" style=\"color: #0000ff;\">Par <a class=\"article__author-link\" style=\"color: #0000ff;\" href=\"\/signataires\/marie-delcas\/\">Marie Delcas<\/a><span class=\"author__desc author__desc--header\">(Bogota, correspondante r\u00e9gionale)<\/span><\/span><\/strong><\/p>\n<\/div>\n<\/header>\n<section class=\"article__wrapper article__wrapper--premium \">\n<article class=\"article__content old__article-content-single\">\n<figure class=\"article__media\"><noscript> <img decoding=\"async\" src=\"https:\/\/img.lemde.fr\/2023\/08\/12\/0\/0\/6048\/4024\/664\/0\/75\/0\/5e641f9_5998194-01-06.jpg\" alt=\"Le secr\u00e9taire g\u00e9n\u00e9ral du Parti communiste du Venezuela, Oscar Figuera Gonzalez, d\u00e9mis de ses fonctions, vendredi\u00a011\u00a0ao\u00fbt\u00a02023. Ici, au Th\u00e9\u00e2tre Cantaclaro, \u00e0 Caracas, le 12\u00a0ao\u00fbt\u00a02023.\"> <\/noscript><figcaption class=\"article__legend\" aria-hidden=\"true\">Le secr\u00e9taire g\u00e9n\u00e9ral du Parti communiste du Venezuela, Oscar Figuera Gonzalez, d\u00e9mis de ses fonctions, vendredi\u00a011\u00a0ao\u00fbt\u00a02023. Ici, au Th\u00e9\u00e2tre Cantaclaro, \u00e0 Caracas, le 12\u00a0ao\u00fbt\u00a02023. <span class=\"article__credit\" aria-hidden=\"true\">FEDERICO PARRA \/ AFP<\/span><\/figcaption><\/figure>\n<p class=\"article__paragraph \">Le gouvernement de Nicolas Maduro est <em>\u00ab\u00a0autoritaire et antid\u00e9mocratique\u00a0\u00bb. <\/em>Cette fois-ci, ce n\u2019est pas la droite qui le dit mais le Parti communiste du Venezuela (PCV). Longtemps alli\u00e9s du pouvoir chaviste, les communistes s\u2019en disent aujourd\u2019hui les victimes. Vendredi 11\u00a0ao\u00fbt, le Tribunal sup\u00e9rieur de justice (TSJ) annon\u00e7ait la destitution de la direction du PCV, jug\u00e9e ill\u00e9gitime, et son remplacement par une direction ad hoc, charg\u00e9e de <em>\u00ab\u00a0r\u00e9tablir les processus d\u00e9mocratiques au sein du parti\u00a0\u00bb. <\/em>Pour Oscar Figuera, le secr\u00e9taire g\u00e9n\u00e9ral du PCV d\u00e9mis, <em>\u00ab\u00a0le parti a \u00e9t\u00e9 victime d\u2019un assaut du pouvoir\u00a0\u00bb.<\/em><\/p>\n<p class=\"article__paragraph \">Une semaine plus t\u00f4t, la Croix-Rouge v\u00e9n\u00e9zu\u00e9lienne avait fait l\u2019objet d\u2019une intervention judiciaire tr\u00e8s semblable\u00a0: les magistrats du TSJ ont limog\u00e9 Mario Villarroel, qui dirigeait l\u2019organisation humanitaire depuis 1978, et d\u00e9sign\u00e9 <em>\u00ab\u00a0un conseil de restructuration\u00a0\u00bb.<\/em><\/p>\n<div id=\"inread_top\" class=\"dfp-slot dfp__slot dfp__inread\" data-format=\"inread_top\" aria-hidden=\"true\" data-google-query-id=\"CLG9zpX_24ADFUp-0wodpBgJCg\">\n<div id=\"google_ads_iframe_\/128139881\/LM_lemonde_abo\/international\/international\/article\/inread_top_0__container__\"><\/div>\n<\/div>\n<p class=\"article__paragraph \">Ce n\u2019est pas la premi\u00e8re fois que la justice v\u00e9n\u00e9zu\u00e9lienne met au pas un parti politique en destituant sa direction au profit d\u2019un groupe de militants plus dociles envers le pouvoir. En\u00a02020, les dirigeants historiques des partis d\u2019opposition Voluntad popular, Primero justicia, Accion Democratica avaient eux aussi perdu le contr\u00f4le de leur structure.<\/p>\n<h2 class=\"article__sub-title\">Le plus ancien parti du Venezuela<\/h2>\n<p class=\"article__paragraph \">Henry Parra a \u00e9t\u00e9 nomm\u00e9 \u00e0 la t\u00eate de l\u2019\u00e9quipe charg\u00e9e de remettre le PCV sur la bonne voie. Longtemps membre du parti, M.\u00a0Parra avait rendu sa carte en\u00a02021\u00a0pour se rapprocher des dirigeants du Parti socialiste unifi\u00e9 (PSUV). Dans un communiqu\u00e9 publi\u00e9 samedi, la direction sortante du PCV traite M.\u00a0Parra et ses collaborateurs de <em>\u00ab\u00a0mercenaires\u00a0\u00bb <\/em>du pouvoir. Paradoxe\u00a0de la politique v\u00e9n\u00e9zu\u00e9lienne, toute l\u2019opposition, y compris la droite ultralib\u00e9rale, a manifest\u00e9 samedi sa solidarit\u00e9 envers le vieux Parti communiste.<\/p>\n<p class=\"article__paragraph \">Fond\u00e9 en\u00a01931, le PCV est le plus ancien parti du Venezuela. Alli\u00e9 de la premi\u00e8re heure d\u2019Hugo Chavez (1999-2013), les communistes ont progressivement pris leurs distances avec son successeur, critiquant le <em>\u00ab\u00a0virage\u00a0n\u00e9olib\u00e9ral\u00a0\u00bb<\/em> de la politique \u00e9conomique gouvernementale, la fin du contr\u00f4le des changes et des prix, la dollarisation de fait de l\u2019\u00e9conomie ou encore l\u2019ouverture de la r\u00e9gion mini\u00e8re de l\u2019Or\u00e9noque aux investisseurs \u00e9trangers. Les communistes sont devenus de plus en plus critiques de la corruption ambiante et des privations que le pouvoir impose aux travailleurs. D\u2019alli\u00e9, le PCV est devenu adversaire.<\/p>\n<div class=\"inread__cta\"><\/div>\n<p class=\"article__paragraph \">Diosdado Cabello, le puissant vice-pr\u00e9sident du Parti socialiste unifi\u00e9, qui anime un programme de t\u00e9l\u00e9vision hebdomadaire, le rappelait depuis des mois. A l\u2019en croire, la base du Parti communiste n\u2019approuvait pas la ligne critique fix\u00e9e par la direction. La semaine derni\u00e8re, juste avant que le TSJ ne rende publique sa d\u00e9cision, M.\u00a0Diosdado \u00e9tait en visite officielle \u00e0 La\u00a0Havane, probablement pour s\u2019assurer le soutien de ses amis cubains.<\/p>\n<h2 class=\"article__sub-title\">\u00ab\u00a0Intervention ill\u00e9gale\u00a0\u00bb<\/h2>\n<p class=\"article__paragraph \">Diosdado Cabello est \u00e9galement \u00e0 l\u2019origine du proc\u00e8s en destitution du directeur de la Croix-Rouge. En juillet, il affirmait, en direct \u00e0 la t\u00e9l\u00e9vision, avoir re\u00e7u des plaintes d\u2019employ\u00e9s et de volontaires de l\u2019organisation humanitaire se plaignant de harc\u00e8lement et de mauvais traitements de la part de M.\u00a0Villarroel et de son \u00e9quipe. Sur la base de ces t\u00e9moignages rest\u00e9s anonymes, le procureur Tarek William Saab a saisi les magistrats du TSJ.<em> \u00ab\u00a0Je rejette cat\u00e9goriquement l\u2019intervention ill\u00e9gale dont notre institution a \u00e9t\u00e9 victime, bas\u00e9e sur de fausses accusations\u00a0\u00bb<\/em>, a d\u00e9clar\u00e9 M.\u00a0Villarroel dans une vid\u00e9o publi\u00e9e sur les r\u00e9seaux sociaux. A la t\u00e9l\u00e9vision, M.\u00a0Cabello avait \u00e9galement accus\u00e9 M.\u00a0Villarroel de <em>\u00ab\u00a0conspirer\u00a0\u00bb<\/em> contre le pr\u00e9sident Nicolas Maduro et de d\u00e9tourner \u00e0 des fins personnelles une partie des donations faites \u00e0 l\u2019organisation.<\/p>\n<section class=\"catcher catcher--favoris\">\n<div class=\"catcher__content\"><span class=\"catcher__title catcher__title--hide\">Lire aussi :<\/span><span class=\"catcher__desc\"> <span class=\"icon__premium\"><span class=\"sr-only\">Article r\u00e9serv\u00e9 \u00e0 nos abonn\u00e9s<\/span><\/span> <a class=\"js-article-read-also catcher--favoris__link\" href=\"https:\/\/www.lemonde.fr\/international\/article\/2023\/04\/18\/au-venezuela-le-president-nicolas-maduro-menace-d-avancer-la-presidentielle-pour-prendre-de-court-l-opposition_6170026_3210.html\" data-premium=\"1\">Au Venezuela, Nicolas Maduro menace d\u2019avancer la pr\u00e9sidentielle pour prendre de court l\u2019opposition<\/a> <\/span><\/div>\n<div class=\"catcher__favorite\">\n<div class=\"meta__icon meta__icon--favorite lmd-dropdown-favorite\" data-position=\"lire aussi\" data-url=\"https:\/\/www.lemonde.fr\/international\/article\/2023\/04\/18\/au-venezuela-le-president-nicolas-maduro-menace-d-avancer-la-presidentielle-pour-prendre-de-court-l-opposition_6170026_3210.html\" data-loaded=\"loaded\"><button class=\"meta__link meta__link-wrapper js-trigger-favorite\" data-article-id=\"3319023\" data-position=\"lire aussi\" data-url=\"https:\/\/www.lemonde.fr\/international\/article\/2023\/04\/18\/au-venezuela-le-president-nicolas-maduro-menace-d-avancer-la-presidentielle-pour-prendre-de-court-l-opposition_6170026_3210.html\" data-loaded=\"loaded\"> <span class=\"sr-only\">Ajouter \u00e0 vos s\u00e9lections<\/span> <\/button> <span class=\"meta__icon-desc meta__icon-desc--favorites js-favorites-desc\" data-article-id=\"3319023\" aria-hidden=\"true\">Ajouter \u00e0 vos s\u00e9lections<\/span><\/div>\n<\/div>\n<\/section>\n<p class=\"article__paragraph \">La F\u00e9d\u00e9ration internationale de la Croix-Rouge (FICR) a d\u00e9p\u00each\u00e9 un \u00e9missaire \u00e0 Caracas, Walter Cotte. Il s\u2019est r\u00e9uni avec la vice-pr\u00e9sidente v\u00e9n\u00e9zu\u00e9lienne, Delcy Rodriguez, et les membres du nouveau conseil de restructuration. La FICR a fait savoir qu\u2019elle entendait <em>\u00ab\u00a0prot\u00e9ger le r\u00f4le essentiel de la Croix-Rouge v\u00e9n\u00e9zu\u00e9lienne, de ses volontaires et de son personnel dans le pays\u00a0\u00bb<\/em>, en rappelant que <em>\u00ab\u00a0leur action humanitaire neutre, impartiale et ind\u00e9pendante a \u00e9t\u00e9 essentielle pour sauver des vies\u00a0\u00bb<\/em>. Pr\u00e9sente dans 191\u00a0pays, l\u2019organisation humanitaire internationale ne peut travailler sans l\u2019accord des gouvernements qui l\u2019accueillent.<\/p>\n<section class=\"author\">\n<p class=\"article__author-container\"><span class=\"author__detail\"><a class=\"article__author-link\" href=\"\/signataires\/marie-delcas\/\"> <span class=\"author__name\">Marie Delcas<\/span><span class=\"author__desc\">(Bogota, correspondante r\u00e9gionale)<\/span><\/a><\/span><\/p>\n<\/section>\n<section class=\"article__reactions\">\n<section class=\"paywall__comments-subscribe\"><a href=\"https:\/\/www.lemonde.fr\/international\/article\/2023\/08\/14\/au-venezuela-maduro-fait-main-basse-sur-le-parti-communiste_6185353_3210.html?random=1199353501\">LE MONDE<\/a><\/section>\n<\/section>\n<\/article>\n<\/section>\n","protected":false},"excerpt":{"rendered":"<p>(Le secr\u00e9taire g\u00e9n\u00e9ral du Parti communiste du Venezuela, Oscar Figuera Gonzalez, d\u00e9mis de ses fonctions, vendredi 11 ao\u00fbt 2023.) D\u00e9mis par d\u00e9cision de justice au profit d\u2019une direction plus docile \u00e0 l\u2019\u00e9gard du gouvernement, Oscar Figuera, le secr\u00e9taire g\u00e9n\u00e9ral du PCV, d\u00e9nonce \u00ab\u00a0un assaut du pouvoir\u00a0\u00bb. &nbsp; Par Marie Delcas(Bogota, correspondante r\u00e9gionale) Le secr\u00e9taire g\u00e9n\u00e9ral<\/p>\n","protected":false},"author":134,"featured_media":109060,"comment_status":"open","ping_status":"open","sticky":false,"template":"","format":"standard","meta":{"_uf_show_specific_survey":0,"_uf_disable_surveys":false,"footnotes":""},"categories":[22],"tags":[],"class_list":{"0":"post-109057","1":"post","2":"type-post","3":"status-publish","4":"format-standard","5":"has-post-thumbnail","7":"category-actualites-fr"},"aioseo_notices":[],"_links":{"self":[{"href":"https:\/\/middleeasttransparent.com\/fr\/wp-json\/wp\/v2\/posts\/109057","targetHints":{"allow":["GET"]}}],"collection":[{"href":"https:\/\/middleeasttransparent.com\/fr\/wp-json\/wp\/v2\/posts"}],"about":[{"href":"https:\/\/middleeasttransparent.com\/fr\/wp-json\/wp\/v2\/types\/post"}],"author":[{"embeddable":true,"href":"https:\/\/middleeasttransparent.com\/fr\/wp-json\/wp\/v2\/users\/134"}],"replies":[{"embeddable":true,"href":"https:\/\/middleeasttransparent.com\/fr\/wp-json\/wp\/v2\/comments?post=109057"}],"version-history":[{"count":0,"href":"https:\/\/middleeasttransparent.com\/fr\/wp-json\/wp\/v2\/posts\/109057\/revisions"}],"wp:featuredmedia":[{"embeddable":true,"href":"https:\/\/middleeasttransparent.com\/fr\/wp-json\/wp\/v2\/media\/109060"}],"wp:attachment":[{"href":"https:\/\/middleeasttransparent.com\/fr\/wp-json\/wp\/v2\/media?parent=109057"}],"wp:term":[{"taxonomy":"category","embeddable":true,"href":"https:\/\/middleeasttransparent.com\/fr\/wp-json\/wp\/v2\/categories?post=109057"},{"taxonomy":"post_tag","embeddable":true,"href":"https:\/\/middleeasttransparent.com\/fr\/wp-json\/wp\/v2\/tags?post=109057"}],"curies":[{"name":"wp","href":"https:\/\/api.w.org\/{rel}","templated":true}]}}