{"id":10905,"date":"2016-04-08T08:22:01","date_gmt":"2016-04-08T07:22:01","guid":{"rendered":"http:\/\/middleeasttransparent.com\/?p=10905"},"modified":"2016-04-08T08:22:01","modified_gmt":"2016-04-08T07:22:01","slug":"la-guerre-metaphysique-des-deux-millenarismes","status":"publish","type":"post","link":"https:\/\/middleeasttransparent.com\/fr\/la-guerre-metaphysique-des-deux-millenarismes\/","title":{"rendered":"La guerre m\u00e9taphysique des deux mill\u00e9narismes"},"content":{"rendered":"<p class=\"p1\"><b><\/b><span class=\"s1\"><strong>De nombreux observateurs, des intellectuels et des penseurs \u00e9minents semblent accepter l\u2019id\u00e9e d\u2019une solution conf\u00e9d\u00e9rale ou f\u00e9d\u00e9rale, pour le Levant et le Moyen-Orient, celle d\u2019une mosa\u00efque de petites baronnies relativement homog\u00e8nes sur le plan sectaire<\/strong>. Ce serait quelque chose qui ressemblerait \u00e0 l\u2019ordre qui suivit les Trait\u00e9s de Westphalie apr\u00e8s les terribles guerres dite de de religion en Europe. Il est \u00e9vident que nul n\u2019est oppos\u00e9 \u00e0 l\u2019id\u00e9e d\u2019un syst\u00e8me f\u00e9d\u00e9ral, ou r\u00e9gional, de l\u2019administration, des services publics et de certains pouvoirs locaux. Le royaume de Belgique a donn\u00e9 l\u2019exemple de ce qu\u2019on pouvait faire, de plus \u00e9quilibr\u00e9, en la mati\u00e8re.<\/span><\/p>\n<p class=\"p4\"><span class=\"s1\">Mais qu\u2019en est-il du pouvoir central r\u00e9gulateur\u00a0? Il est clair qu\u2019au Liban la machine est gripp\u00e9e, tant les forces politiques en pr\u00e9sence ont r\u00e9ussi \u00e0 d\u00e9tourner la repr\u00e9sentativit\u00e9 communautaire pour servir leurs seuls int\u00e9r\u00eats. Toutes ces querelles de clocher se d\u00e9roulent sur un fond d\u2019apocalypse r\u00e9gionale o\u00f9 des int\u00e9r\u00eats, infiniment plus puissants, s\u2019affrontent sur fond d\u2019un tableau apocalyptique que J. Beauchard qualifie de \u00ab\u00a0chaos mill\u00e9nariste\u00a0\u00bb dont la strat\u00e9gie est dite celle du \u00ab\u00a0double ennemi\u00a0\u00bb. La mont\u00e9e classique aux extr\u00eames implique une succession d\u2019alliances, de telle sorte qu\u2019au bout du compte il n\u2019y a plus qu\u2019un face-\u00e0-face entre deux camps bellig\u00e9rants. Le sch\u00e9ma demeure binaire jusqu\u2019\u00e0 la conclusion du conflit\u00a0: l\u2019ennemi de mon ennemi est mon ami <\/span><\/p>\n<p class=\"p4\"><span class=\"s1\">Le \u00ab\u00a0double ennemi\u00a0\u00bb est la strat\u00e9gie du r\u00e9gime syrien qui a su mettre en place des triades guerri\u00e8res o\u00f9 l\u2019ennemi de mon ennemi demeure un ennemi (R\u00e9gime-Peuple-Daesh). Il n\u2019y a point de face-\u00e0-face binaire, sauf pour les besoins de la propagande. Une telle configuration d\u00e9truit le politique, d\u00e9sagr\u00e8ge la soci\u00e9t\u00e9 et ouvre toutes grandes les portes de la violence, de la terreur et de la cruaut\u00e9. La violence n\u2019a plus d\u2019autre justificatif qu\u2019elle-m\u00eame. Elle tourne en rond. Le syst\u00e8me s\u2019emballe, comme un circuit \u00e9lectrique qui finit par se d\u00e9truire en d\u00e9truisant tout. C\u2019est ce qui arrive \u00e0 notre \u00ab\u00a0village global\u00a0\u00bb qu\u2019on nous a tellement chant\u00e9. <\/span><\/p>\n<p class=\"p4\"><span class=\"s1\">On nous dit, qu\u2019au Levant, ceci est largement d\u00fb \u00e0 la guerre sunnito-chiite qui d\u00e9nature tout. Mais y-a-t-il vraiment une guerre entre \u00ab\u00a0tous\u00a0\u00bb les sunnites d\u2019une part, et \u00ab\u00a0tous\u00a0\u00bb les chiites de l\u2019autre\u00a0? On nous dit que Daesh, comme repr\u00e9sentant d\u2019un sunnisme ultra-radical exacerb\u00e9, en veut \u00e0 tous les non-musulmans. Les r\u00e9cents attentats en Europe en seraient une preuve. Mais est-ce le cas\u00a0? <\/span><\/p>\n<p class=\"p4\"><span class=\"s1\">La r\u00e9alit\u00e9 est plus complexe. Depuis la R\u00e9volution Islamique d\u2019Iran (1979) mais, surtout, depuis l\u2019effondrement de l\u2019ancienne URSS, nous vivons dans une utopie dangereuse\u00a0: celle de la fin de l\u2019histoire, ou de la fin des temps. Huntington l\u2019a \u00e9crit, Fukuyama l\u2019a \u00e9crit, Khomeiny l\u2019a enseign\u00e9 en affirmant que la r\u00e9volution iranienne avait inond\u00e9 le monde par le divin. Le projet politique de <i>Wilyat-al-Faqih<\/i> (Vicariat du juriste-th\u00e9ologien) est, par nature, une utopie eschatologique qui pr\u00e9pare l\u2019\u00e9piphanie du Mahdi (l\u2019Imam occult\u00e9) qui doit achever, par la violence, la r\u00e9volution purificatrice\u00a0; nettoyer le monde de tout mal afin de faire advenir le Jour du Jugement. <\/span><\/p>\n<p class=\"p4\"><span class=\"s1\">Et Daesh dans tout cela\u00a0? Ce simulacre des <i>snuff-movies<\/i> et des jeux-vid\u00e9o, issu de la matrice d\u2019Al Qaeda\u00a0? O\u00f9 se situe-t-il\u00a0? Tout indique qu\u2019il se positionne sur le m\u00eame registre que son fr\u00e8re-ennemi pr\u00e9c\u00e9dent. C\u2019est aussi une utopie eschatologique de l\u2019Ultime Califat qui anticipe l\u2019\u00e9piphanie d\u2019un mahdi quelconque. La notion est la m\u00eame que dans le chiisme mais le personnage attendu n\u2019est pas le m\u00eame. Il aura pour t\u00e2che de parachever l\u2019\u0153uvre de purification du monde de toute m\u00e9cr\u00e9ance par la violence la plus terrifiante. C\u2019est ce chaos mill\u00e9nariste, \u00e0 la violence exacerb\u00e9e par la strat\u00e9gie du double ennemi, dans un monde globalis\u00e9, qui rend la situation actuelle si d\u00e9concertante et incertaine.<\/span><\/p>\n<p class=\"p4\"><span class=\"s1\">Nous nous trouvons donc face, non pas \u00e0 un affrontement sunnito-chiite <i>stricto sensu<\/i>, mais face \u00e0 un conflit m\u00e9taphysique eschatologique, qui met face \u00e0 face deux strat\u00e9gies inconciliables de l\u2019apocalypse qui, toutes les deux, passent par la terreur la destruction de tout ce qui n\u2019est pas soi. L\u2019eschatologie, c\u2019est-\u00e0-dire les fins derni\u00e8res, est uniquement envisag\u00e9e sur le mode apocalyptique et non sur celui de l\u2019esp\u00e9rance dans un meilleur lendemain.<\/span><\/p>\n<p class=\"p4\"><span class=\"s1\">Et c\u2019est justement, entre ces deux perversions mill\u00e9naristes, que se situe le r\u00f4le de tous ceux qui savent que l\u2019histoire est faite par les hommes, qu\u2019elle est faite de ruptures et que la fin de l\u2019histoire est envisageable mais nul ne peut la pr\u00e9cipiter.<\/span><\/p>\n<p class=\"p4\"><span class=\"s1\">Ces hommes r\u00e9alistes sont ceux qui croient au vivre-ensemble et qui sont pr\u00eats \u00e0 tout mettre en \u0153uvre, non pour r\u00e9pandre l\u2019ang\u00e9lisme b\u00e9at, mais d\u2019abord pour faire face \u00e0 la folie de la terreur et modeler le monde, ensuite, afin de le rendre compatible avec le vivre-ensemble<\/span><\/p>\n<p class=\"p4\">acourban@gmail.com<\/p>\n","protected":false},"excerpt":{"rendered":"<p>De nombreux observateurs, des intellectuels et des penseurs \u00e9minents semblent accepter l\u2019id\u00e9e d\u2019une solution conf\u00e9d\u00e9rale ou f\u00e9d\u00e9rale, pour le Levant et le Moyen-Orient, celle d\u2019une mosa\u00efque de petites baronnies relativement homog\u00e8nes sur le plan sectaire. Ce serait quelque chose qui ressemblerait \u00e0 l\u2019ordre qui suivit les Trait\u00e9s de Westphalie apr\u00e8s les terribles guerres dite de<\/p>\n","protected":false},"author":33,"featured_media":10906,"comment_status":"open","ping_status":"open","sticky":false,"template":"","format":"standard","meta":{"_uf_show_specific_survey":0,"_uf_disable_surveys":false,"footnotes":""},"categories":[25],"tags":[],"class_list":{"0":"post-10905","1":"post","2":"type-post","3":"status-publish","4":"format-standard","5":"has-post-thumbnail","7":"category-decryptages"},"aioseo_notices":[],"_links":{"self":[{"href":"https:\/\/middleeasttransparent.com\/fr\/wp-json\/wp\/v2\/posts\/10905","targetHints":{"allow":["GET"]}}],"collection":[{"href":"https:\/\/middleeasttransparent.com\/fr\/wp-json\/wp\/v2\/posts"}],"about":[{"href":"https:\/\/middleeasttransparent.com\/fr\/wp-json\/wp\/v2\/types\/post"}],"author":[{"embeddable":true,"href":"https:\/\/middleeasttransparent.com\/fr\/wp-json\/wp\/v2\/users\/33"}],"replies":[{"embeddable":true,"href":"https:\/\/middleeasttransparent.com\/fr\/wp-json\/wp\/v2\/comments?post=10905"}],"version-history":[{"count":0,"href":"https:\/\/middleeasttransparent.com\/fr\/wp-json\/wp\/v2\/posts\/10905\/revisions"}],"wp:featuredmedia":[{"embeddable":true,"href":"https:\/\/middleeasttransparent.com\/fr\/wp-json\/wp\/v2\/media\/10906"}],"wp:attachment":[{"href":"https:\/\/middleeasttransparent.com\/fr\/wp-json\/wp\/v2\/media?parent=10905"}],"wp:term":[{"taxonomy":"category","embeddable":true,"href":"https:\/\/middleeasttransparent.com\/fr\/wp-json\/wp\/v2\/categories?post=10905"},{"taxonomy":"post_tag","embeddable":true,"href":"https:\/\/middleeasttransparent.com\/fr\/wp-json\/wp\/v2\/tags?post=10905"}],"curies":[{"name":"wp","href":"https:\/\/api.w.org\/{rel}","templated":true}]}}