{"id":108961,"date":"2023-08-11T22:31:08","date_gmt":"2023-08-11T21:31:08","guid":{"rendered":"https:\/\/middleeasttransparent.com\/?p=108961"},"modified":"2023-08-11T22:31:08","modified_gmt":"2023-08-11T21:31:08","slug":"liban-lex-patron-de-la-banque-centrale-sous-le-coup-de-sanctions-de-la-part-des-etat-unis","status":"publish","type":"post","link":"https:\/\/middleeasttransparent.com\/fr\/liban-lex-patron-de-la-banque-centrale-sous-le-coup-de-sanctions-de-la-part-des-etat-unis\/","title":{"rendered":"Liban\u00a0: l\u2019ex-patron de la banque centrale sous le coup de sanctions de la part des Etat-Unis"},"content":{"rendered":"<h2><strong>Riad Salam\u00e9 est accus\u00e9 de s\u2019\u00eatre enrichi par la corruption, m\u00eame pendant l\u2019aggravation de la crise qui frappe son pays.<\/strong><\/h2>\n<header class=\"article__header \">\n<div class=\"article__header-wrap\">\n<p>&nbsp;<\/p>\n<\/div>\n<\/header>\n<section class=\"article__wrapper article__wrapper--premium \">\n<article>\n<h3><span style=\"color: #666699;\">Le d\u00e9but de la retraite de Riad Salam\u00e9 aura \u00e9t\u00e9 rapidement troubl\u00e9. Moins de deux semaines apr\u00e8s avoir quitt\u00e9 ses fonctions \u00e0 la t\u00eate de la Banque du Liban, l\u2019ancien gouverneur a \u00e9t\u00e9 sanctionn\u00e9, jeudi 10\u00a0ao\u00fbt, par les Etats-Unis, ainsi que par le Canada et le Royaume-Uni. Aux yeux du d\u00e9partement am\u00e9ricain au Tr\u00e9sor, ses \u00ab\u00a0actions corrompues et ill\u00e9gales ont contribu\u00e9 \u00e0\u00a0l\u2019effondrement de l\u2019Etat de droit au Liban\u00a0\u00bb.<\/span><\/h3>\n<\/article>\n<p>&nbsp;<\/p>\n<article class=\"article__content old__article-content-single\">\n<p class=\"article__paragraph \">Washington accuse l\u2019ex-grand argentier, \u00e2g\u00e9 de 73\u00a0ans et qui fut en poste pendant trente ans, d\u2019avoir <em>\u00ab\u00a0abus\u00e9 de sa position de pouvoir<\/em> (\u2026)<em> pour s\u2019enrichir et enrichir ses associ\u00e9s en acheminant des centaines de millions de dollars par le biais de soci\u00e9t\u00e9s-\u00e9crans en couches pour investir dans l\u2019immobilier europ\u00e9en.\u00a0\u00bb <\/em>Il lui est aussi reproch\u00e9 d\u2019avoir<em> \u00ab\u00a0plac\u00e9 ses int\u00e9r\u00eats et ambitions financiers personnels au-dessus de ceux des personnes qu\u2019il servait, m\u00eame quand la crise libanaise s\u2019est aggrav\u00e9e.\u00a0\u00bb <\/em>Le Liban est en plein effondrement \u00e9conomique depuis 2019.<\/p>\n<p class=\"article__paragraph \">Les mesures prises par les Etats-Unis et leurs partenaires signifient notamment que les avoirs de M. Salam\u00e9 \u2013 ainsi que ceux de ses proches \u00e9galement mis sur liste noire \u2013 sont gel\u00e9s dans ces pays. L\u2019int\u00e9ress\u00e9 a indiqu\u00e9 \u00e0 l\u2019agence Reuters qu\u2019il entendait <em>\u00ab\u00a0contester\u00a0\u00bb<\/em> la d\u00e9cision. L\u2019administration am\u00e9ricaine affirme que les <em>\u00ab\u00a0sanctions coordonn\u00e9es\u00a0\u00bb<\/em> viennent <em>\u00ab\u00a0compl\u00e9ter\u00a0\u00bb<\/em> les enqu\u00eates en cours, en Europe et au Liban. Deux mandats d\u2019arr\u00eat ont \u00e9t\u00e9 \u00e9mis en mai par les justices fran\u00e7aise et allemande. Se pr\u00e9sentant comme un <em>\u00ab\u00a0bouc \u00e9missaire\u00a0\u00bb<\/em>, l\u2019ancien gouverneur a toujours r\u00e9fut\u00e9 les accusations de d\u00e9tournement de fonds publics et de blanchiment d\u2019argent.<\/p>\n<h2 class=\"article__sub-title\">Avertissement aux dirigeants politiques<\/h2>\n<p class=\"article__paragraph \">M.\u00a0Salam\u00e9 a longtemps \u00e9t\u00e9 consid\u00e9r\u00e9 comme un fid\u00e8le partenaire des Etats-Unis. A la t\u00eate de la banque centrale, il avait acc\u00e8s \u00e0 des donn\u00e9es sensibles, y compris celles pouvant concerner des financiers du Hezbollah, que traque Washington. Le fait qu\u2019il ait pu achever son ultime mandat avait \u00e9t\u00e9 per\u00e7u par des observateurs comme le signe que les Etats-Unis avaient souhait\u00e9 m\u00e9nager leur ancien alli\u00e9. <em>\u00ab\u00a0Il \u00e9tait toutefois notoire que les Am\u00e9ricains ne soutenaient plus Riad Salam\u00e9\u00a0\u00bb<\/em>, temp\u00e8re un haut responsable libanais, avant d\u2019ironiser\u00a0: <em>\u00ab\u00a0Il leur aura fallu plus de temps pour arriver aux conclusions des enqu\u00eateurs europ\u00e9ens.\u00a0\u00bb<\/em><\/p>\n<section class=\"catcher catcher--favoris\">\n<div class=\"meta__icon meta__icon--favorite lmd-dropdown-favorite\" data-position=\"lire aussi\" data-url=\"https:\/\/www.lemonde.fr\/international\/article\/2023\/07\/28\/au-liban-la-retraite-doree-de-riad-salame-discredite-mais-intouchable_6183700_3210.html\" data-loaded=\"loaded\"><\/div>\n<\/section>\n<p class=\"article__paragraph \">Les sanctions am\u00e9ricaines sont <em>\u00ab\u00a0certes tardives, mais elles sont loin d\u2019\u00eatre anodines<\/em>, estime<strong> l\u2019avocat Karim Daher,<\/strong> actif dans la lutte contre la corruption. <em>Elles vont compliquer toute transaction sur d\u2019autres places financi\u00e8res. Les banques qui op\u00e8rent en dollars ne veulent pas prendre de risque de traiter avec une personne fich\u00e9e par le Tr\u00e9sor am\u00e9ricain.\u00a0Ces sanctions sont aussi le signe que l\u2019\u00e9tau se resserre \u00e0 l\u2019international autour de Riad Salam\u00e9.\u00a0\u00bb<\/em><\/p>\n<div id=\"inread_top\" class=\"dfp-slot dfp__slot dfp__inread\" data-format=\"inread_top\" aria-hidden=\"true\" data-google-query-id=\"CLqI5d6e1YADFVaXhQodaMUK9g\">\n<div id=\"google_ads_iframe_\/128139881\/LM_lemonde_abo\/international\/international\/article\/inread_top_0__container__\"><\/div>\n<\/div>\n<p class=\"article__paragraph \">Le <em>\u00ab<\/em>\u00a0l\u00e2chage\u00a0\u00bb am\u00e9ricain contraste toutefois avec l\u2019influence que garde l\u2019ancien gouverneur au Liban. Son d\u00e9part de la Banque du Liban, le 31\u00a0juillet, a donn\u00e9 lieu \u00e0 des sc\u00e8nes \u00e9piques\u00a0: il \u00e9tait entour\u00e9 d\u2019employ\u00e9s en pleurs et de musiciens charg\u00e9s de c\u00e9l\u00e9brer ses louanges \u2013 bien qu\u2019il soit consid\u00e9r\u00e9 par toute une partie des Libanais comme l\u2019un des principaux responsables de la faillite.<\/p>\n<p class=\"article__paragraph \">L\u2019annonce de Washington sonne aussi au Liban comme un avertissement adress\u00e9 aux dirigeants politiques en lutte pour le partage du pouvoir. Diverses institutions sont paralys\u00e9es, et aucun successeur \u00e0 M. Salam\u00e9 n\u2019a pu \u00eatre nomm\u00e9. Propuls\u00e9 \u00e0 la t\u00eate de la Banque du Liban par int\u00e9rim, Wassim Mansouri a assur\u00e9 vouloir ouvrir une nouvelle page, notamment en pr\u00e9voyant d\u2019imposer des restrictions drastiques sur les pr\u00eats accord\u00e9s au gouvernement.<\/p>\n<section class=\"catcher catcher--favoris\">\n<div class=\"meta__icon meta__icon--favorite lmd-dropdown-favorite\" data-position=\"lire aussi\" data-url=\"https:\/\/www.lemonde.fr\/idees\/article\/2023\/08\/02\/le-liban-trahi-par-ses-responsables_6184233_3232.html\" data-loaded=\"loaded\"><\/div>\n<\/section>\n<section class=\"author\">\n<p class=\"article__author-container\"><span class=\"author__detail\"><a class=\"article__author-link\" href=\"\/signataires\/laure-stephan\/\"><span class=\"author__name\">Laure Stephan <\/span><span class=\"author__desc\">(Beyrouth, correspondance)<\/span><\/a><\/span><\/p>\n<\/section>\n<section class=\"article__reactions\">\n<section id=\"js-paywall-comments\" class=\"paywall__comments\">\n<section class=\"paywall__comments-btn\">\n<section class=\"paywall__comments-subscribe\"><\/section>\n<\/section>\n<\/section>\n<\/section>\n<section><a href=\"https:\/\/www.lemonde.fr\/international\/article\/2023\/08\/11\/liban-l-ex-patron-de-la-banque-centrale-sous-le-coup-de-sanctions-de-la-part-des-etat-unis_6185100_3210.html\">Le Monde<\/a><\/section>\n<\/article>\n<\/section>\n","protected":false},"excerpt":{"rendered":"<p>Riad Salam\u00e9 est accus\u00e9 de s\u2019\u00eatre enrichi par la corruption, m\u00eame pendant l\u2019aggravation de la crise qui frappe son pays. &nbsp; Le d\u00e9but de la retraite de Riad Salam\u00e9 aura \u00e9t\u00e9 rapidement troubl\u00e9. Moins de deux semaines apr\u00e8s avoir quitt\u00e9 ses fonctions \u00e0 la t\u00eate de la Banque du Liban, l\u2019ancien gouverneur a \u00e9t\u00e9 sanctionn\u00e9,<\/p>\n","protected":false},"author":611,"featured_media":108967,"comment_status":"open","ping_status":"open","sticky":false,"template":"","format":"standard","meta":{"_uf_show_specific_survey":0,"_uf_disable_surveys":false,"footnotes":""},"categories":[37],"tags":[],"class_list":{"0":"post-108961","1":"post","2":"type-post","3":"status-publish","4":"format-standard","5":"has-post-thumbnail","7":"category-alaune-fr"},"aioseo_notices":[],"_links":{"self":[{"href":"https:\/\/middleeasttransparent.com\/fr\/wp-json\/wp\/v2\/posts\/108961","targetHints":{"allow":["GET"]}}],"collection":[{"href":"https:\/\/middleeasttransparent.com\/fr\/wp-json\/wp\/v2\/posts"}],"about":[{"href":"https:\/\/middleeasttransparent.com\/fr\/wp-json\/wp\/v2\/types\/post"}],"author":[{"embeddable":true,"href":"https:\/\/middleeasttransparent.com\/fr\/wp-json\/wp\/v2\/users\/611"}],"replies":[{"embeddable":true,"href":"https:\/\/middleeasttransparent.com\/fr\/wp-json\/wp\/v2\/comments?post=108961"}],"version-history":[{"count":0,"href":"https:\/\/middleeasttransparent.com\/fr\/wp-json\/wp\/v2\/posts\/108961\/revisions"}],"wp:featuredmedia":[{"embeddable":true,"href":"https:\/\/middleeasttransparent.com\/fr\/wp-json\/wp\/v2\/media\/108967"}],"wp:attachment":[{"href":"https:\/\/middleeasttransparent.com\/fr\/wp-json\/wp\/v2\/media?parent=108961"}],"wp:term":[{"taxonomy":"category","embeddable":true,"href":"https:\/\/middleeasttransparent.com\/fr\/wp-json\/wp\/v2\/categories?post=108961"},{"taxonomy":"post_tag","embeddable":true,"href":"https:\/\/middleeasttransparent.com\/fr\/wp-json\/wp\/v2\/tags?post=108961"}],"curies":[{"name":"wp","href":"https:\/\/api.w.org\/{rel}","templated":true}]}}