{"id":108429,"date":"2023-07-28T21:54:34","date_gmt":"2023-07-28T20:54:34","guid":{"rendered":"https:\/\/middleeasttransparent.com\/?p=108429"},"modified":"2023-07-28T21:54:34","modified_gmt":"2023-07-28T20:54:34","slug":"blaspheme-a-stockholm-a-qui-profite-le-crime","status":"publish","type":"post","link":"https:\/\/middleeasttransparent.com\/fr\/blaspheme-a-stockholm-a-qui-profite-le-crime\/","title":{"rendered":"Blasph\u00e8me \u00e0 Stockholm: \u00e0 qui profite le crime?"},"content":{"rendered":"<h3><span style=\"color: #666699;\">Des caricatures du proph\u00e8te Muhammad \u00e0 l\u2019autodaf\u00e9 r\u00e9cent du Coran \u00e0 Stockholm, en passant par le massacre de Charlie-Hebdo, un climat malsain brouille toute analyse objective souhaitant comprendre les diff\u00e9rents statuts du fait religieux au sein de l\u2019espace public. S\u2019agit-il d\u2019une violence religieuse\u00a0\u00ab\u00a0sui generis\u00a0\u00bb? Ou d\u2019une violence induite par les religions s\u00e9culi\u00e8res ? Voire d\u2019une violence chaotique d\u2019un conflit des cultures ? Concernant le blasph\u00e8me de Stockholm, s\u2019agirait-il d\u2019une violence politique planifi\u00e9e, mais savamment d\u00e9guis\u00e9e en \u00a0\u00bb clash des civilisations \u00a0\u00bb ?<\/span><\/h3>\n<p>&nbsp;<\/p>\n<p>Salwan Momika, 37 ans, auteur de l\u2019autodaf\u00e9 du Coran \u00e0 Stockholm, est un irakien chr\u00e9tien syro-aram\u00e9en, r\u00e9fugi\u00e9 politique en Su\u00e8de depuis 2018. Son geste est blasph\u00e9matoire aux yeux de tout fid\u00e8le musulman. Il est agressif et inopportun pour tout homme de bon sens. Annonc\u00e9 \u00e0 l\u2019avance, il d\u00e9ploie ses multiples cons\u00e9quences sur plus d\u2019un registre :<\/p>\n<ol>\n<li>Il embarrasse les autorit\u00e9s su\u00e9doises qui ont autoris\u00e9 ce geste dans leur espace public, au nom de la libert\u00e9 d\u2019expression de tout homme. L\u2019adh\u00e9sion de la Su\u00e8de \u00e0 l\u2019OTAN pourrait s\u2019en trouver affect\u00e9e \u00e0 cause de la r\u00e9action de la Turquie.<\/li>\n<li>Il embarrasse et met en p\u00e9ril les chr\u00e9tiens irakiens et toutes les chr\u00e9tient\u00e9s de l\u2019Orient. Le r\u00e9cent harc\u00e8lement du Cardinal Sako en est une illustration.<\/li>\n<li>Par ses retomb\u00e9es au sein de l\u2019Islam, il amplifie l\u2019image n\u00e9gative de ce dernier au sein de l\u2019opinion publique internationale. Cette image n\u00e9gative affecte surtout les Sunnites, largement majoritaires. Des d\u00e9cennies d\u2019activisme terroriste ont fini par assimiler Islam et violence. L\u2019opinion publique ne se pose pas la question de savoir qui manipule et instrumente cette violence essentialis\u00e9e en une religion.<\/li>\n<li>Il fragilise encore plus l\u2019\u00e9quilibre d\u00e9licat du vivre-ensemble dans les soci\u00e9t\u00e9s plurielles de notre monde globalis\u00e9.<\/li>\n<li>Il porte atteinte au concept de fraternit\u00e9 humaine proclam\u00e9 \u00e0 Abu Dhabi en 2019 par la plus haute autorit\u00e9 sunnite, l\u2019Imam d\u2019Al Azhar Ahmad al Tayyib, et par le Pape Fran\u00e7ois de Rome.<\/li>\n<li>Il d\u00e9figure l\u2019image de l\u2019Occident s\u00e9cularis\u00e9 en assimilant sa la\u00efcit\u00e9 paisible \u00e0 un ath\u00e9isme militant.<\/li>\n<li>Il renforce les courants identitaires et\/ou populistes, qui souhaitent le repliement sur soi, au sein d\u2019entit\u00e9s politiques homog\u00e8nes, dirig\u00e9es par un pouvoir autoritaire.<\/li>\n<li>Il sape les fondements de la d\u00e9mocratie et pervertit le sens de l\u2019espace public qu\u2019il pense \u00eatre, dans l\u2019Occident s\u00e9cularis\u00e9 des Lumi\u00e8res, religieusement\u00a0<strong>\u00ab\u00a0neutre\u00a0\u00bb<\/strong>\u00a0et non pas simplement\u00a0<strong>\u00ab\u00a0indiff\u00e9rent\u00a0\u00bb<\/strong><\/li>\n<\/ol>\n<p>Bref, l\u2019autodaf\u00e9 de Stockholm n\u2019est pas un incident anodin. Qui est donc Salwan Momika ?<\/p>\n<ul>\n<li>Un illumin\u00e9 dangereux ?<\/li>\n<li>Un minoritaire chr\u00e9tien frustr\u00e9 et hargneux?<\/li>\n<li>Un activiste politique radical voire nihiliste ?<\/li>\n<li>Ou peut-\u00eatre, prosa\u00efquement, une barbouze. Mais, pour le compte de qui ?<\/li>\n<\/ul>\n<p>Il suffit de parcourir diff\u00e9rents sites Internet pour comprendre que Salwan Momika est loin d\u2019\u00eatre un psychopathe qui aurait pass\u00e9 \u00e0 l\u2019acte dans un moment de perturbation psychologique.<\/p>\n<p>Il se pr\u00e9sente lui-m\u00eame comme chef d\u2019une milice chr\u00e9tienne syriaque \u00a0\u00bb Brigades d\u2019Ali \u00a0\u00bb qui avait servi de cohorte auxiliaire aux multiples mouvements arm\u00e9s chiites contr\u00f4l\u00e9s par les Pasdarans iraniens, au sein de la n\u00e9buleuse Al Hashd al Sha\u2019bi (Mobilisation Populaire) qui a mis \u00e0 feu et \u00e0 sang l\u2019Irak, \u00e0 l\u2019image du Hezbollah au Liban. Les Brigades d\u2019Ali sont en conflit avec une autre milice chr\u00e9tienne pro-iranienne, la Brigade Babylone. Cette derni\u00e8re est en conflit avec le Cardinal Louis Sako, chef de l\u2019\u00c9glise chald\u00e9enne, fermement oppos\u00e9 \u00e0 toute milice au sein de sa communaut\u00e9. Momika aurait fui l\u2019Irak suite aux rivalit\u00e9s sanglantes entre les Brigades d\u2019Ali et la Brigade de Babylone. R\u00e9fugi\u00e9 en Su\u00e8de, sous pr\u00e9texte de pers\u00e9cution par des \u00a0\u00bb islamistes \u00ab\u00a0, il adh\u00e8re au Parti D\u00e9mocrate et se r\u00e9v\u00e8le un ardent pros\u00e9lyte des \u00a0\u00bb valeurs su\u00e9doises \u00a0\u00bb dont une la\u00efcit\u00e9 radicale qu\u2019il confond avec l\u2019ath\u00e9isme. Son geste blasph\u00e9matoire est annonc\u00e9 au nom de \u00a0\u00bb valeurs occidentales \u00ab\u00a0, et non en vertu d\u2019un sectarisme chr\u00e9tien. Il proclame vouloir lutter contre une arme redoutable, en l\u2019occurrence un livre sacr\u00e9.<\/p>\n<ul>\n<li>Bref, tout le discours de Momika sert \u00e0 brouiller les pistes. Son geste blasph\u00e9matoire est une pierre qui permet de marquer plusieurs coups politiques.<\/li>\n<li>Noircir l\u2019image de l\u2019Islam (majoritairement sunnite)<\/li>\n<li>Saper les efforts du Cardinal Sako en Irak en mati\u00e8re de fraternit\u00e9 humaine, couronn\u00e9s par le voyage du Pape en M\u00e9sopotamie.<\/li>\n<li>Forcer les chr\u00e9tiens en Orient \u00e0 se replier, de mani\u00e8re d\u00e9fensive, sur eux-m\u00eames sous la bonne garde d\u2019un \u00a0\u00bb protecteur \u00ab\u00a0. Il suffit de penser au Liban et \u00e0 la Syrie et au projet d\u2019alliance des minorit\u00e9s.<\/li>\n<\/ul>\n<p>Le geste de Momika n\u2019est pas n\u00e9cessairement celui d\u2019un illumin\u00e9. Tout son discours, d\u00e9fendant des valeurs occidentales \u00a0\u00bb ath\u00e9es \u00ab\u00a0, r\u00e9sonne comme un \u00e9cho au quiproquo oriental musulman qui confond, h\u00e9las, la\u00efcit\u00e9 et ath\u00e9isme ; et qui ne r\u00e9alise pas la diff\u00e9rence entre\u00a0<strong>\u00ab\u00a0neutralit\u00e9 religieuse\u00a0\u00bb<\/strong>\u00a0de l\u2019espace public et\u00a0<strong>\u00ab\u00a0indiff\u00e9rence religieuse\u00a0\u00bb<\/strong>\u00a0du m\u00eame concept.<\/p>\n<p>Bref, le jeune Salwan Momika aurait le profil d\u2019une barbouze chr\u00e9tienne qui, \u00e0 l\u2019image de toutes les cohortes auxiliaires pro-iraniennes de l\u2019Orient, est au service des Mollahs de T\u00e9h\u00e9ran. Les Mollahs auraient-ils ainsi marqu\u00e9 un coup \u00e0 Stockholm?<\/p>\n<p><strong>acourban@gmail.com<\/strong><\/p>\n<div class=\"clearfix\">Ici Beyrouth<\/div>\n","protected":false},"excerpt":{"rendered":"<p>Des caricatures du proph\u00e8te Muhammad \u00e0 l\u2019autodaf\u00e9 r\u00e9cent du Coran \u00e0 Stockholm, en passant par le massacre de Charlie-Hebdo, un climat malsain brouille toute analyse objective souhaitant comprendre les diff\u00e9rents statuts du fait religieux au sein de l\u2019espace public. S\u2019agit-il d\u2019une violence religieuse\u00a0\u00ab\u00a0sui generis\u00a0\u00bb? Ou d\u2019une violence induite par les religions s\u00e9culi\u00e8res ? Voire d\u2019une<\/p>\n","protected":false},"author":33,"featured_media":108439,"comment_status":"open","ping_status":"open","sticky":false,"template":"","format":"standard","meta":{"_uf_show_specific_survey":0,"_uf_disable_surveys":false,"footnotes":""},"categories":[37],"tags":[],"class_list":{"0":"post-108429","1":"post","2":"type-post","3":"status-publish","4":"format-standard","5":"has-post-thumbnail","7":"category-alaune-fr"},"aioseo_notices":[],"_links":{"self":[{"href":"https:\/\/middleeasttransparent.com\/fr\/wp-json\/wp\/v2\/posts\/108429","targetHints":{"allow":["GET"]}}],"collection":[{"href":"https:\/\/middleeasttransparent.com\/fr\/wp-json\/wp\/v2\/posts"}],"about":[{"href":"https:\/\/middleeasttransparent.com\/fr\/wp-json\/wp\/v2\/types\/post"}],"author":[{"embeddable":true,"href":"https:\/\/middleeasttransparent.com\/fr\/wp-json\/wp\/v2\/users\/33"}],"replies":[{"embeddable":true,"href":"https:\/\/middleeasttransparent.com\/fr\/wp-json\/wp\/v2\/comments?post=108429"}],"version-history":[{"count":0,"href":"https:\/\/middleeasttransparent.com\/fr\/wp-json\/wp\/v2\/posts\/108429\/revisions"}],"wp:featuredmedia":[{"embeddable":true,"href":"https:\/\/middleeasttransparent.com\/fr\/wp-json\/wp\/v2\/media\/108439"}],"wp:attachment":[{"href":"https:\/\/middleeasttransparent.com\/fr\/wp-json\/wp\/v2\/media?parent=108429"}],"wp:term":[{"taxonomy":"category","embeddable":true,"href":"https:\/\/middleeasttransparent.com\/fr\/wp-json\/wp\/v2\/categories?post=108429"},{"taxonomy":"post_tag","embeddable":true,"href":"https:\/\/middleeasttransparent.com\/fr\/wp-json\/wp\/v2\/tags?post=108429"}],"curies":[{"name":"wp","href":"https:\/\/api.w.org\/{rel}","templated":true}]}}