{"id":107909,"date":"2023-07-06T22:24:44","date_gmt":"2023-07-06T21:24:44","guid":{"rendered":"https:\/\/middleeasttransparent.com\/?p=107909"},"modified":"2023-07-06T22:24:44","modified_gmt":"2023-07-06T21:24:44","slug":"le-camp-de-jenine-devaste-par-larmee-israelienne","status":"publish","type":"post","link":"https:\/\/middleeasttransparent.com\/fr\/le-camp-de-jenine-devaste-par-larmee-israelienne\/","title":{"rendered":"Le camp de J\u00e9nine d\u00e9vast\u00e9 par l\u2019arm\u00e9e isra\u00e9lienne"},"content":{"rendered":"<header class=\"article__header \">\n<div class=\"article__header-wrap\">\n<div class=\"article__heading\">\n<h2 class=\"article__desc\"><strong>Un millier de soldats ont occup\u00e9 les lieux durant deux jours, faisant 12 morts et 118 bless\u00e9s, le plus important raid depuis plus de vingt ans.<\/strong><\/h2>\n<\/div>\n<ul class=\"meta meta__social meta__social--gift\">\n<li class=\"meta__icon meta__icon--dropdown\" style=\"list-style-type: none;\"><\/li>\n<\/ul>\n<\/div>\n<\/header>\n<section class=\"article__wrapper article__wrapper--premium \">\n<article class=\"article__content old__article-content-single\">\n<figure class=\"article__media\"><noscript> <img decoding=\"async\" src=\"https:\/\/img.lemde.fr\/2023\/07\/05\/0\/0\/3500\/2334\/664\/0\/75\/0\/4aaad7c_1688580264745-222830.jpg\" alt=\"Une Palestinienne est assise sur les marches de sa maison d\u00e9vast\u00e9e par le raid isra\u00e9lien des 3\u00a0et 4\u00a0juillet\u00a02023\u00a0sur le camp de J\u00e9nine, en Cisjordianie occup\u00e9e. Le 5\u00a0juillet\u00a02023, apr\u00e8s le retrait des troupes isra\u00e9liennes.\"> <\/noscript><\/figure>\n<\/article>\n<\/section>\n<p>&nbsp;<\/p>\n<p class=\"article__paragraph \">Les responsables du club social du camp de r\u00e9fugi\u00e9s de J\u00e9nine s\u2019\u00e9chinent, mercredi 5\u00a0juillet, \u00e0 r\u00e9tablir l\u2019\u00e9lectricit\u00e9 dans le b\u00e2timent. Le plus important raid isra\u00e9lien subi par les habitants depuis 2002 s\u2019est achev\u00e9 dans la nuit. Les familles des morts vont bient\u00f4t se rassembler dans la cour du club, pour y recevoir les condol\u00e9ances de leurs voisins.<\/p>\n<p class=\"article__paragraph \">Un millier de soldats ont occup\u00e9 les lieux durant deux jours, faisant douze morts et cent dix-huit bless\u00e9s, la plupart par balle, selon le Croissant rouge palestinien. Une quinzaine de bless\u00e9s demeurent dans un \u00e9tat critique. Un soldat isra\u00e9lien a \u00e9t\u00e9 tu\u00e9. L\u2019eau et l\u2019\u00e9lectricit\u00e9 sont coup\u00e9es un peu partout. Dans la chaleur \u00e9prouvante, un voisin \u00e9ponge d\u00e9licatement la sueur au front de Jamal Haweel, l\u2019un des patrons du Fatah \u00e0 J\u00e9nine.<\/p>\n<p class=\"article__paragraph \">A 52\u00a0ans, M.\u00a0Haweel a sorti son fusil d\u2019assaut du placard, lundi. Durant deux jours, il a contribu\u00e9 \u00e0 coordonner la r\u00e9sistance arm\u00e9e. C\u2019est un v\u00e9t\u00e9ran de l\u2019invasion de 2002, au cours de laquelle Isra\u00ebl avait d\u00e9truit le camp en une semaine, causant la mort de cinquante-trois Palestiniens et de vingt-trois soldats isra\u00e9liens. Cette fois, la r\u00e9sistance fut limit\u00e9e\u00a0: une partie des quelque trois cents militants arm\u00e9s du camp ont discr\u00e8tement quitt\u00e9 les lieux d\u00e8s lundi. <em>\u00ab\u00a0C\u2019est une lutte in\u00e9gale, et nous ne voulions pas que les Isra\u00e9liens d\u00e9truisent tout une nouvelle fois\u00a0\u00bb<\/em>, explique M. Haweel.<\/p>\n<section class=\"catcher catcher--favoris\"><\/section>\n<p class=\"article__paragraph \">Un autre v\u00e9t\u00e9ran des combats de 2002, Ahmad Barghouti, l\u2019appelle par t\u00e9l\u00e9phone de la prison isra\u00e9lienne de Rimon, o\u00f9 il est d\u00e9tenu depuis vingt et un\u00a0ans, condamn\u00e9 \u00e0 de multiples peines \u00e0 vie. <em>\u00ab\u00a0Les prisonniers \u00e9coutent des chansons \u00e0 la gloire de J\u00e9nine\u00a0\u00bb<\/em>, raconte-t-il. Ils saluent la survie des militants comme une victoire. Ils se moquent aussi de l\u2019arm\u00e9e qui affirme avoir d\u00e9mantel\u00e9 une bonne part des \u00ab\u00a0infrastructures\u00a0\u00bb militaires du camp et confisqu\u00e9 des armes.<\/p>\n<h2 class=\"article__sub-title\">Lutte arm\u00e9e pour seule politique<\/h2>\n<p class=\"article__paragraph \">M. Haweel tente de pr\u00e9server ici l\u2019influence du Fatah, ce parti tiraill\u00e9 entre le maigre pouvoir qu\u2019il exerce au sein de l\u2019Autorit\u00e9 palestinienne (AP), d\u00e9sargent\u00e9e, sans perspective politique, et une base militante qui renoue avec la lutte arm\u00e9e. Cette nuit, de jeunes gens ont caillass\u00e9 les forces de police de l\u2019AP, r\u00e9apparues en ville une fois les soldats isra\u00e9liens partis.<\/p>\n<p class=\"article__paragraph \">Des militants ont aussi protest\u00e9 devant le gouvernorat de la ville, parce que l\u2019AP a arr\u00eat\u00e9, lundi, un militant venant de Tubas, qui tentait de rejoindre J\u00e9nine, une arme dans le coffre de sa voiture. <em>\u00ab\u00a0Personne n\u2019a int\u00e9r\u00eat \u00e0 ce que les gens pointent leurs fusils vers l\u2019AP\u00a0\u00bb<\/em>, pr\u00e9vient M.\u00a0Haweel. Au matin, le num\u00e9ro deux du Fatah, Mahmoud Aloul, a \u00e9t\u00e9 hu\u00e9 durant les fun\u00e9railles de <em>\u00ab\u00a0martyrs\u00a0\u00bb<\/em>. Il a quitt\u00e9 les lieux pr\u00e9cipitamment.<\/p>\n<p class=\"article__paragraph \">Dans l\u2019apr\u00e8s-midi, des fonctionnaires internationaux des Nations unies, en gilet pare-balles bleu et mocassins, \u00e9valuent les d\u00e9g\u00e2ts caus\u00e9s par les bulldozers isra\u00e9liens qui ont labour\u00e9 en profondeur la rue principale du camp jusqu\u2019au cimeti\u00e8re, d\u00e9terrant des engins explosifs improvis\u00e9s. Ailleurs, les Isra\u00e9liens ont d\u00e9truit et br\u00fbl\u00e9 des maisons, des commerces, mais les habitants du camp se rassurent : ils avaient craint bien pire.<\/p>\n<p class=\"article__paragraph \">Le cimeti\u00e8re neuf, un vaste carr\u00e9 de murs chaul\u00e9s, b\u00e2ti en\u00a02019, est d\u00e9sormais comble\u00a0: plus de place pour de nouvelles tombes. Les couleurs des portraits des combattants tu\u00e9s il y a deux ans \u00e0 peine ont d\u00e9j\u00e0 pass\u00e9 au soleil. Des r\u00e9sistants \u00e2g\u00e9s de 20\u00a0ans tra\u00eenent autour des s\u00e9pultures. Ils ont tent\u00e9 de combattre ces derniers jours, comme presque chaque semaine depuis 2022, au fil des raids isra\u00e9liens. Ils se disent proches du Jihad islamique et forment une petite avant-garde qui incarne \u00e0 bien des \u00e9gards la r\u00e9sistance actuelle, par son m\u00e9pris du pouvoir et des rivalit\u00e9s de factions, et sa logique gu\u00e9variste\u00a0: la lutte arm\u00e9e pour seule politique.<\/p>\n<p class=\"article__paragraph \">Ces jeunes gens sont <em>\u00ab\u00a0d\u00e9\u00e7us\u00a0\u00bb<\/em> par leurs concitoyens, qui ont peu manifest\u00e9 en soutien \u00e0 leur combat, ailleurs dans les territoires. J\u00e9nine est un dernier bastion de l\u2019insurrection arm\u00e9e qui s\u2019est r\u00e9pandue \u00e0 travers la Cisjordanie depuis 2022, et qui d\u00e9cro\u00eet lentement. <em>\u00ab\u00a0Les gens des grandes villes veulent vivre, sortir, s\u2019amuser dehors. Ils ne sont pas motiv\u00e9s pour combattre\u00a0\u00bb<\/em>, estime l\u2019un d\u2019eux.<\/p>\n<h2 class=\"article__sub-title\">Culture locale de r\u00e9sistance<\/h2>\n<p class=\"article__paragraph \">Le camp est un \u00eelot soud\u00e9 de r\u00e9fugi\u00e9s, tous chass\u00e9s de leurs terres en\u00a01948, \u00e0 la naissance d\u2019Isra\u00ebl, comme la moiti\u00e9 de la population palestinienne d\u2019alors. <strong>Ses 14\u00a0000 habitants, serr\u00e9s sur un demi-kilom\u00e8tre carr\u00e9, se consid\u00e8rent comme des marginaux en Palestine, unis par une culture locale bravache et r\u00e9sistante, par les destructions et par les deuils<\/strong>. L\u2019arm\u00e9e isra\u00e9lienne cherche \u00e0 briser cette solidarit\u00e9. Elle y parvient dans certains foyers.<\/p>\n<p class=\"article__paragraph \"><strong><em>\u00ab\u00a0Pourquoi J\u00e9nine devrait-elle toujours \u00eatre le phare de la r\u00e9sistance\u00a0?\u00a0\u00bb<\/em><\/strong>, s\u2019interroge ainsi Mahmoud Asadi, fonctionnaire au minist\u00e8re de l\u2019\u00e9ducation, dans sa maison que des dizaines de soldats ont occup\u00e9e durant deux jours\u00a0: <em>\u00ab\u00a0J\u2019ai vu la peur de mourir dans les yeux de mes enfants, quand les soldats sont entr\u00e9s chez nous avec leurs chiens. Je ne veux plus revivre \u00e7a.\u00a0\u00bb<\/em><\/p>\n<p class=\"article__paragraph \">Les Asadi sont une anomalie dans le camp. La famille n\u2019est affili\u00e9e \u00e0 aucun parti, elle ne compte aucun <em>\u00ab\u00a0martyr\u00a0\u00bb<\/em> ni prisonnier en Isra\u00ebl. Mahmoud veut trouver une nouvelle maison dans la ville de J\u00e9nine ou \u00e0 la campagne. <strong>Aux voisins qui s\u2019enqui\u00e8rent de son \u00e9tat, il exprime son m\u00e9pris pour l\u2019Iran, parrain financier du Jihad islamique\u00a0: <em>\u00ab Ces gens qui sont assis confortablement \u00e0 T\u00e9h\u00e9ran et qui d\u00e9versent de l\u2019argent sur les factions du camp, pour que nous subissions une nouvelle invasion. \u00bb<\/em><\/strong><\/p>\n<p class=\"article__paragraph \"><strong>Son \u00e9pouse s\u2019inqui\u00e8te pour leur fils, Ahmad, 13\u00a0ans\u00a0: <em>\u00ab\u00a0S\u2019il d\u00e9cide de rejoindre les combattants, qui pourra l\u2019en emp\u00eacher\u00a0? Ce sont des adolescents, ils ont en main des armes plus grandes qu\u2019eux et quelle est leur strat\u00e9gie\u00a0? Ils n\u2019\u00e9taient pas n\u00e9s en\u00a02002, ils ne savent rien\u00a0\u00bb<\/em>, affirme-t-elle.<\/strong><\/p>\n<p class=\"article__paragraph \">A l\u2019\u00e9tage un voisin, Rachid Mohammed, ouvrier du b\u00e2timent qui a appris l\u2019h\u00e9breu sur les chantiers d\u2019Isra\u00ebl, montre un d\u00e9tonateur d\u2019explosifs et sa bobine de fil, abandonn\u00e9s par les soldats, \u00e0 l\u2019aide desquels ils ont fait sauter un mur et une fen\u00eatre, pour circuler \u00e0 couvert d\u2019un appartement \u00e0 l\u2019autre. En deux jours, Rachid, retenu prisonnier par les occupants, a eu le temps de leur parler\u00a0: <em>\u00ab\u00a0L\u2019un d\u2019eux venait de ma ville, Ha\u00effa <\/em>[grande cit\u00e9 du nord d\u2019Isra\u00ebl]<em>, que ma famille a fui en\u00a01948. Je lui ai demand\u00e9 pourquoi ils nous pourchassaient jusqu\u2019ici.\u00a0S\u2019ils sont chez eux m\u00eame \u00e0 J\u00e9nine, pourquoi ne nous laissent-ils pas retourner l\u00e0-bas\u00a0?\u00a0\u00bb<\/em><\/p>\n<section class=\"author\">\n<p class=\"article__author-container\"><span class=\"author__detail\"><a class=\"article__author-link\" href=\"\/signataires\/louis-imbert\/\"> <span class=\"author__name\">Louis Imbert<\/span><span class=\"author__desc\">(J\u00e9nine (Cisjordanie), envoy\u00e9 sp\u00e9cial)<\/span><\/a><\/span><\/p>\n<\/section>\n<section class=\"article__reactions\">\n<section id=\"js-paywall-comments\" class=\"paywall__comments\">\n<header class=\"paywall__comments-header\"><\/header>\n<section class=\"paywall__comments-btn\">\n<section class=\"paywall__comments-subscribe\"><a href=\"https:\/\/www.lemonde.fr\/international\/article\/2023\/07\/06\/le-camp-de-jenine-devaste-par-l-armee-israelienne_6180766_3210.html\">LE MONDE<\/a><\/section>\n<\/section>\n<section class=\"paywall__comments-close\"><\/section>\n<\/section>\n<\/section>\n","protected":false},"excerpt":{"rendered":"<p>Un millier de soldats ont occup\u00e9 les lieux durant deux jours, faisant 12 morts et 118 bless\u00e9s, le plus important raid depuis plus de vingt ans. &nbsp; Les responsables du club social du camp de r\u00e9fugi\u00e9s de J\u00e9nine s\u2019\u00e9chinent, mercredi 5\u00a0juillet, \u00e0 r\u00e9tablir l\u2019\u00e9lectricit\u00e9 dans le b\u00e2timent. Le plus important raid isra\u00e9lien subi par les<\/p>\n","protected":false},"author":537,"featured_media":107912,"comment_status":"open","ping_status":"open","sticky":false,"template":"","format":"standard","meta":{"_uf_show_specific_survey":0,"_uf_disable_surveys":false,"footnotes":""},"categories":[37],"tags":[],"class_list":{"0":"post-107909","1":"post","2":"type-post","3":"status-publish","4":"format-standard","5":"has-post-thumbnail","7":"category-alaune-fr"},"aioseo_notices":[],"_links":{"self":[{"href":"https:\/\/middleeasttransparent.com\/fr\/wp-json\/wp\/v2\/posts\/107909","targetHints":{"allow":["GET"]}}],"collection":[{"href":"https:\/\/middleeasttransparent.com\/fr\/wp-json\/wp\/v2\/posts"}],"about":[{"href":"https:\/\/middleeasttransparent.com\/fr\/wp-json\/wp\/v2\/types\/post"}],"author":[{"embeddable":true,"href":"https:\/\/middleeasttransparent.com\/fr\/wp-json\/wp\/v2\/users\/537"}],"replies":[{"embeddable":true,"href":"https:\/\/middleeasttransparent.com\/fr\/wp-json\/wp\/v2\/comments?post=107909"}],"version-history":[{"count":0,"href":"https:\/\/middleeasttransparent.com\/fr\/wp-json\/wp\/v2\/posts\/107909\/revisions"}],"wp:featuredmedia":[{"embeddable":true,"href":"https:\/\/middleeasttransparent.com\/fr\/wp-json\/wp\/v2\/media\/107912"}],"wp:attachment":[{"href":"https:\/\/middleeasttransparent.com\/fr\/wp-json\/wp\/v2\/media?parent=107909"}],"wp:term":[{"taxonomy":"category","embeddable":true,"href":"https:\/\/middleeasttransparent.com\/fr\/wp-json\/wp\/v2\/categories?post=107909"},{"taxonomy":"post_tag","embeddable":true,"href":"https:\/\/middleeasttransparent.com\/fr\/wp-json\/wp\/v2\/tags?post=107909"}],"curies":[{"name":"wp","href":"https:\/\/api.w.org\/{rel}","templated":true}]}}