{"id":10785,"date":"2016-04-03T21:11:15","date_gmt":"2016-04-03T20:11:15","guid":{"rendered":"http:\/\/middleeasttransparent.com\/?p=10785"},"modified":"2016-04-03T21:11:15","modified_gmt":"2016-04-03T20:11:15","slug":"panama-papers-la-mysterieuse-societe-offshore-de-michel-platini","status":"publish","type":"post","link":"https:\/\/middleeasttransparent.com\/fr\/panama-papers-la-mysterieuse-societe-offshore-de-michel-platini\/","title":{"rendered":"\u00ab\u00a0Panama Papers\u00a0\u00bb : la myst\u00e9rieuse soci\u00e9t\u00e9 offshore de Michel Platini"},"content":{"rendered":"<h3 class=\"tt2\"><span id=\"publisher\" data-source=\"LE MONDE\">LE MONDE<\/span><\/h3>\n<p>&nbsp;<\/p>\n<div id=\"articleBody\" class=\"contenu_article js_article_body\">\n<h3 class=\"taille_courante\">Outre l\u2019Uruguayen Eugenio Figueredo, arr\u00eat\u00e9 par la <a class=\"lien_interne rub\" title=\"Toute l\u2019actualit\u00e9 police\" href=\"http:\/\/www.lemonde.fr\/police\/\">police<\/a> zurichoise le 27\u00a0mai 2015 et inculp\u00e9 par la <a class=\"lien_interne rub\" title=\"Toute l\u2019actualit\u00e9 justice\" href=\"http:\/\/www.lemonde.fr\/justice\/\">justice<\/a> am\u00e9ricaine pour <em>\u00ab\u00a0corruption, racket et blanchiment d\u2019argent\u00a0\u00bb<\/em>, un autre ancien vice-pr\u00e9sident de la F\u00e9d\u00e9ration internationale de <a class=\"lien_interne rub\" title=\"Toute l\u2019actualit\u00e9 football\" href=\"http:\/\/www.lemonde.fr\/football\/\">football<\/a> (<a class=\"lien_interne rub\" title=\"Toute l\u2019actualit\u00e9 FIFA\" href=\"http:\/\/www.lemonde.fr\/corruption-a-la-fifa\/\">FIFA<\/a>), et non des moindres, appara\u00eet dans l\u2019immense base de donn\u00e9es de la soci\u00e9t\u00e9 fiduciaire Mossack Fonseca au Panama\u00a0: le Fran\u00e7ais Michel Platini, dirigeant suspendu de l\u2019Union des associations europ\u00e9ennes de football (UEFA).<\/h3>\n<aside class=\"fenetre\">\n<h3 class=\"titre\">Les \u00ab\u00a0Panama Papers\u00a0\u00bb en trois points<\/h3>\n<div>\n<ul>\n<li><em>Le Monde<\/em> et 106 autres r\u00e9dactions dans 76 pays, coordonn\u00e9es par le Consortium international des journalistes d\u2019investigation (ICIJ), ont eu acc\u00e8s \u00e0 une masse d\u2019informations in\u00e9dites qui jettent une lumi\u00e8re crue sur le monde opaque de la finance offshore et des paradis fiscaux.<\/li>\n<li>Les 11,5\u00a0millions de fichiers proviennent des archives du cabinet panam\u00e9en Mossack Fonseca, sp\u00e9cialiste de la domiciliation de soci\u00e9t\u00e9s offshore, entre 1977 et 2015. Il s\u2019agit de la plus grosse fuite d\u2019informations jamais exploit\u00e9e par des m\u00e9dias.<\/li>\n<li>Les Panama Papers r\u00e9v\u00e8lent qu\u2019outre des milliers d\u2019anonymes, de nombreux chefs d\u2019Etat, des milliardaires, des grands noms du sport, des c\u00e9l\u00e9brit\u00e9s ou des personnalit\u00e9s sous le coup de sanctions internationales ont recouru \u00e0 des montages offshore pour dissimuler leurs actifs.<\/li>\n<\/ul>\n<div class=\"snippet multimedia-embed\"><iframe src=\"http:\/\/cloudfront-1.publicintegrity.org\/widgets\/syndication\/node\/19492\" width=\"0\" height=\"0\" frameborder=\"0\"><\/iframe><\/div>\n<\/div>\n<\/aside>\n<h2 class=\"intertitre\">Une soci\u00e9t\u00e9 offshore cr\u00e9\u00e9e moins d\u2019un an apr\u00e8s son \u00e9lection \u00e0 la pr\u00e9sidence de l\u2019UEFA<\/h2>\n<p>L\u2019ex-num\u00e9ro\u00a010 des Bleus s\u2019est ainsi appuy\u00e9 sur les avocats de Mossack Fonseca pour <a class=\"lien_interne conjug\" title=\"Conjugaison du verbe administrer\" href=\"http:\/\/conjugaison.lemonde.fr\/conjugaison\/premier-groupe\/administrer\/\" target=\"_blank\">administrer<\/a> Balney Enterprises Corp., une soci\u00e9t\u00e9 offshore cr\u00e9\u00e9e au Panama le 6\u00a0d\u00e9cembre 2007. Il s\u2019est ainsi vu <a class=\"lien_interne conjug\" title=\"Conjugaison du verbe remettre\" href=\"http:\/\/conjugaison.lemonde.fr\/conjugaison\/troisieme-groupe\/remettre\/\" target=\"_blank\">remettre<\/a> un <em>\u00ab\u00a0pouvoir g\u00e9n\u00e9ral et permanent\u00a0\u00bb<\/em>, le 27\u00a0d\u00e9cembre 2007 &#8211;\u00a0onze mois apr\u00e8s son \u00e9lection \u00e0 la pr\u00e9sidence de l\u2019UEFA.<\/p>\n<p>Balney Enterprises Corp. est toujours active et r\u00e9pertori\u00e9e au registre du commerce panam\u00e9en. Elle d\u00e9tient un compte \u00e0 la banque <a class=\"lien_interne rub\" title=\"Toute l\u2019actualit\u00e9 suisse\" href=\"http:\/\/www.lemonde.fr\/suisse\/\">suisse<\/a> Baring Brothers Sturdza SA, rebaptis\u00e9e en janvier Eric Sturdza et bas\u00e9e \u00e0 Gen\u00e8ve. A quoi sert Balney, cr\u00e9\u00e9e \u00e0 l\u2019initiative de cette banque, et chapeaut\u00e9e par cinq directeurs, manifestement des pr\u00eate-noms\u00a0? Pourquoi Michel Platini, 60 ans, a-t-il procuration pour cette myst\u00e9rieuse soci\u00e9t\u00e9\u00a0? Peu enclin \u00e0 <a class=\"lien_interne conjug\" title=\"Conjugaison du verbe lever\" href=\"http:\/\/conjugaison.lemonde.fr\/conjugaison\/premier-groupe\/lever\/\" target=\"_blank\">lever<\/a> le\u00a0<a class=\"lien_interne rub\" title=\"Toute l\u2019actualit\u00e9 voile\" href=\"http:\/\/www.lemonde.fr\/voile\/\">voile<\/a> sur ce dossier, l\u2019ex-capitaine de l\u2019\u00e9quipe de <a class=\"lien_interne rub\" title=\"Toute l\u2019actualit\u00e9 France\" href=\"http:\/\/www.lemonde.fr\/europeennes-france\/\">France<\/a> n\u2019a pas donn\u00e9 suite aux sollicitations du<em> Monde<\/em>. Il assure en priv\u00e9 que ses \u00ab\u00a0<em>affaires sont tout \u00e0 fait l\u00e9gales\u00a0\u00bb.<\/em><\/p>\n<p>\u00ab\u00a0<em>Je r\u00e9side en Suisse depuis 2007, tous mes comptes, toutes mes participations et comptes bancaires sont connus des autorit\u00e9s suisses, je n\u2019ai pas d\u2019autres choses \u00e0 ajouter<\/em>, a-t-il fait <a class=\"lien_interne conjug\" title=\"Conjugaison du verbe r\u00e9pondre\" href=\"http:\/\/conjugaison.lemonde.fr\/conjugaison\/troisieme-groupe\/r%C3%A9pondre\/\" target=\"_blank\">r\u00e9pondre<\/a> par son communicant Jean-Christophe Alquier<em>. S\u2019ils veulent des informations sur cette soci\u00e9t\u00e9, qu\u2019ils interrogent ma banque.\u00a0\u00bb <\/em>Contact\u00e9e<em>, <\/em>la banque Eric Sturdza a l\u2019air de <a class=\"lien_interne conjug\" title=\"Conjugaison du verbe d\u00e9couvrir\" href=\"http:\/\/conjugaison.lemonde.fr\/conjugaison\/troisieme-groupe\/d%C3%A9couvrir\/\" target=\"_blank\">d\u00e9couvrir<\/a> le nom de la soci\u00e9t\u00e9 offshore. Elle n\u2019a pu \u00ab\u00a0<em>r\u00e9pondre\u00a0\u00bb <\/em>aux questions sur ce <em>\u00ab\u00a0dossier tr\u00e8s sensible\u00a0\u00bb.<\/em><\/p>\n<p>L\u2019avocat du triple Ballon d\u2019or n\u2019est pas mieux renseign\u00e9. <em>\u00ab\u00a0Je ne suis pas du tout en relation avec Michel Platini sur ce sujet-l\u00e0, dont j\u2019ignore les tenants et les aboutissants. Tr\u00e8s honn\u00eatement, je ne connaissais m\u00eame pas le nom de cette soci\u00e9t\u00e9, <\/em>assure au <em>Monde<\/em> Me\u00a0Thibaud D\u2019Al\u00e8s. <em>Il faut <a class=\"lien_interne conjug\" title=\"Conjugaison du verbe rappeler\" href=\"http:\/\/conjugaison.lemonde.fr\/conjugaison\/premier-groupe\/rappeler\/\" target=\"_blank\">rappeler<\/a> que Michel Platini est r\u00e9sident suisse.<\/em>\u00a0\u00bb<\/p>\n<div class=\"snippet multimedia-embed\">L\u2019avocat, membre du prestigieux cabinet Clifford Chance, assistera Michel Platini d\u00e9but mai \u00e0 l\u2019audience devant le Tribunal arbitral du <a class=\"lien_interne rub\" title=\"Toute l\u2019actualit\u00e9 sport\" href=\"http:\/\/www.lemonde.fr\/sport\/\">sport<\/a> (TAS), \u00e0 Lausanne. L\u2019ex-joueur y jouera sa survie <a class=\"lien_interne rub\" title=\"Toute l\u2019actualit\u00e9 politique\" href=\"http:\/\/www.lemonde.fr\/politique\/\">politique<\/a> \u00e0 la t\u00eate de l\u2019UEFA et esp\u00e8re <a class=\"lien_interne conjug\" title=\"Conjugaison du verbe \u00eatre\" href=\"http:\/\/conjugaison.lemonde.fr\/conjugaison\/auxiliaire\/%C3%AAtre\/\" target=\"_blank\">\u00eatre<\/a> blanchi avant l\u2019ouverture, le 10\u00a0juin, de l\u2019<a class=\"lien_interne rub\" title=\"Toute l\u2019actualit\u00e9 Euro 2016\" href=\"http:\/\/www.lemonde.fr\/euro-2016\/\">Euro 2016<\/a> en France. Michel Platini a saisi le TAS afin de <a class=\"lien_interne conjug\" title=\"Conjugaison du verbe faire\" href=\"http:\/\/conjugaison.lemonde.fr\/conjugaison\/troisieme-groupe\/faire\/\" target=\"_blank\">faire<\/a> appel de sa suspension de six ans, prononc\u00e9e le 24\u00a0f\u00e9vrier par la commission des recours de la FIFA. Eu \u00e9gard aux \u00ab\u00a0<em>services rendus au football<\/em>\u00a0\u00bb par l\u2019ex-num\u00e9ro\u00a010, ladite commission avait all\u00e9g\u00e9 de deux ans la sanction inflig\u00e9e, le 21\u00a0d\u00e9cembre 2015, par le comit\u00e9 d\u2019\u00e9thique de la F\u00e9d\u00e9ration internationale.<\/div>\n<p>Comme son ancien ami Joseph Blatter, l\u2019ancien pr\u00e9sident de la FIFA (1998-2016), Michel Platini avait \u00e9t\u00e9 initialement suspendu pour huit ans pour <em>\u00ab\u00a0abus de position\u00a0\u00bb<\/em>, <em>\u00ab\u00a0gestion d\u00e9loyale\u00a0\u00bb<\/em> et <em>\u00ab\u00a0conflit d\u2019int\u00e9r\u00eats\u00a0\u00bb<\/em>, \u00e0 la suite du versement de deux millions de francs suisses (1,8\u00a0million d\u2019euros) accord\u00e9s, en f\u00e9vrier\u00a02011, par \u00ab\u00a0Sepp\u00a0\u00bb Blatter. Pr\u00e9tendument pour des travaux lorsqu\u2019il officiait (entre janvier\u00a01999 et juin\u00a02002) comme <a class=\"lien_interne conjug\" title=\"Conjugaison du verbe conseiller\" href=\"http:\/\/conjugaison.lemonde.fr\/conjugaison\/premier-groupe\/conseiller\/\" target=\"_blank\">conseiller<\/a> du patron du foot mondial. Selon le comit\u00e9 d\u2019\u00e9thique, ce paiement a \u00e9t\u00e9 effectu\u00e9 \u00ab\u00a0<em>sans base l\u00e9gale dans le contrat sign\u00e9 dans les deux parties le 25\u00a0ao\u00fbt 1999.\u00a0\u00bb<\/em><\/p>\n<h2 class=\"intertitre\">J\u00e9r\u00f4me Valke, propri\u00e9taire d\u2019un yacht via une soci\u00e9t\u00e9 offshore<\/h2>\n<p>Compatriote de Michel Platini, J\u00e9r\u00f4me Valcke appara\u00eet aussi dans les dossiers de Mossack Fonseca. <strong>L\u2019ancien secr\u00e9taire g\u00e9n\u00e9ral de la FIFA (2007-2015)<\/strong> a ainsi \u00e9t\u00e9 l\u2019unique actionnaire d\u2019une soci\u00e9t\u00e9 offshore, Umbelina SA, domicili\u00e9e aux \u00eeles Vierges britanniques. Elle a \u00e9t\u00e9 cr\u00e9\u00e9e en juillet\u00a02013 pour <a class=\"lien_interne conjug\" title=\"Conjugaison du verbe acheter\" href=\"http:\/\/conjugaison.lemonde.fr\/conjugaison\/premier-groupe\/acheter\/\" target=\"_blank\">acheter<\/a>\u00a0le \u00ab\u00a0Jade Mary\u00a0\u00bb, un yacht enregistr\u00e9 aux \u00eeles Ca\u00efman et rebaptis\u00e9 \u00ab\u00a0Ornella\u00a0\u00bb lors de sa r\u00e9novation en\u00a02014. Le prix du bateau est estim\u00e9 \u00e0 2,8\u00a0millions de dollars. Mossack Fonseca a officiellement mis un terme \u00e0 son mandat d\u2019interm\u00e9diaire aupr\u00e8s d\u2019Umbelina le 18\u00a0septembre 2015. Au lendemain de la mise \u00e0 pied de J\u00e9r\u00f4me Valcke, mis en cause dans une affaire de revente de billets lors du Mondial 2014.<\/p>\n<p>\u00ab\u00a0<em>Le bateau que j\u2019ai acquis d\u2019occasion \u00e9tait sous pavillon des \u00eeles Vierges et je l\u2019ai donc laiss\u00e9 ainsi<\/em>, explique J\u00e9r\u00f4me Valcke dans un email envoy\u00e9 au\u00a0<em>Monde.<\/em> <em>La soci\u00e9t\u00e9 n\u2019existe plus et n\u2019a jamais eu de fonds propres, n\u2019a jamais d\u00e9tenu de compte bancaire et n\u2019a jamais eu d\u2019activit\u00e9 commerciale. Me prenez-<a class=\"lien_interne rub\" title=\"Toute l\u2019actualit\u00e9 vous\" href=\"http:\/\/www.lemonde.fr\/vous\/\">vous<\/a> vraiment pour un truand\u00a0? Ce bateau est tout ce qu\u2019il y a de plus l\u00e9gal, d\u00e9clar\u00e9 dans le cadre de biens que je poss\u00e8de.\u00a0\u00bb<\/em><\/p>\n<p>En f\u00e9vrier, l\u2019ex-bras droit de Sepp Blatter a \u00e9t\u00e9 suspendu douze ans par le comit\u00e9 d\u2019\u00e9thique de la FIFA pour <a class=\"lien_interne conjug\" title=\"Conjugaison du verbe avoir\" href=\"http:\/\/conjugaison.lemonde.fr\/conjugaison\/auxiliaire\/avoir\/\" target=\"_blank\">avoir<\/a> enfreint sept chapitres du code d\u2019\u00e9thique. Il est notamment poursuivi pour <em>\u00ab\u00a0conflit d\u2019int\u00e9r\u00eats\u00a0\u00bb<\/em> et pour avoir <em>\u00ab\u00a0offert et accept\u00e9 des dons et d\u2019autres b\u00e9n\u00e9fices.\u00a0\u00bb <\/em>Il a touch\u00e9 un salaire de 2,12\u00a0millions de dollars (1,87\u00a0million d\u2019euros) en\u00a02015 et \u00e9t\u00e9 inculp\u00e9 le 17\u00a0mars par la justice suisse. Le parquet helv\u00e9tique a ouvert une proc\u00e9dure p\u00e9nale pour <em>\u00ab\u00a0soup\u00e7ons de gestion d\u00e9loyale multiple et d\u2019autres d\u00e9lits\u00a0\u00bb<\/em>.<\/p>\n<div class=\"snippet multimedia-embed\"><\/div>\n<\/div>\n<p><a href=\"http:\/\/www.lemonde.fr\/panama-papers\/article\/2016\/04\/03\/panama-papers-la-mysterieuse-societe-offshore-de-michel-platini_4894849_4890278.html#6Mvl4KaA5jlEFbe4.99\">LE MONDE\u00a0\u00a0<\/a><\/p>\n","protected":false},"excerpt":{"rendered":"<p>LE MONDE &nbsp; Outre l\u2019Uruguayen Eugenio Figueredo, arr\u00eat\u00e9 par la police zurichoise le 27\u00a0mai 2015 et inculp\u00e9 par la justice am\u00e9ricaine pour \u00ab\u00a0corruption, racket et blanchiment d\u2019argent\u00a0\u00bb, un autre ancien vice-pr\u00e9sident de la F\u00e9d\u00e9ration internationale de football (FIFA), et non des moindres, appara\u00eet dans l\u2019immense base de donn\u00e9es de la soci\u00e9t\u00e9 fiduciaire Mossack Fonseca au<\/p>\n","protected":false},"author":134,"featured_media":10788,"comment_status":"open","ping_status":"open","sticky":false,"template":"","format":"standard","meta":{"_uf_show_specific_survey":0,"_uf_disable_surveys":false,"footnotes":""},"categories":[361],"tags":[],"class_list":{"0":"post-10785","1":"post","2":"type-post","3":"status-publish","4":"format-standard","5":"has-post-thumbnail","7":"category-sport-international"},"aioseo_notices":[],"_links":{"self":[{"href":"https:\/\/middleeasttransparent.com\/fr\/wp-json\/wp\/v2\/posts\/10785","targetHints":{"allow":["GET"]}}],"collection":[{"href":"https:\/\/middleeasttransparent.com\/fr\/wp-json\/wp\/v2\/posts"}],"about":[{"href":"https:\/\/middleeasttransparent.com\/fr\/wp-json\/wp\/v2\/types\/post"}],"author":[{"embeddable":true,"href":"https:\/\/middleeasttransparent.com\/fr\/wp-json\/wp\/v2\/users\/134"}],"replies":[{"embeddable":true,"href":"https:\/\/middleeasttransparent.com\/fr\/wp-json\/wp\/v2\/comments?post=10785"}],"version-history":[{"count":0,"href":"https:\/\/middleeasttransparent.com\/fr\/wp-json\/wp\/v2\/posts\/10785\/revisions"}],"wp:featuredmedia":[{"embeddable":true,"href":"https:\/\/middleeasttransparent.com\/fr\/wp-json\/wp\/v2\/media\/10788"}],"wp:attachment":[{"href":"https:\/\/middleeasttransparent.com\/fr\/wp-json\/wp\/v2\/media?parent=10785"}],"wp:term":[{"taxonomy":"category","embeddable":true,"href":"https:\/\/middleeasttransparent.com\/fr\/wp-json\/wp\/v2\/categories?post=10785"},{"taxonomy":"post_tag","embeddable":true,"href":"https:\/\/middleeasttransparent.com\/fr\/wp-json\/wp\/v2\/tags?post=10785"}],"curies":[{"name":"wp","href":"https:\/\/api.w.org\/{rel}","templated":true}]}}