{"id":107817,"date":"2023-07-03T23:32:17","date_gmt":"2023-07-03T22:32:17","guid":{"rendered":"https:\/\/middleeasttransparent.com\/?p=107817"},"modified":"2023-07-03T23:32:17","modified_gmt":"2023-07-03T22:32:17","slug":"en-turquie-hakan-fidan-le-nouveau-chef-de-la-diplomatie-prince-des-tenebres-de-la-politique","status":"publish","type":"post","link":"https:\/\/middleeasttransparent.com\/fr\/en-turquie-hakan-fidan-le-nouveau-chef-de-la-diplomatie-prince-des-tenebres-de-la-politique\/","title":{"rendered":"En Turquie, Hakan Fidan, le nouveau chef de la diplomatie, prince des t\u00e9n\u00e8bres de la politique"},"content":{"rendered":"<p><strong style=\"color: #19232d; font-size: 21px;\">Cet ancien chef des services de renseignement a \u00e9t\u00e9 l\u2019ex\u00e9cuteur des basses \u0153uvres d\u2019Erdogan. Fid\u00e8le parmi les fid\u00e8les du pr\u00e9sident turc, il est consid\u00e9r\u00e9 comme un successeur possible.<\/strong><\/p>\n<header class=\"article__header \">\n<div class=\"article__header-wrap\">\n<p>&nbsp;<\/p>\n<p id=\"js-authors-trigger\" class=\"meta meta__publisher meta__publisher--header\">\n<\/div>\n<\/header>\n<section class=\"article__wrapper article__wrapper--premium \">\n<article class=\"article__content old__article-content-single\">\n<figure class=\"article__media\"><\/figure>\n<h3><span style=\"color: #666699;\">Pendant treize ans, Hakan Fidan est rest\u00e9 dans l\u2019ombre de son protecteur, toujours pr\u00e9sent, l\u00e0 quand il le faut, dans les r\u00e9unions, dans les coulisses et sur les photos protocolaires, mais \u00e0 bonne distance. Lorsque le pr\u00e9sident turc, Recep Tayyip Erdogan, voyageait \u00e0 l\u2019\u00e9tranger, en compagnie de son ministre des affaires \u00e9trang\u00e8res, Mevlut \u00c7avusoglu, il \u00e9tait l\u2019autre homme de la d\u00e9l\u00e9gation, prince des t\u00e9n\u00e8bres de la politique, aussi efficace que discret.<\/span><\/h3>\n<p>&nbsp;<\/p>\n<p class=\"article__paragraph \">Aujourd\u2019hui chef de la diplomatie turque, Hakan Fidan n\u2019a jamais beaucoup parl\u00e9, mais, lorsqu\u2019il dirigeait le <strong><em>Milli Istihbarat Teskilati (MIT)<\/em><\/strong>, les services de renseignement turcs, sa voix n\u2019en portait pas moins. Il avait l\u2019oreille du chef de l\u2019Etat. Au point qu\u2019on le pr\u00e9sentait comme le responsable politique le plus puissant du pays apr\u00e8s son mentor. Le fid\u00e8le d\u2019entre les fid\u00e8les, longtemps charg\u00e9 des basses \u0153uvres du r\u00e9gime, et possible successeur du pr\u00e9sident. Ce dernier n\u2019a-t-il pas un jour affirm\u00e9, dans une formule \u00e9loquente, qu\u2019il \u00e9tait <em>\u00ab\u00a0sa bo\u00eete noire\u00a0\u00bb<\/em>\u00a0?<\/p>\n<div id=\"inread_top\" class=\"dfp-slot dfp__slot dfp__inread\" data-format=\"inread_top\" aria-hidden=\"true\" data-google-query-id=\"CMSuyvG08_8CFX9bpAQdfWAMgg\">\n<div id=\"google_ads_iframe_\/128139881\/LM_lemonde_abo\/international\/international\/article\/inread_top_0__container__\"><\/div>\n<\/div>\n<p class=\"article__paragraph \">Alors, quand <a href=\"https:\/\/www.lemonde.fr\/international\/article\/2023\/05\/29\/erdogan-le-maitre-d-ankara-s-offre-un-troisieme-mandat_6175253_3210.html\">Recep Tayyip Erdogan, r\u00e9\u00e9lu,<\/a> jette son nom en pleine lumi\u00e8re en le pla\u00e7ant \u00e0 la t\u00eate du minist\u00e8re des affaires \u00e9trang\u00e8res, la d\u00e9cision ne surprend personne. Depuis longtemps d\u00e9j\u00e0, on parlait de lui \u00e0 ce poste. En tant que chef du renseignement, Hakan Fidan a g\u00e9r\u00e9 les dossiers br\u00fblants du Proche-Orient. C\u2019est lui qui a pr\u00e9par\u00e9 le terrain \u00e0<a href=\"https:\/\/www.lemonde.fr\/international\/article\/2021\/05\/07\/isole-erdogan-tente-de-reparer-les-relations-avec-l-egypte-et-l-arabie-saoudite_6079466_3210.html\"> la reprise des relations avec l\u2019Egypte et l\u2019Arabie saoudite<\/a>. Lui, bien plus que son d\u00e9sormais pr\u00e9d\u00e9cesseur \u00c7avusoglu, qui a men\u00e9 les tractations avec la Libye et aussi la Syrie, avec laquelle le pr\u00e9sident Erdogan tente de renouer par l\u2019interm\u00e9diaire de Moscou.<\/p>\n<h2 class=\"article__sub-title\">Autonomie strat\u00e9gique<\/h2>\n<p class=\"article__paragraph \">Devant la presse, lors de la c\u00e9r\u00e9monie de passation au minist\u00e8re des affaires \u00e9trang\u00e8res, le 5\u00a0juin, Hakan Fidan s\u2019est fendu d\u2019une\u00a0phrase : <em>\u00ab\u00a0Je poursuivrai la vision nationale de la politique \u00e9trang\u00e8re.\u00a0\u00bb <\/em>Ankara d\u00e9fend depuis des ann\u00e9es une diplomatie fond\u00e9e sur le concept d\u2019autonomie strat\u00e9gique, visant \u00e0 d\u00e9terminer, de mani\u00e8re ind\u00e9pendante, sans influence ni contrainte ext\u00e9rieures, sa propre politique sur la sc\u00e8ne internationale. Un cadre qui colle comme un gant \u00e0 cet habile touche-\u00e0-tout.<\/p>\n<p class=\"article__paragraph \">A Londres, le 21\u00a0juin, \u00e0 la conf\u00e9rence internationale sur la reconstruction de l\u2019Ukraine, Hakan Fidan a affirm\u00e9 que <em>\u00ab\u00a0la Turquie <\/em>[\u00e9tait]<em> d\u00e9termin\u00e9e \u00e0 garantir l\u2019ind\u00e9pendance, la souverainet\u00e9 et l\u2019int\u00e9grit\u00e9 territoriale de l\u2019Ukraine, y compris de la Crim\u00e9e, l\u2019ancienne patrie des Turcs tatars\u00a0\u00bb<\/em>. La pr\u00e9cision en dit long sur le degr\u00e9 d\u2019implication du gouvernement turc sur le dossier ukrainien. Lors d\u2019une r\u00e9union dans la capitale britannique avec le secr\u00e9taire d\u2019Etat am\u00e9ricain, Antony Blinken, qu\u2019il a crois\u00e9 \u00e0 de nombreuses reprises dans le pass\u00e9, le nouveau ministre lui donne du <em>\u00ab\u00a0merci, Tony\u00a0\u00bb<\/em>.<\/p>\n<section class=\"catcher catcher--favoris\">\n<div class=\"catcher__favorite\">\n<div class=\"meta__icon meta__icon--favorite lmd-dropdown-favorite\" data-position=\"lire aussi\" data-url=\"https:\/\/www.lemonde.fr\/international\/article\/2023\/06\/06\/en-turquie-recep-tayyip-erdogan-tente-par-le-retour-a-l-orthodoxie-monetaire_6176394_3210.html\" data-loaded=\"loaded\"><\/div>\n<\/div>\n<\/section>\n<p class=\"article__paragraph \">Et, lorsqu\u2019<a href=\"https:\/\/www.lemonde.fr\/international\/article\/2023\/06\/30\/un-nouvel-autodafe-du-coran-en-suede-provoque-l-indignation-au-moyen-orient_6179905_3210.html\">un nouvel exemplaire du Coran est br\u00fbl\u00e9 \u00e0 Stockholm,<\/a> il n\u2019a pas de mots assez durs\u00a0: <em>\u00ab\u00a0Tol\u00e9rer des actes aussi haineux, c\u2019est \u00eatre complice.\u00a0\u00bb<\/em> Le message s\u2019adresse \u00e9videmment \u00e0 la Su\u00e8de, qui voit s\u2019\u00e9loigner chaque jour un peu plus la perspective d\u2019une adh\u00e9sion \u00e0 l\u2019OTAN, au sommet de l\u2019Alliance \u00e0 Vilnius, le 12\u00a0juillet, en raison des blocages hongrois et turc. C\u2019est aussi une mani\u00e8re de flatter l\u2019\u00e9lectorat islamo-nationaliste, socle du pouvoir d\u2019Erdogan.<\/p>\n<section class=\"inread inread--NL js-services-inread\">\n<div class=\"inread__cta\"><\/div>\n<\/section>\n<p class=\"article__paragraph \">A 54\u00a0ans, l\u2019ex-chef des services secrets poss\u00e8de un avantage rare en Turquie\u00a0: il conna\u00eet non seulement l\u2019arm\u00e9e de l\u2019int\u00e9rieur, mais \u00e9galement les arcanes et les m\u00e9andres de l\u2019administration civile. N\u00e9 \u00e0 Ankara, <strong>d\u2019un p\u00e8re d\u2019origine kurde<\/strong>, <strong>il sort dipl\u00f4m\u00e9 \u00e0 18\u00a0ans de l\u2019acad\u00e9mie militaire et de l\u2019\u00e9cole militaire des \u00e9tudes linguistiques.<\/strong> Il sert comme soldat pendant quinze ans, avant de finir son cursus militaire en Allemagne, comme sous-officier dans une unit\u00e9 de la Force de r\u00e9action rapide de l\u2019OTAN.<\/p>\n<h2 class=\"article__sub-title\">Une carri\u00e8re dans le civil<\/h2>\n<p class=\"article__paragraph \">Titulaire d\u2019un double dipl\u00f4me \u2013 <strong>licence de management \u00e0 l\u2019universit\u00e9 du Maryland, aux Etats-Unis<\/strong>, et doctorat en relations internationales \u00e0 l\u2019universit\u00e9 Bilkent, \u00e0 d\u2019Ankara \u2013 il d\u00e9cide de poursuivre sa carri\u00e8re dans le civil. Auteur d\u2019une th\u00e8se sur la politique \u00e9nerg\u00e9tique de l\u2019Iran, il est successivement affect\u00e9 \u00e0 l\u2019Agence internationale de l\u2019\u00e9nergie atomique (AIEA), \u00e0 Vienne, puis \u00e0 l\u2019Institut des\u00a0Nations unies\u00a0pour la recherche sur le d\u00e9sarmement, \u00e0 Gen\u00e8ve, avant de rejoindre l\u2019Agence turque de coop\u00e9ration et de d\u00e9veloppement (TIKA), levier d\u2019influence de la Turquie dans les pays en d\u00e9veloppement, en particulier les pays\u00a0turciques. Vite rep\u00e9r\u00e9, il entre en\u00a02007 dans le cabinet de Recep Tayyip Erdogan, alors premier ministre, en tant que\u00a0sous-secr\u00e9taire d\u2019Etat\u00a0adjoint, un poste de conseiller en politique \u00e9trang\u00e8re.<\/p>\n<p class=\"article__paragraph \">En\u00a02009, alors qu\u2019Ankara tente de rapprocher l\u2019Occident et T\u00e9h\u00e9ran sur le dossier du nucl\u00e9aire iranien, Hakan Fidan, impliqu\u00e9 dans la m\u00e9diation, d\u00e9fend le droit de la R\u00e9publique islamique \u00e0 mener un programme atomique \u00e0 des fins pacifiques. L\u2019ann\u00e9e suivante, il est propuls\u00e9 \u00e0 la t\u00eate du MIT, les services de renseignement turcs.<\/p>\n<section class=\"catcher catcher--favoris\">\n<div class=\"catcher__favorite\">\n<div class=\"meta__icon meta__icon--favorite lmd-dropdown-favorite\" data-position=\"lire aussi\" data-url=\"https:\/\/www.lemonde.fr\/international\/article\/2023\/05\/30\/election-presidentielle-en-turquie-les-raisons-de-la-defaite-de-kemal-kilicdaroglu_6175399_3210.html\" data-loaded=\"loaded\"><\/div>\n<\/div>\n<\/section>\n<p class=\"article__paragraph \">I<strong>l r\u00e9organise imm\u00e9diatement l\u2019agence, la rendant encore plus puissante en incorporant le renseignement militaire<\/strong>. Toutefois, les d\u00e9buts de cet homme discret, par nature et fonction, provoquent un nombre surprenant de gros titres dans les m\u00e9dias. L\u2019homme lige d\u2019Erdogan se trouve au c\u0153ur d\u2019une pol\u00e9mique qui \u00e9clot en 2013 apr\u00e8s la parution d\u2019un article du <a title=\"Nouvelle fen\u00eatre\" href=\"https:\/\/www.washingtonpost.com\/opinions\/david-ignatius-turkey-blows-israels-cover-for-iranian-spy-ring\/2013\/10\/16\/7d9c1eb2-3686-11e3-be86-6aeaa439845b_story.html\" target=\"_blank\" rel=\"noopener\">Washington Post<\/a>. Selon l\u2019\u00e9ditorialiste David Ignatius, Isra\u00ebl, qui voit en lui un ami de T\u00e9h\u00e9ran, l\u2019accuserait d\u2019avoir transmis \u00e0 la R\u00e9publique islamique le nom d\u2019une douzaine de ses espions en Iran.<\/p>\n<p>Dans un long portrait que lui a r\u00e9cemment consacr\u00e9 le quotidien suisse de langue allemande Neue Z\u00fcrcher Zeitung, on apprend qu\u2019il aurait aussi entretenu de bonnes relations avec le g\u00e9n\u00e9ral Ghassem Soleimani, qui dirigeait les op\u00e9rations ext\u00e9rieures des gardiens de la r\u00e9volution, <a title=\"Nouvelle fen\u00eatre\" href=\"https:\/\/www.lemonde.fr\/international\/article\/2020\/01\/03\/mort-du-general-ghassem-soleimani-stratege-de-teheran-au-proche-orient_6024682_3210.html\" target=\"_blank\" rel=\"noopener\">avant d\u2019\u00eatre tu\u00e9 par les Etats-Unis en\u00a02020.<\/a><\/p>\n<h2 class=\"article__sub-title\">Les dossiers les plus sensibles<\/h2>\n<p class=\"article__paragraph \">En Syrie, le patron du MIT aurait \u00e9galement organis\u00e9 des livraisons d\u2019armes aux rebelles \u00e0 partir de 2012. La nouvelle fait sensation lorsqu\u2019elle sort dans le quotidien d\u2019opposition <em>Cumhuriyet.<\/em> Il affirme que ces convois clandestins parviennent non seulement \u00e0 l\u2019Arm\u00e9e syrienne libre, mais aussi aux islamistes radicaux. Son r\u00e9dacteur en chef, Can D\u00fcndar, <a href=\"https:\/\/www.lemonde.fr\/international\/article\/2020\/12\/24\/la-turquie-condamne-le-journaliste-en-exil-can-dundar-a-vingt-sept-ans-et-demi-de-prison_6064413_3210.html\">sera poursuivi par la justice turque pour ces r\u00e9v\u00e9lations,<\/a> avant de s\u2019exiler \u00e0 Berlin.<\/p>\n<p class=\"article__paragraph \">Hakan Fidan s\u2019attaque aux dossiers les plus sensibles, dont il rend compte directement au chef de l\u2019Etat. Pendant plusieurs ann\u00e9es, il joue le r\u00f4le d\u2019interm\u00e9diaire du pr\u00e9sident dans les tractations secr\u00e8tes avec la gu\u00e9rilla kurde du Parti des travailleurs du Kurdistan (PKK). Il se rend \u00e0 la prison d\u2019Imrali, \u00e9tablissant des relations de confiance avec le chef emprisonn\u00e9 du mouvement, <strong>Abdullah Ocalan<\/strong>, qui, dans ses messages \u00e0 ses avocats, ne tarit pas d\u2019\u00e9loges \u00e0 son \u00e9gard. Au point qu\u2019un juge d\u2019Ankara ouvrira une enqu\u00eate, reprochant au chef du renseignement d\u2019entretenir des \u00e9changes <em>\u00ab\u00a0ill\u00e9gaux avec des terroristes\u00a0\u00bb<\/em>.<\/p>\n<section class=\"catcher catcher--favoris\">\n<div class=\"catcher__favorite\">\n<div class=\"meta__icon meta__icon--favorite lmd-dropdown-favorite\" data-position=\"lire aussi\" data-url=\"https:\/\/www.lemonde.fr\/international\/article\/2023\/05\/27\/a-istanbul-les-enseignants-du-harvard-turc-protestent-contre-la-mainmise-du-pouvoir-sur-les-universites_6175064_3210.html\" data-loaded=\"loaded\"><\/div>\n<\/div>\n<\/section>\n<p class=\"article__paragraph \">Cette fois, c\u2019est Erdogan en personne qui fait barrage. Il assume et prend l\u2019enti\u00e8re responsabilit\u00e9 des n\u00e9gociations. <strong>On d\u00e9couvrira plus tard que cet \u00e9pisode fut l\u2019un des premiers de la guerre fratricide que les hommes d\u2019Erdogan livr\u00e8rent aux r\u00e9seaux g\u00fclenistes<\/strong>, des adeptes du pr\u00e9dicateur conservateur <a href=\"https:\/\/www.lemonde.fr\/international\/article\/2016\/07\/16\/turquie-qui-est-fetullah-gulen-accuse-par-le-pouvoir-d-avoir-initie-le-coup-d-etat_4970450_3210.html\">Fethullah G\u00fclen<\/a>, tr\u00e8s introduits dans l\u2019appareil d\u2019Etat. L\u2019imam sunnite, aujourd\u2019hui install\u00e9 en Pennsylvanie, a toujours refus\u00e9 de se confronter \u00e0 la question kurde. Et Hakan Fidan, contrairement \u00e0 d\u2019autres cadres de la formation au pouvoir, le Parti de la justice et du d\u00e9veloppement, \u00e9tait connu pour n\u2019avoir que peu de sympathie pour ladite confr\u00e9rie.<\/p>\n<h2 class=\"article__sub-title\">\u00ab\u00a0Vous avez rat\u00e9 l\u2019examen\u00a0\u00bb<\/h2>\n<p class=\"article__paragraph \">Le point culminant de cette guerre survient durant l\u2019\u00e9t\u00e9 2016, avec <a href=\"https:\/\/www.lemonde.fr\/europe\/article\/2016\/07\/25\/en-turquie-chronique-d-un-coup-d-etat-rate_4974167_3214.html\">le coup d\u2019Etat m<\/a>anqu\u00e9 d\u2019une faction de militaires. <strong>L\u00e0 encore, Hakan Fidan est aux premi\u00e8res loges, mais de mani\u00e8re bien \u00e9trange<\/strong>. Dans l\u2019apr\u00e8s-midi du 15\u00a0juillet, il est inform\u00e9 d\u2019activit\u00e9s suspectes, notamment sur une base a\u00e9rienne pr\u00e8s d\u2019Ankara. Le patron du MIT informe, \u00e0 16\u00a0heures, le chef d\u2019\u00e9tat-major, Hulusi Akar, mais pas les autorit\u00e9s civiles. <em>\u00ab\u00a0J\u2019ai appris la nouvelle par mon beau-fr\u00e8re \u00e0 20\u00a0heures\u00a0\u00bb<\/em>, racontera \u00adRecep Tayyip Erdogan, qui \u00e9tait en vacances \u00e0 Marmaris, une ville baln\u00e9aire. Le pr\u00e9sident ne s\u2019\u00e9chappera de sa vill\u00e9giature, dans le jet du gouvernement, que trois heures apr\u00e8s le d\u00e9but du putsch.<\/p>\n<p class=\"article__paragraph \">Une fois la situation reprise en main, M.\u00a0Erdogan aurait dit \u00e0 son bras droit\u00a0: <em>\u00ab\u00a0Vous avez rat\u00e9 l\u2019examen\u00a0\u00bb<\/em>, tout en refusant sa d\u00e9mission. <em>\u00ab\u00a0On ne change pas de cheval au milieu du gu\u00e9\u00a0\u00bb<\/em>, a expliqu\u00e9 l\u2019homme fort d\u2019Ankara, plus tard, \u00e0 plusieurs m\u00e9dias.<strong> A ce jour, on ne sait toujours pas si Hakan Fidan a h\u00e9sit\u00e9 parce que ses renseignements n\u2019\u00e9taient pas assez pr\u00e9cis ou s\u2019il a d\u00e9lib\u00e9r\u00e9ment laiss\u00e9 les putschistes lancer leur tentative afin de les cueillir dans un pi\u00e8ge plus grand.<\/strong><\/p>\n<section class=\"catcher catcher--favoris\">\n<div class=\"catcher__favorite\">\n<div class=\"meta__icon meta__icon--favorite lmd-dropdown-favorite\" data-position=\"lire aussi\" data-url=\"https:\/\/www.lemonde.fr\/international\/article\/2023\/05\/24\/en-turquie-le-triomphe-electoral-des-nationalistes-omnipresents-dans-l-echiquier-politique_6174566_3210.html\" data-loaded=\"loaded\"><\/div>\n<\/div>\n<\/section>\n<p class=\"article__paragraph \">D\u2019apr\u00e8s le quotidien <em>H\u00fcrriyet<\/em>, le d\u00e9briefing avec le pr\u00e9sident a dur\u00e9 plusieurs heures. <em>\u00ab\u00a0Vous avez maintenant une tache sur votre parcours\u00a0\u00bb<\/em>, l\u2019aurait tanc\u00e9 M. Erdogan. <em>\u00ab\u00a0Tout ce que vous ordonnerez, je suis pr\u00eat \u00e0 le faire\u00a0\u00bb<\/em>, aurait r\u00e9pondu M.\u00a0Fidan. Par la suite, le chef du MIT n\u2019a eu de cesse de traquer les responsables du PKK, tout comme les fid\u00e8les du pr\u00e9dicateur G\u00fclen. Sans un mot, ou presque, en bon soldat du \u00ab\u00a0reis\u00a0\u00bb. Hakan Fidan a prosp\u00e9r\u00e9 dans les zones grises du pouvoir, l\u2019opacit\u00e9 propre au domaine du renseignement l\u2019a servi.\u00a0Mais la \u00ab\u00a0bo\u00eete noire\u00a0\u00bb est d\u00e9sormais sous les projecteurs. Il va devoir s\u2019y habituer.<\/p>\n<section class=\"author\">\n<p class=\"article__author-container\"><span class=\"author__detail\"><a class=\"article__author-link\" href=\"\/signataires\/nicolas-bourcier\/\"><span class=\"author__name\">Nicolas Bourcier<\/span><span class=\"author__desc\">(Istanbul, correspondant)<\/span><\/a><\/span><\/p>\n<\/section>\n<p><a href=\"https:\/\/www.lemonde.fr\/international\/article\/2023\/07\/03\/en-turquie-hakan-fidan-le-nouveau-chef-de-la-diplomatie-prince-des-tenebres-de-la-politique_6180288_3210.html\">LE MONDE<\/a><\/p>\n<\/article>\n<\/section>\n","protected":false},"excerpt":{"rendered":"<p>Cet ancien chef des services de renseignement a \u00e9t\u00e9 l\u2019ex\u00e9cuteur des basses \u0153uvres d\u2019Erdogan. Fid\u00e8le parmi les fid\u00e8les du pr\u00e9sident turc, il est consid\u00e9r\u00e9 comme un successeur possible. &nbsp; Pendant treize ans, Hakan Fidan est rest\u00e9 dans l\u2019ombre de son protecteur, toujours pr\u00e9sent, l\u00e0 quand il le faut, dans les r\u00e9unions, dans les coulisses et<\/p>\n","protected":false},"author":1051,"featured_media":107829,"comment_status":"open","ping_status":"open","sticky":false,"template":"","format":"standard","meta":{"_uf_show_specific_survey":0,"_uf_disable_surveys":false,"footnotes":""},"categories":[37],"tags":[],"class_list":{"0":"post-107817","1":"post","2":"type-post","3":"status-publish","4":"format-standard","5":"has-post-thumbnail","7":"category-alaune-fr"},"aioseo_notices":[],"_links":{"self":[{"href":"https:\/\/middleeasttransparent.com\/fr\/wp-json\/wp\/v2\/posts\/107817","targetHints":{"allow":["GET"]}}],"collection":[{"href":"https:\/\/middleeasttransparent.com\/fr\/wp-json\/wp\/v2\/posts"}],"about":[{"href":"https:\/\/middleeasttransparent.com\/fr\/wp-json\/wp\/v2\/types\/post"}],"author":[{"embeddable":true,"href":"https:\/\/middleeasttransparent.com\/fr\/wp-json\/wp\/v2\/users\/1051"}],"replies":[{"embeddable":true,"href":"https:\/\/middleeasttransparent.com\/fr\/wp-json\/wp\/v2\/comments?post=107817"}],"version-history":[{"count":0,"href":"https:\/\/middleeasttransparent.com\/fr\/wp-json\/wp\/v2\/posts\/107817\/revisions"}],"wp:featuredmedia":[{"embeddable":true,"href":"https:\/\/middleeasttransparent.com\/fr\/wp-json\/wp\/v2\/media\/107829"}],"wp:attachment":[{"href":"https:\/\/middleeasttransparent.com\/fr\/wp-json\/wp\/v2\/media?parent=107817"}],"wp:term":[{"taxonomy":"category","embeddable":true,"href":"https:\/\/middleeasttransparent.com\/fr\/wp-json\/wp\/v2\/categories?post=107817"},{"taxonomy":"post_tag","embeddable":true,"href":"https:\/\/middleeasttransparent.com\/fr\/wp-json\/wp\/v2\/tags?post=107817"}],"curies":[{"name":"wp","href":"https:\/\/api.w.org\/{rel}","templated":true}]}}