{"id":107319,"date":"2023-06-19T20:50:54","date_gmt":"2023-06-19T19:50:54","guid":{"rendered":"https:\/\/middleeasttransparent.com\/?p=107319"},"modified":"2023-06-19T20:50:54","modified_gmt":"2023-06-19T19:50:54","slug":"qui-sont-ces-libanais-et-ces-syriens-impliques-dans-lenorme-rixe-a-essen","status":"publish","type":"post","link":"https:\/\/middleeasttransparent.com\/fr\/qui-sont-ces-libanais-et-ces-syriens-impliques-dans-lenorme-rixe-a-essen\/","title":{"rendered":"Qui sont ces Libanais et ces Syriens impliqu\u00e9s dans l&rsquo;\u00e9norme rixe \u00e0 Essen ?"},"content":{"rendered":"<p><em>(Des passants attroup\u00e9s devant un restaurant \u00e0 Essen (Allemagne) o\u00f9 une rixe collective a \u00e9clat\u00e9 entre Libanais et Syriens, le vendredi 16 juin 2023. Capture d&rsquo;\u00e9cran)<\/em><\/p>\n<p style=\"text-align: center;\">*<\/p>\n<h1><\/h1>\n<p><strong><span style=\"font-size: 14px; color: #606569;\">Ralph Ghadban, chercheur d\u2019origine libanaise et sp\u00e9cialiste des \u00ab Arabisches clans \u00bb en Allemagne, explique \u00e0 L&rsquo;OLJ qui sont les personnes et les clans impliqu\u00e9s dans des affrontements violents \u00e0 Essen.\u00a0<\/span><\/strong><\/p>\n<div class=\"article-info\">\n<p>&nbsp;<\/p>\n<\/div>\n<div class=\"main-column\">\n<div class=\"article-content\">\n<div class=\"social-share-container desktop\"><img fetchpriority=\"high\" decoding=\"async\" class=\"size-full wp-image-107330 aligncenter\" src=\"https:\/\/middleeasttransparent.com\/wp-content\/uploads\/2023\/06\/RALPH-1.png\" alt=\"\" width=\"477\" height=\"492\" srcset=\"https:\/\/middleeasttransparent.com\/wp-content\/uploads\/2023\/06\/RALPH-1.png 477w, https:\/\/middleeasttransparent.com\/wp-content\/uploads\/2023\/06\/RALPH-1-150x155.png 150w, https:\/\/middleeasttransparent.com\/wp-content\/uploads\/2023\/06\/RALPH-1-450x464.png 450w\" sizes=\"(max-width: 477px) 100vw, 477px\" \/><\/div>\n<div class=\"image-container\">\n<p class=\"caption\">\n<\/div>\n<div class=\"text\" data-charcount=\"4792\">\n<div class=\"article_full_text\">\n<p>Tables cass\u00e9es dans un restaurant, cris, hurlements, et panique g\u00e9n\u00e9rale vendredi dernier dans une rue d&rsquo;Essen, ville de l&rsquo;ouest de l&rsquo;Allemagne. Des vid\u00e9os tourn\u00e9es sur les lieux montrent des affrontements violents entre des dizaines de Libanais et de Syriens appartenant \u00e0 des familles rivales, lors d&rsquo;une rixe collective qui a impliqu\u00e9 environ 80 personnes et fait plusieurs bless\u00e9s, selon l&rsquo;agence officielle allemande DPA. La police allemande a retrouv\u00e9 sur les lieux des barres de fer et des couteaux.<\/p>\n<p>Derri\u00e8re cet incident, des Mhallamis, Kurdes majoritairement sunnites, originaires du sud de la Turquie et ayant \u00e9migr\u00e9 au Liban en 1930 avant de se rendre en Allemagne, et qui forment aujourd&rsquo;hui les \u00ab\u00a0clans\u00a0\u00bb libanais actifs dans le trafic de drogue, le vol, l\u2019extorsion, la prostitution et le blanchiment d\u2019argent \u00e0 Berlin, Francfort, Br\u00eame et Essen, selon le chercheur d&rsquo;origine libanaise Ralph Ghadban, un fin connaisseur des \u00ab Arabisches clans \u00bb (clans arabes) en Allemagne. En face, des clans syriens, arriv\u00e9s plus tardivement en Allemagne, dont de nombreuses familles de Deir ez-Zor, dans l&rsquo;est de la Syrie.<\/p>\n<p>Ralph Ghadban explique \u00e0 L&rsquo;Orient-Le Jour les origines de ces clans rivaux et les enjeux politiques et \u00e9conomiques qui les opposent.<\/p>\n<div class=\"inline-embeded-article inline-related-article\">\n<div><\/div>\n<\/div>\n<p>&nbsp;<\/p>\n<p><b>Des heurts entre clans libanais et syriens comme ceux auxquels nous avons assist\u00e9 \u00e0 Essen sont-ils in\u00e9dits ? Ou bien s&rsquo;agit-il d&rsquo;incidents r\u00e9currents entre familles rivales ?<\/b><\/p>\n<p>Des incidents similaires ont lieu depuis plusieurs ann\u00e9es entre Libanais et Syriens, depuis que ces derniers ont commenc\u00e9 \u00e0 arriver en Allemagne. Naturellement, les Syriens se sont install\u00e9s dans des r\u00e9gions o\u00f9 il y avait des populations d&rsquo;origine arabe, ce qui a donn\u00e9 lieu \u00e0 une concurrence au niveau des rentr\u00e9es financi\u00e8res, notamment celles issues de la drogue, entre Libanais et Syriens. Les probl\u00e8mes entre familles rivales ne sont donc pas nouveaux, mais ce qui est in\u00e9dit, c&rsquo;est l&rsquo;ampleur de l&rsquo;incident survenu vendredi dernier \u00e0 Essen. Nous n&rsquo;avions jamais assist\u00e9 avant \u00e0 un tel affrontement.<\/p>\n<p>Ces heurts ont eu lieu entre une famille kurde du Liban (plus sp\u00e9cifiquement des Mhallamis, ndlr) et un clan syrien de Deir ez-Zor. L&rsquo;incident a pris des proportions \u00e9normes, et des dizaines de Libanais sunnites et chiites \u00e0 Essen ont vol\u00e9 au secours de la famille kurde.<\/p>\n<p>La version officielle est qu&rsquo;il s&rsquo;agit d&rsquo;un probl\u00e8me reli\u00e9 \u00e0 une querelle entre des enfants des deux clans qui a d\u00e9g\u00e9n\u00e9r\u00e9 en affrontements. Mais selon la version officieuse, les violences ont commenc\u00e9 apr\u00e8s que des Syriens ont harcel\u00e9 une femme kurde.\u00a0Il s&rsquo;agit d&rsquo;une question d&rsquo;honneur pour ces familles, voil\u00e0 pourquoi la bagarre a rapidement d\u00e9rap\u00e9.<\/p>\n<p>&nbsp;<\/p>\n<div class=\"inline-embeded-article inline-related-article\">\n<div>\n<h3>Pour m\u00e9moire<\/h3>\n<h4>Ralph Ghadban, l\u2019\u00e9crivain face \u00e0 la mafia libano-allemande<\/h4>\n<\/div>\n<\/div>\n<p>&nbsp;<\/p>\n<p><b>Y a-t-il des enjeux politiques et \u00e9conomiques dans ces rivalit\u00e9s claniques et familiales ?<\/b><\/p>\n<p>Les Kurdes du Liban (en Allemagne) sont des alli\u00e9s du Hezbollah, ce qui explique pourquoi des chiites \u00e0 Essen ont vol\u00e9 \u00e0 leur secours. De m\u00eame pour les sunnites libanais, car les Syriens sont \u00e9galement leurs concurrents, que ce soit pour les restaurants ou les magasins de nourriture arabe. De m\u00eame, la vente de drogue \u00e9tait principalement aux mains de Libanais, mais les Syriens sont en train de s&rsquo;immiscer dans ce trafic.<\/p>\n<p>Je pense que la rixe de vendredi continuera d&rsquo;avoir des r\u00e9percussions et pourrait s&rsquo;\u00e9tendre \u00e0\u00a0 d&rsquo;autres villes. D\u00e8s le lendemain de l&rsquo;incident, des Syriens ont saccag\u00e9 un commerce appartenant \u00e0 un Kurde. En guise de repr\u00e9sailles, des Libanais ont alors attaqu\u00e9 un restaurant syrien. Les deux groupes sont tr\u00e8s remont\u00e9s et la tension est toujours vive.<\/p>\n<p><b>Quels sont les clans arabes les plus connus en Allemagne ?<\/b><\/p>\n<p>Les grandes familles Mhallamis sont bien connues des autorit\u00e9s, leurs noms circulent parmi les policiers allemands. Mais on voit \u00e9merger derni\u00e8rement des clans originaires de Deir ez-Zor, dont certains travaillent comme passeurs vers l&rsquo;Allemagne et s&rsquo;en vantent dans certaines vid\u00e9os publi\u00e9es en ligne. Ces passeurs peuvent parfois toucher jusqu&rsquo;\u00e0 10.000 dollars par migrant.<\/p>\n<p>Auparavant, les Mhallamis participaient dans une certaine mesure \u00e0 la facilitation de l&rsquo;entr\u00e9e des migrants en Europe. Mais ils ont \u00e9t\u00e9 d\u00e9tr\u00f4n\u00e9s par les Syriens, qui sont mieux plac\u00e9s g\u00e9ographiquement sur la route des migrations clandestines.<\/p>\n<p>A leur arriv\u00e9e en Allemagne, les Mhallamis ont commenc\u00e9 \u00e0 pratiquer l&rsquo;extorsion et \u00e0 imposer des taxes ill\u00e9gales.\u00a0 Ils ont fait la Une dans ce pays en 2019, apr\u00e8s le vol de bijoux et de pierres pr\u00e9cieuses dans un mus\u00e9e de Dresde, capitale de la Saxe.<\/p>\n<\/div>\n<p><a href=\"https:\/\/www.lorientlejour.com\/article\/1340981\/qui-sont-ces-libanais-et-ces-syriens-impliques-dans-lenorme-rixe-a-essen-.html\">OLJ<\/a><\/p>\n<\/div>\n<\/div>\n<\/div>\n","protected":false},"excerpt":{"rendered":"<p>(Des passants attroup\u00e9s devant un restaurant \u00e0 Essen (Allemagne) o\u00f9 une rixe collective a \u00e9clat\u00e9 entre Libanais et Syriens, le vendredi 16 juin 2023. Capture d&rsquo;\u00e9cran) * Ralph Ghadban, chercheur d\u2019origine libanaise et sp\u00e9cialiste des \u00ab Arabisches clans \u00bb en Allemagne, explique \u00e0 L&rsquo;OLJ qui sont les personnes et les clans impliqu\u00e9s dans des affrontements<\/p>\n","protected":false},"author":1044,"featured_media":107328,"comment_status":"open","ping_status":"open","sticky":false,"template":"","format":"standard","meta":{"_uf_show_specific_survey":0,"_uf_disable_surveys":false,"footnotes":""},"categories":[37],"tags":[],"class_list":{"0":"post-107319","1":"post","2":"type-post","3":"status-publish","4":"format-standard","5":"has-post-thumbnail","7":"category-alaune-fr"},"aioseo_notices":[],"_links":{"self":[{"href":"https:\/\/middleeasttransparent.com\/fr\/wp-json\/wp\/v2\/posts\/107319","targetHints":{"allow":["GET"]}}],"collection":[{"href":"https:\/\/middleeasttransparent.com\/fr\/wp-json\/wp\/v2\/posts"}],"about":[{"href":"https:\/\/middleeasttransparent.com\/fr\/wp-json\/wp\/v2\/types\/post"}],"author":[{"embeddable":true,"href":"https:\/\/middleeasttransparent.com\/fr\/wp-json\/wp\/v2\/users\/1044"}],"replies":[{"embeddable":true,"href":"https:\/\/middleeasttransparent.com\/fr\/wp-json\/wp\/v2\/comments?post=107319"}],"version-history":[{"count":0,"href":"https:\/\/middleeasttransparent.com\/fr\/wp-json\/wp\/v2\/posts\/107319\/revisions"}],"wp:featuredmedia":[{"embeddable":true,"href":"https:\/\/middleeasttransparent.com\/fr\/wp-json\/wp\/v2\/media\/107328"}],"wp:attachment":[{"href":"https:\/\/middleeasttransparent.com\/fr\/wp-json\/wp\/v2\/media?parent=107319"}],"wp:term":[{"taxonomy":"category","embeddable":true,"href":"https:\/\/middleeasttransparent.com\/fr\/wp-json\/wp\/v2\/categories?post=107319"},{"taxonomy":"post_tag","embeddable":true,"href":"https:\/\/middleeasttransparent.com\/fr\/wp-json\/wp\/v2\/tags?post=107319"}],"curies":[{"name":"wp","href":"https:\/\/api.w.org\/{rel}","templated":true}]}}