{"id":1067,"date":"2015-05-25T19:54:56","date_gmt":"2015-05-25T18:54:56","guid":{"rendered":"http:\/\/vflw.io\/1\/?p=1067"},"modified":"2024-10-08T21:23:58","modified_gmt":"2024-10-08T20:23:58","slug":"jean-pierre-filiu-letat-islamique-na-jamais-cesse-davancer","status":"publish","type":"post","link":"https:\/\/middleeasttransparent.com\/fr\/jean-pierre-filiu-letat-islamique-na-jamais-cesse-davancer\/","title":{"rendered":"Jean-Pierre Filiu : \u00ab\u00a0L\u2019\u00c9tat islamique n\u2019a jamais cess\u00e9 d\u2019avancer\u00a0\u00bb"},"content":{"rendered":"<p><strong>INTERVIEW <\/strong>&#8211; Jean-Pierre Filiu, historien et professeur \u00e0 Sciences-Po, analyse l\u2019avanc\u00e9e de l\u2019Etat islamique, qui vient notamment de prendre Palmyre et Ramadi.<\/p>\n<div id=\"document_actif\" class=\"spip_documents spip_documents_center\">\n<div><a title=\" \" href=\"http:\/\/www.shaffaf.net\/IMG\/jpg\/filiu.jpg\" type=\"image\/jpeg\"><img fetchpriority=\"high\" decoding=\"async\" class=\" aligncenter\" src=\"http:\/\/www.shaffaf.net\/local\/cache-vignettes\/L200xH283\/filiu-4f087.jpg\" alt=\"\" width=\"200\" height=\"283\" \/><\/a><\/div>\n<\/div>\n<p><strong>Comment expliquer cette nouvelle pouss\u00e9e de l\u2019\u00c9tat islamique, que l\u2019on croyait affaibli\u00a0?<\/strong><\/p>\n<p>En r\u00e9alit\u00e9, Daech n\u2019a jamais cess\u00e9 d\u2019avancer. On ne comprend pas ou on feint de ne pas comprendre la dynamique qui est \u00e0 l\u2019\u0153uvre. Et \u00e0 chaque fois, on reste accabl\u00e9, transi, boulevers\u00e9 par ce qui est absolument pr\u00e9visible. Tant que ceux qui sont cens\u00e9s combattre Daech feront le jeu de Daech, on ira ainsi de mal en pis.<\/p>\n<p><strong>C\u2019est-\u00e0-dire\u00a0?<\/strong><\/p>\n<p>L\u2019id\u00e9e en Syrie que l\u2019on peut consid\u00e9rer Bachar El-Assad comme un rempart contre l\u2019\u00c9tat islamique vient de prouver une fois de plus son inanit\u00e9 absolue. Non seulement Bachar n\u2019a rien fait pour emp\u00eacher les djihadistes de traverser 200 km pour atteindre Palmyre, o\u00f9 il n\u2019y a pas un brin d\u2019herbe pour se cacher, mais en plus il para\u00eet \u00e9vident que ce dernier a laiss\u00e9 faire pour que justement le symbole de la chute de Palmyre serve sa propagande. Face \u00e0 Daech, nous n\u2019avons pas aid\u00e9 ceux qui pouvaient leur tenir t\u00eate, c\u2019est-\u00e0-dire concr\u00e8tement les r\u00e9volutionnaires en Syrie.<\/p>\n<p>Mais 500 soldats syriens sont morts pour d\u00e9fendre Palmyre\u2026 Oui, mais pendant l\u2019offensive de Daech contre Palmyre, il y a eu des bombardements sans pr\u00e9c\u00e9dent sur le nord-ouest du pays et pas dans cette zone. Pour Bachar, l\u2019ennemi principal n\u2019est pas Daech, et pour Daech, l\u2019ennemi principal n\u2019est pas Bachar. R\u00e9sultat, c\u2019est le choc de ces deux monstres qui nous am\u00e8ne \u00e0 cette nouvelle trag\u00e9die.<\/p>\n<h3 style=\"text-align: center;\"><strong><span style=\"color: #0000ff;\">\u00ab\u00a0Nous pensons en position alors qu\u2019eux pensent en mouvement\u00a0\u00bb<\/span><\/strong><\/h3>\n<p><strong>Comment emp\u00eacher l\u2019\u00c9tat islamique de s\u2019emparer de Damas ou de Bagdad\u00a0?<\/strong><\/p>\n<p>Nous raisonnons en termes de ligne Maginot face \u00e0 un ennemi qui est dans la guerre de ce si\u00e8cle. Nous pensons en position alors qu\u2019eux pensent en mouvement. Les Am\u00e9ricains raisonnent en termes de stocks, ils disent \u00ab\u00a0nous avons tu\u00e9 1.392 djihadistes\u00a0\u00bb , tandis que les djihadistes raisonnent en termes de flux \u00ab\u00a0dans l\u2019intervalle nous avons recrut\u00e9 5.000 ou 10.000 combattants\u00a0\u00bb. Et nous, nous raisonnons en termes d\u2019\u00c9tat, alors que Daech, et c\u2019est sa principale force, est sorti de cette logique d\u2019\u00c9tat-nation.<\/p>\n<p><strong>Bachar El-Assad est-il vraiment en grande difficult\u00e9\u00a0?<\/strong><\/p>\n<p>Aujourd\u2019hui, il n\u2019a plus confiance en aucun de ses compatriotes, y compris les Alaouites. Il est sous garde rapproch\u00e9e iranienne. Son seul atout, hormis la protection iranienne et le soutien inconditionnel des Russes, c\u2019est l\u2019angoisse existentielle alaouite.<\/p>\n<p><strong>De quelles forces dispose-t-il encore\u00a0?<\/strong><\/p>\n<p>Des 300.000 soldats sous le drapeau loyaliste syrien, il n\u2019en reste que 50.000 qui composent les unit\u00e9s d\u2019\u00e9lite. Ces derni\u00e8res ne combattront jamais \u00e0 Palmyre ou ailleurs parce qu\u2019elles d\u00e9fendent d\u2019abord le r\u00e9gime. En face, Daech dispose d\u2019au moins 30.000 combattants tr\u00e8s arm\u00e9s et exp\u00e9riment\u00e9s. Il y a aussi tous les suppl\u00e9tifs de type police islamique. L\u2019essentiel du recrutement des Europ\u00e9ens sert \u00e0 gonfler les effectifs de ces suppl\u00e9tifs, qui assurent le maintien de l\u2019ordre en territoire syrien.<\/p>\n<p><strong>Que penser de l\u2019Arm\u00e9e de la conqu\u00eate, cette coalition de rebelles o\u00f9 sont pr\u00e9sents les djihadistes de Jabhat Al-Nosra\u00a0?<\/strong><\/p>\n<p>C\u2019est une nouvelle et vraie coalition \u00e0 but militaire qui ne veut pas le pouvoir. C\u2019est le fruit d\u2019une collaboration in\u00e9dite depuis le d\u00e9but de cette ann\u00e9e, entre Arabie saoudite, Qatar et Turquie. La grande nouveaut\u00e9, c\u2019est la grande r\u00e9conciliation entre le Qatar et les Saoudiens, qui a abouti \u00e0 des perc\u00e9es irr\u00e9versibles sur Idlib [Nord-Ouest], par exemple. En toile de fond, leur ennemi, c\u2019est l\u2019Iran.<\/p>\n<p><i>* Auteur de Je vous \u00e9cris d\u2019Alep, Ed. Deno\u00ebl.<\/i><\/p>\n<div id=\"document_actif\" class=\"spip_documents spip_documents_center\">\n<div><a title=\" \" href=\"http:\/\/www.shaffaf.net\/IMG\/jpg\/jevousecrit.jpg\" type=\"image\/jpeg\"><img decoding=\"async\" src=\"http:\/\/www.shaffaf.net\/local\/cache-vignettes\/L175xH259\/jevousecrit-f5275.jpg\" alt=\"\" width=\"175\" height=\"259\" \/><\/a><\/div>\n<\/div>\n<p><strong>Karen Lajon &#8211; Le Journal du Dimanche<\/strong><\/p>\n<p><strong> Suivre @karenlajon<\/strong><\/p>\n<p><a href=\"http:\/\/www.lejdd.fr\/International\/Proche-Orient\/Jean-Pierre-Filiu-L-Etat-islamique-n-a-jamais-cesse-d-avancer-734144\">Le JDD<\/a><\/p>\n","protected":false},"excerpt":{"rendered":"<p>INTERVIEW &#8211; Jean-Pierre Filiu, historien et professeur \u00e0 Sciences-Po, analyse l\u2019avanc\u00e9e de l\u2019Etat islamique, qui vient notamment de prendre Palmyre et Ramadi. Comment expliquer cette nouvelle pouss\u00e9e de l\u2019\u00c9tat islamique, que l\u2019on croyait affaibli\u00a0? En r\u00e9alit\u00e9, Daech n\u2019a jamais cess\u00e9 d\u2019avancer. On ne comprend pas ou on feint de ne pas comprendre la dynamique qui<\/p>\n","protected":false},"author":87,"featured_media":1070,"comment_status":"open","ping_status":"open","sticky":false,"template":"","format":"standard","meta":{"_uf_show_specific_survey":0,"_uf_disable_surveys":false,"footnotes":""},"categories":[22],"tags":[],"class_list":{"0":"post-1067","1":"post","2":"type-post","3":"status-publish","4":"format-standard","5":"has-post-thumbnail","7":"category-actualites-fr"},"aioseo_notices":[],"_links":{"self":[{"href":"https:\/\/middleeasttransparent.com\/fr\/wp-json\/wp\/v2\/posts\/1067","targetHints":{"allow":["GET"]}}],"collection":[{"href":"https:\/\/middleeasttransparent.com\/fr\/wp-json\/wp\/v2\/posts"}],"about":[{"href":"https:\/\/middleeasttransparent.com\/fr\/wp-json\/wp\/v2\/types\/post"}],"author":[{"embeddable":true,"href":"https:\/\/middleeasttransparent.com\/fr\/wp-json\/wp\/v2\/users\/87"}],"replies":[{"embeddable":true,"href":"https:\/\/middleeasttransparent.com\/fr\/wp-json\/wp\/v2\/comments?post=1067"}],"version-history":[{"count":0,"href":"https:\/\/middleeasttransparent.com\/fr\/wp-json\/wp\/v2\/posts\/1067\/revisions"}],"wp:featuredmedia":[{"embeddable":true,"href":"https:\/\/middleeasttransparent.com\/fr\/wp-json\/wp\/v2\/media\/1070"}],"wp:attachment":[{"href":"https:\/\/middleeasttransparent.com\/fr\/wp-json\/wp\/v2\/media?parent=1067"}],"wp:term":[{"taxonomy":"category","embeddable":true,"href":"https:\/\/middleeasttransparent.com\/fr\/wp-json\/wp\/v2\/categories?post=1067"},{"taxonomy":"post_tag","embeddable":true,"href":"https:\/\/middleeasttransparent.com\/fr\/wp-json\/wp\/v2\/tags?post=1067"}],"curies":[{"name":"wp","href":"https:\/\/api.w.org\/{rel}","templated":true}]}}