{"id":10649,"date":"2016-03-28T20:46:20","date_gmt":"2016-03-28T19:46:20","guid":{"rendered":"http:\/\/middleeasttransparent.com\/?p=10649"},"modified":"2016-03-28T20:47:58","modified_gmt":"2016-03-28T19:47:58","slug":"scandale-de-la-fifa-lancien-president-du-honduras-plaide-coupable","status":"publish","type":"post","link":"https:\/\/middleeasttransparent.com\/fr\/scandale-de-la-fifa-lancien-president-du-honduras-plaide-coupable\/","title":{"rendered":"Scandale de la FIFA\u00a0: l\u2019ancien pr\u00e9sident du Honduras plaide coupable"},"content":{"rendered":"<figure class=\"illustration_haut \"><figcaption class=\"legende\" data-caption=\"Rafael Leonardo Callejas (gauche) et l'ancien entra\u00eeneur de l'\u00e9quipe de football du Honduras Reinaldo Rueda, le 29 juillet 2010.\"><em>Rafael Leonardo Callejas (gauche) et l&rsquo;ancien entra\u00eeneur de l&rsquo;\u00e9quipe de football du Honduras Reinaldo Rueda, le 29 juillet 2010. <span class=\"source_image\" data-copyright=\"ORLANDO SIERRA \/ AFP\">ORLANDO SIERRA \/ AFP<\/span><\/em><\/figcaption><\/figure>\n<h2 class=\"taille_courante\"><em>\u00a0<\/em><\/h2>\n<p class=\"tt2\"><strong><span id=\"publisher\" data-source=\"Le Monde.fr avec AFP et AP\">Le Monde.fr avec AFP et AP<\/span> <span class=\"bt_abo txt1\">Abonnez vous<span class=\"toolbar-label\"> \u00e0 partir de <\/span><\/span><\/strong><\/p>\n<div id=\"articleBody\" class=\"contenu_article js_article_body\">\n<figure class=\"illustration_haut \"><figcaption class=\"legende\" data-caption=\"Rafael Leonardo Callejas (gauche) et l'ancien entra\u00eeneur de l'\u00e9quipe de football du Honduras Reinaldo Rueda, le 29 juillet 2010.\"><\/figcaption><strong>Rafael Callejas, ex-pr\u00e9sident du <a class=\"lien_interne rub\" title=\"Toute l\u2019actualit\u00e9 Honduras\" href=\"http:\/\/www.lemonde.fr\/honduras\/\">Honduras<\/a> et ex-pr\u00e9sident de la F\u00e9d\u00e9ration hondurienne de football a plaid\u00e9 coupable, lundi 28\u00a0mars, devant le tribunal f\u00e9d\u00e9ral de Brooklyn pour conspiration \u00e0 des fins de fraude, racket et blanchiment d\u2019argent dans le cadre du scandale de corruption visant la F\u00e9d\u00e9ration internationale de <a class=\"lien_interne rub\" title=\"Toute l\u2019actualit\u00e9 football\" href=\"http:\/\/www.lemonde.fr\/football\/\">football<\/a> (<a class=\"lien_interne rub\" title=\"Toute l\u2019actualit\u00e9 FIFA\" href=\"http:\/\/www.lemonde.fr\/corruption-a-la-fifa\/\">FIFA<\/a>). En d\u00e9cembre, il avait <a href=\"http:\/\/www.lemonde.fr\/football\/article\/2015\/12\/16\/deux-haut-responsables-de-la-fifa-plaident-non-coupable-a-new-york_4832782_1616938.html\">plaid\u00e9 non coupable<\/a> pour les m\u00eames faits. Accus\u00e9 par la <a class=\"lien_interne rub\" title=\"Toute l\u2019actualit\u00e9 justice\" href=\"http:\/\/www.lemonde.fr\/justice\/\">justice<\/a> am\u00e9ricaine de huit faits de fraude, racket et blanchiment d\u2019argent, il conna\u00eetra sa peine le 5\u00a0ao\u00fbt, a pr\u00e9cis\u00e9 la cour.<\/strong><\/p>\n<\/figure>\n<p>Dans le cadre de sa d\u00e9cision de <a class=\"lien_interne conjug\" title=\"Conjugaison du verbe plaider\" href=\"http:\/\/conjugaison.lemonde.fr\/conjugaison\/premier-groupe\/plaider\/\" target=\"_blank\">plaider<\/a> coupable, M.\u00a0Callejas, 72 ans, pr\u00e9sident du Honduras de 1990 \u00e0 1994 et ancien membre de la commission marketing et t\u00e9l\u00e9vision de la FIFA, s\u2019est engag\u00e9 \u00e0 <a class=\"lien_interne conjug\" title=\"Conjugaison du verbe verser\" href=\"http:\/\/conjugaison.lemonde.fr\/conjugaison\/premier-groupe\/verser\/\" target=\"_blank\">verser<\/a> 650\u00a0000\u00a0dollars, dont 180\u00a0000 qu\u2019il devra <a class=\"lien_interne conjug\" title=\"Conjugaison du verbe acquitter\" href=\"http:\/\/conjugaison.lemonde.fr\/conjugaison\/premier-groupe\/acquitter\/\" target=\"_blank\">acquitter<\/a> d\u2019ici une semaine, le solde devant <a class=\"lien_interne conjug\" title=\"Conjugaison du verbe \u00eatre\" href=\"http:\/\/conjugaison.lemonde.fr\/conjugaison\/auxiliaire\/%C3%AAtre\/\" target=\"_blank\">\u00eatre<\/a> pay\u00e9 dans les douze mois.<\/p>\n<p><em>\u00ab\u00a0Je savais que c\u2019\u00e9tait malhonn\u00eate\u00a0\u00bb<\/em>, a d\u00e9clar\u00e9 Rafael Callejas, en r\u00e9f\u00e9rence \u00e0 ces pots-de-vin re\u00e7us en \u00e9change de l\u2019attribution \u00e0 Media World, une entreprise de Floride, des droits de diffusion t\u00e9l\u00e9vis\u00e9e et des droits commerciaux des matchs qualificatifs du Honduras pour les Coupes du <a class=\"lien_interne rub\" title=\"Toute l\u2019actualit\u00e9 monde\" href=\"http:\/\/www.lemonde.fr\/afrique-monde\/\">monde<\/a> 2014, 2018 et 2022. La justice am\u00e9ricaine accuse M.\u00a0Callejas d\u2019avoir ainsi encaiss\u00e9 1,6\u00a0million de dollars entre mars\u00a02011 et janvier\u00a02013.<\/p>\n<div class=\"teads-inread sm-screen\"><\/div>\n<h2 class=\"intertitre\">200\u00a0millions de dollars de pots-de-vin<\/h2>\n<p>Corruption, blanchiment d\u2019argent, fraude, racket\u00a0: au total, 39 personnes et deux <a class=\"lien_interne rub\" title=\"Toute l\u2019actualit\u00e9 soci\u00e9t\u00e9\" href=\"http:\/\/www.lemonde.fr\/societe\/\">soci\u00e9t\u00e9<\/a>s sont \u00e0 ce jour mises en cause par la justice am\u00e9ricaine, qui<a class=\"lien_interne rub\" title=\"Toute l\u2019actualit\u00e9 enqu\u00eate\" href=\"http:\/\/www.lemonde.fr\/enquetes\/\">enqu\u00eate<\/a> sur les malversations \u00e0 la FIFA et au sommet du football mondial. Pour l\u2019essentiel, les responsables mis en cause appartiennent \u00e0 la Conmebol (Conf\u00e9d\u00e9ration sud-am\u00e9ricaine de football) ou \u00e0 la Concacaf (Conf\u00e9d\u00e9ration d\u2019Am\u00e9rique du Nord, centrale et des Cara\u00efbes).<\/p>\n<p>Ce scandale plan\u00e9taire a \u00e9clat\u00e9 le 27\u00a0mai avec l\u2019arrestation spectaculaire de sept hauts dirigeants \u00e0 Zurich, \u00e0 la demande des Etats-Unis, juste avant l\u2019\u00e9lection du pr\u00e9sident de la FIFA. Selon la justice am\u00e9ricaine, 200\u00a0millions de dollars de pots-de-vin auraient circul\u00e9 \u00e0 la FIFA depuis 1991.<\/p>\n<p>Au sein de la FIFA, l\u2019affaire a entra\u00een\u00e9 la d\u00e9mission de Joseph Blatter, le 2\u00a0juin, de son poste de pr\u00e9sident du football mondial, quatre jours \u00e0 peine apr\u00e8s sa r\u00e9\u00e9lection pour un cinqui\u00e8me mandat. Apr\u00e8s un long int\u00e9rim effectu\u00e9 par le Camerounais Issa Hayatou, la FIFA a retrouv\u00e9 un pr\u00e9sident le 26\u00a0f\u00e9vrier avec l\u2019Italo-<a class=\"lien_interne rub\" title=\"Toute l\u2019actualit\u00e9 Suisse\" href=\"http:\/\/www.lemonde.fr\/suisse\/\">Suisse<\/a> Gianni Infantino, ancien num\u00e9ro deux de Michel Platini \u00e0 l\u2019UEFA, la f\u00e9d\u00e9ration europ\u00e9enne.<\/p>\n<\/div>\n<p><a href=\"http:\/\/www.lemonde.fr\/football\/article\/2016\/03\/28\/scandale-de-la-fifa-l-ancien-president-du-honduras-plaide-coupable_4891382_1616938.html#jePpkt1PPZvOt2BT.99\">LE MONDE\u00a0\u00a0<\/a><\/p>\n","protected":false},"excerpt":{"rendered":"<p>Rafael Leonardo Callejas (gauche) et l&rsquo;ancien entra\u00eeneur de l&rsquo;\u00e9quipe de football du Honduras Reinaldo Rueda, le 29 juillet 2010. ORLANDO SIERRA \/ AFP \u00a0 Le Monde.fr avec AFP et AP Abonnez vous \u00e0 partir de Rafael Callejas, ex-pr\u00e9sident du Honduras et ex-pr\u00e9sident de la F\u00e9d\u00e9ration hondurienne de football a plaid\u00e9 coupable, lundi 28\u00a0mars, devant le<\/p>\n","protected":false},"author":134,"featured_media":10650,"comment_status":"open","ping_status":"open","sticky":false,"template":"","format":"standard","meta":{"_uf_show_specific_survey":0,"_uf_disable_surveys":false,"footnotes":""},"categories":[361],"tags":[],"class_list":{"0":"post-10649","1":"post","2":"type-post","3":"status-publish","4":"format-standard","5":"has-post-thumbnail","7":"category-sport-international"},"aioseo_notices":[],"_links":{"self":[{"href":"https:\/\/middleeasttransparent.com\/fr\/wp-json\/wp\/v2\/posts\/10649","targetHints":{"allow":["GET"]}}],"collection":[{"href":"https:\/\/middleeasttransparent.com\/fr\/wp-json\/wp\/v2\/posts"}],"about":[{"href":"https:\/\/middleeasttransparent.com\/fr\/wp-json\/wp\/v2\/types\/post"}],"author":[{"embeddable":true,"href":"https:\/\/middleeasttransparent.com\/fr\/wp-json\/wp\/v2\/users\/134"}],"replies":[{"embeddable":true,"href":"https:\/\/middleeasttransparent.com\/fr\/wp-json\/wp\/v2\/comments?post=10649"}],"version-history":[{"count":0,"href":"https:\/\/middleeasttransparent.com\/fr\/wp-json\/wp\/v2\/posts\/10649\/revisions"}],"wp:featuredmedia":[{"embeddable":true,"href":"https:\/\/middleeasttransparent.com\/fr\/wp-json\/wp\/v2\/media\/10650"}],"wp:attachment":[{"href":"https:\/\/middleeasttransparent.com\/fr\/wp-json\/wp\/v2\/media?parent=10649"}],"wp:term":[{"taxonomy":"category","embeddable":true,"href":"https:\/\/middleeasttransparent.com\/fr\/wp-json\/wp\/v2\/categories?post=10649"},{"taxonomy":"post_tag","embeddable":true,"href":"https:\/\/middleeasttransparent.com\/fr\/wp-json\/wp\/v2\/tags?post=10649"}],"curies":[{"name":"wp","href":"https:\/\/api.w.org\/{rel}","templated":true}]}}