{"id":106314,"date":"2023-05-17T20:44:42","date_gmt":"2023-05-17T19:44:42","guid":{"rendered":"https:\/\/middleeasttransparent.com\/?p=106314"},"modified":"2023-05-17T20:44:42","modified_gmt":"2023-05-17T19:44:42","slug":"affaire-riad-salame-la-justice-francaise-emet-un-mandat-darret-international-contre-le-banquier-libanais","status":"publish","type":"post","link":"https:\/\/middleeasttransparent.com\/fr\/affaire-riad-salame-la-justice-francaise-emet-un-mandat-darret-international-contre-le-banquier-libanais\/","title":{"rendered":"Affaire Riad Salam\u00e9\u00a0: la justice fran\u00e7aise \u00e9met un mandat d\u2019arr\u00eat international contre le banquier libanais"},"content":{"rendered":"<header class=\"article__header \">\n<div class=\"article__header-wrap\">\n<div class=\"article__heading\">\n<p class=\"article__desc\"><strong>Soup\u00e7onn\u00e9 de blanchiment et d\u2019\u00ab\u00a0enrichissement illicite\u00a0\u00bb, le gouverneur de la Banque du Liban a refus\u00e9 de se rendre \u00e0 une audition \u00e0 Paris.<\/strong><\/p>\n<\/div>\n<section class=\"meta__date-reading\"><\/section>\n<p>&nbsp;<\/p>\n<div class=\"lmd-dropdown__content\">\n<div class=\"lmd-dropdown__close\"><\/div>\n<\/div>\n<\/div>\n<\/header>\n<section class=\"article__wrapper article__wrapper--premium \">\n<article class=\"article__content old__article-content-single\">\n<figure class=\"article__media\"><\/figure>\n<h3><span style=\"color: #666699;\">Le gouverneur de la Banque du Liban (BDL), Riad Salam\u00e9, est d\u00e9sormais vis\u00e9 par un mandat d\u2019arr\u00eat international \u00e9mis par la justice fran\u00e7aise. Aude Buresi, la juge d\u2019instruction charg\u00e9e de l\u2019enqu\u00eate sur le patrimoine europ\u00e9en du gouverneur de la BDL, a \u00e9mis cette mesure, mardi 16 mai, apr\u00e8s son refus de se rendre \u00e0 une audition au tribunal judiciaire de Paris. Elle vaudra mise en examen au moment de son renvoi devant un tribunal fran\u00e7ais. Le grand argentier libanais de 72 ans et son entourage font aussi l\u2019objet d\u2019enqu\u00eates au Liban et dans au moins cinq autres pays europ\u00e9ens, portant sur des soup\u00e7ons de blanchiment d\u2019argent et d\u2019\u00ab enrichissement illicite \u00bb, pour le d\u00e9tournement pr\u00e9sum\u00e9 de centaines de millions de dollars de la banque centrale au d\u00e9triment de l\u2019Etat.<\/span><\/h3>\n<p>&nbsp;<\/p>\n<section class=\"catcher catcher--favoris\">\n<div class=\"catcher__favorite\">\n<div class=\"meta__icon meta__icon--favorite lmd-dropdown-favorite\" data-position=\"lire aussi\" data-url=\"https:\/\/www.lemonde.fr\/economie\/article\/2020\/05\/02\/riad-salame-la-faillite-du-magicien-libanais_6038429_3234.html\" data-loaded=\"loaded\"><\/div>\n<div data-position=\"lire aussi\" data-url=\"https:\/\/www.lemonde.fr\/economie\/article\/2020\/05\/02\/riad-salame-la-faillite-du-magicien-libanais_6038429_3234.html\" data-loaded=\"loaded\"><\/div>\n<\/div>\n<\/section>\n<p class=\"article__paragraph \">M.\u00a0Salam\u00e9, qui a toujours ni\u00e9 ces accusations, a annonc\u00e9 qu\u2019il ferait appel de la d\u00e9cision, qu\u2019il a qualifi\u00e9e, dans un communiqu\u00e9, de <em>\u00ab\u00a0violation flagrante de la loi\u00a0\u00bb<\/em>. <em>\u00ab\u00a0Un mandat d\u2019arr\u00eat international, dont j\u2019ai appris l\u2019existence par la presse, ainsi d\u00e9cern\u00e9 sur le fondement d\u2019une convocation manifestement hors d\u00e9lai et une voie de fait\u00a0: nous saisirons les tribunaux comp\u00e9tents\u00a0\u00bb<\/em>, a d\u00e9clar\u00e9 au <em>Monde<\/em> son avocat parisien, M<sup>e<\/sup> Pierre-Olivier Sur. M.\u00a0Salam\u00e9 pourra faire appel de sa mise en examen le jour o\u00f9 elle lui sera formellement signifi\u00e9e. Il n\u2019est, en revanche, pas possible de faire appel d\u2019un mandat d\u2019arr\u00eat.<\/p>\n<div id=\"inread_top\" class=\"dfp-slot dfp__slot dfp__inread\" data-format=\"inread_top\" aria-hidden=\"true\" data-google-query-id=\"CKyR1rSK_f4CFaGwTAodK6IJwA\">\n<div id=\"google_ads_iframe_\/128139881\/LM_lemonde_abo\/international\/international\/article\/inread_top_0__container__\"><\/div>\n<\/div>\n<p class=\"article__paragraph \">La magistrate fran\u00e7aise a, elle, estim\u00e9 que cette mesure \u00e9tait <em>\u00ab\u00a0n\u00e9cessaire et proportionn\u00e9e\u00a0\u00bb<\/em>, a fait savoir une source judiciaire fran\u00e7aise \u00e0 l\u2019Agence France-Presse (AFP). <em>\u00ab\u00a0La juge a laiss\u00e9 toutes les chances \u00e0 Riad Salam\u00e9 de s\u2019expliquer au Liban, comme \u00e0 Paris. Jusqu\u2019au dernier moment, il a poursuivi une strat\u00e9gie cynique de m\u00e9pris, inventant des pr\u00e9textes grotesques sur le plan juridique avec l\u2019appui de facilitateurs qui ne sont autres que certains magistrats libanais qui crachent sur les obligations du Liban de coop\u00e9rer avec la France. La juge en a tir\u00e9 les cons\u00e9quences\u00a0\u00bb<\/em>, salue M<sup>e<\/sup> William Bourdon, avocat de l\u2019association Sherpa et du Collectif des victimes des pratiques frauduleuses et criminelles au Liban, parties civiles.<\/p>\n<section class=\"catcher catcher--favoris\">\n<div class=\"catcher__favorite\">\n<div class=\"meta__icon meta__icon--favorite lmd-dropdown-favorite\" data-position=\"lire aussi\" data-url=\"https:\/\/www.lemonde.fr\/international\/article\/2021\/05\/03\/liban-la-fortune-de-riad-salame-sous-la-loupe-de-la-justice-francaise_6078892_3210.html\" data-loaded=\"loaded\"><\/div>\n<\/div>\n<\/section>\n<h2 class=\"article__sub-title\">Imbroglio judiciaire<\/h2>\n<p class=\"article__paragraph \">L\u2019avocat voit comme une man\u0153uvre dilatoire la contestation par la d\u00e9fense de la validit\u00e9 de la convocation. M<sup>e<\/sup> Pierre-Olivier Sur argue que la convocation \u00e9tait caduque parce qu\u2019elle a \u00e9t\u00e9 adress\u00e9e moins de dix jours avant la date pr\u00e9vue de l\u2019audition. Par un imbroglio judiciaire dont le Liban a le secret, elle n\u2019est jamais parvenue \u00e0 l\u2019int\u00e9ress\u00e9. Pendant quatre jours cons\u00e9cutifs, la semaine derni\u00e8re, des policiers libanais se sont rendus au si\u00e8ge de la BDL pour la lui remettre. Ils ont \u00e9t\u00e9 \u00e0 chaque fois accueillis par le responsable de la s\u00e9curit\u00e9 qui leur a signal\u00e9 l\u2019<em>\u00ab\u00a0absence\u00a0\u00bb<\/em> de M. Salam\u00e9.<\/p>\n<p class=\"article__paragraph \">Depuis que M<sup>me<\/sup> Buresi a inform\u00e9 M. Salam\u00e9 de son intention de l\u2019interroger \u00e0 Paris le 16\u00a0mai, lors de son audition en mars \u00e0 Beyrouth, le doute planait sur sa venue en France. <em>\u00ab\u00a0S\u2019il \u00e9tait venu, il y aurait eu inculpation et placement sous contr\u00f4le judiciaire. Il y a forc\u00e9ment eu une n\u00e9gociation entre M<sup>e<\/sup> Sur et la juge \u00e0 ce sujet\u00a0\u00bb<\/em>, sugg\u00e8re une source proche du dossier. Lundi, les avocats de M. Salam\u00e9, de son fr\u00e8re cadet Raja et de Marianne Hoayek, son ancienne assistante \u00e0 la BDL, ont soumis une objection \u00e0 la justice libanaise, affirmant que la France ne devrait pas \u00eatre autoris\u00e9e \u00e0 juger une affaire faisant d\u00e9j\u00e0 l\u2019objet d\u2019une enqu\u00eate au Liban.<\/p>\n<section class=\"catcher catcher--favoris\">\n<div class=\"meta__icon meta__icon--favorite lmd-dropdown-favorite\" data-position=\"lire aussi\" data-url=\"https:\/\/www.lemonde.fr\/idees\/article\/2023\/02\/13\/le-liban-frappe-par-la-pauvrete-et-dans-l-impasse-politique-face-a-l-irresponsabilite-de-ses-dirigeants_6161606_3232.html\" data-loaded=\"loaded\"><\/div>\n<\/section>\n<p class=\"article__paragraph \">Les avocats des parties civiles gardent l\u2019espoir que s\u2019ouvre en France un proc\u00e8s dans l\u2019affaire Salam\u00e9. Deux autres mises en examen ont \u00e9t\u00e9 prononc\u00e9es contre Anna Kosakova, une ancienne compagne du gouverneur, soup\u00e7onn\u00e9e d\u2019\u00eatre l\u2019une de ses pr\u00eate-noms en France, et contre Marwan Kheireddine, un ancien ministre et l\u2019actuel patron de la banque priv\u00e9e Al-Mawarid. <em>\u00ab\u00a0Les investigations continuent \u00e0 un rythme \u00e9lev\u00e9, on peut s\u2019attendre \u00e0 d\u2019autres mises en examen\u00a0\u00bb<\/em>, estime M<sup>e<\/sup> Bourdon. Selon lui, l\u2019audition de M. Kheireddine en France, en mars, a encore alourdi les charges qui p\u00e8sent contre M. Salam\u00e9 et son entourage.<\/p>\n<section class=\"inread inread--NL js-services-inread\">\n<div class=\"inread__title\"><\/div>\n<div class=\"inread__cta\"><\/div>\n<\/section>\n<p class=\"article__paragraph \">Les d\u00e9placements \u00e0 l\u2019\u00e9tranger de Riad Salam\u00e9 pourraient \u00e0 l\u2019avenir \u00eatre limit\u00e9s, si Interpol \u00e9met \u00e0 son encontre une notice rouge. Le Liban n\u2019a encore \u00e9t\u00e9 notifi\u00e9 d\u2019aucune mesure. L\u2019avenir de M. Salam\u00e9 \u00e0 la t\u00eate de la BDL semble, lui, scell\u00e9. Les responsables politiques libanais ne le pousseront peut-\u00eatre pas \u00e0 d\u00e9missionner avant la fin de son mandat, en juillet. Ils ont toutefois cess\u00e9 de man\u0153uvrer pour son maintien. Les chancelleries occidentales, Paris et Washington en t\u00eate, y veillent. <em>\u00ab\u00a0On ne laisserait pas du tout passer\u00a0\u00bb<\/em>, avertit un diplomate fran\u00e7ais, laissant planer la menace de sanctions.<\/p>\n<\/article>\n<\/section>\n<p><em><a class=\"article__author-link\" href=\"https:\/\/www.lemonde.fr\/signataires\/helene-sallon\/\"><span class=\"author__name\">H\u00e9l\u00e8ne Sallon<\/span><span class=\"author__desc\">(Beyrouth, correspondante)<\/span><\/a><\/em><\/p>\n<p>&nbsp;<\/p>\n<p><a href=\"https:\/\/www.lemonde.fr\/international\/article\/2023\/05\/17\/affaire-riad-salame-la-justice-francaise-emet-un-mandat-d-arret-international-contre-le-banquier-libanais_6173691_3210.html\"><strong>LE MONDE<\/strong> <\/a><\/p>\n<p>&nbsp;<\/p>\n","protected":false},"excerpt":{"rendered":"<p>Soup\u00e7onn\u00e9 de blanchiment et d\u2019\u00ab\u00a0enrichissement illicite\u00a0\u00bb, le gouverneur de la Banque du Liban a refus\u00e9 de se rendre \u00e0 une audition \u00e0 Paris. &nbsp; Le gouverneur de la Banque du Liban (BDL), Riad Salam\u00e9, est d\u00e9sormais vis\u00e9 par un mandat d\u2019arr\u00eat international \u00e9mis par la justice fran\u00e7aise. Aude Buresi, la juge d\u2019instruction charg\u00e9e de l\u2019enqu\u00eate<\/p>\n","protected":false},"author":626,"featured_media":106321,"comment_status":"open","ping_status":"open","sticky":false,"template":"","format":"standard","meta":{"_uf_show_specific_survey":0,"_uf_disable_surveys":false,"footnotes":""},"categories":[37],"tags":[],"class_list":{"0":"post-106314","1":"post","2":"type-post","3":"status-publish","4":"format-standard","5":"has-post-thumbnail","7":"category-alaune-fr"},"aioseo_notices":[],"_links":{"self":[{"href":"https:\/\/middleeasttransparent.com\/fr\/wp-json\/wp\/v2\/posts\/106314","targetHints":{"allow":["GET"]}}],"collection":[{"href":"https:\/\/middleeasttransparent.com\/fr\/wp-json\/wp\/v2\/posts"}],"about":[{"href":"https:\/\/middleeasttransparent.com\/fr\/wp-json\/wp\/v2\/types\/post"}],"author":[{"embeddable":true,"href":"https:\/\/middleeasttransparent.com\/fr\/wp-json\/wp\/v2\/users\/626"}],"replies":[{"embeddable":true,"href":"https:\/\/middleeasttransparent.com\/fr\/wp-json\/wp\/v2\/comments?post=106314"}],"version-history":[{"count":0,"href":"https:\/\/middleeasttransparent.com\/fr\/wp-json\/wp\/v2\/posts\/106314\/revisions"}],"wp:featuredmedia":[{"embeddable":true,"href":"https:\/\/middleeasttransparent.com\/fr\/wp-json\/wp\/v2\/media\/106321"}],"wp:attachment":[{"href":"https:\/\/middleeasttransparent.com\/fr\/wp-json\/wp\/v2\/media?parent=106314"}],"wp:term":[{"taxonomy":"category","embeddable":true,"href":"https:\/\/middleeasttransparent.com\/fr\/wp-json\/wp\/v2\/categories?post=106314"},{"taxonomy":"post_tag","embeddable":true,"href":"https:\/\/middleeasttransparent.com\/fr\/wp-json\/wp\/v2\/tags?post=106314"}],"curies":[{"name":"wp","href":"https:\/\/api.w.org\/{rel}","templated":true}]}}