{"id":10607,"date":"2016-03-27T21:44:01","date_gmt":"2016-03-27T20:44:01","guid":{"rendered":"http:\/\/middleeasttransparent.com\/?p=10607"},"modified":"2016-05-09T19:34:29","modified_gmt":"2016-05-09T18:34:29","slug":"pakistan-au-moins-65-morts-dans-un-attentat-suicide-a-lahore","status":"publish","type":"post","link":"https:\/\/middleeasttransparent.com\/fr\/pakistan-au-moins-65-morts-dans-un-attentat-suicide-a-lahore\/","title":{"rendered":"Pakistan: au moins 65 morts dans un attentat-suicide \u00e0 Lahore"},"content":{"rendered":"<div class=\"width-padded\"><\/div>\n<div class=\"container-column clearfix\">\n<div class=\"wide-column width-padded-left\">\n<h3 class=\"article-standfirst read-left-padding\">L&rsquo;explosion a frapp\u00e9 un parc bond\u00e9 o\u00f9 la minorit\u00e9 chr\u00e9tienne c\u00e9l\u00e9brait le dimanche de P\u00e2ques.<\/h3>\n<p class=\"article-standfirst read-left-padding\">Au moins 65 personnes sont mortes dans un attentat-suicide dimanche soir pr\u00e8s d\u2019un parc bond\u00e9 de Lahore, grande ville de l\u2019est du Pakistan, o\u00f9 des chr\u00e9tiens c\u00e9l\u00e9braient les f\u00eates de P\u00e2ques.<\/p>\n<div class=\"article-body read-left-padding\">\n<p>Un nouveau bilan en fin de soir\u00e9e faisait \u00e9tat de 65 morts et\u00a0340 bless\u00e9s, a indiqu\u00e9 une porte-parole des services de secours, Deeba Shahnaz.<\/p>\n<p>Le puissant chef d\u2019\u00e9tat-major, le g\u00e9n\u00e9ral Raheel Sharif, a indiqu\u00e9 avoir pr\u00e9sid\u00e9 une r\u00e9union de haut niveau afin de coordonner la r\u00e9ponse \u00e0 cet \u00abattentat-suicide\u00bb et <em>\u00abd\u2019amener devant la justice les assassins de nos fr\u00e8res, soeurs et enfants\u00bb.\u00a0<\/em><\/p>\n<p>La d\u00e9flagration s\u2019est produite dans un parking pr\u00e8s du parc Gulshan-e-Iqbal, proche du centre-ville. <em>\u00abC\u2019\u00e9tait une explosion tr\u00e8s forte et des explosifs tr\u00e8s puissants ont \u00e9t\u00e9 utilis\u00e9s\u00bb,<\/em> a indiqu\u00e9 \u00e0 l\u2019AFP un responsable de police, Haider Ashraf.<\/p>\n<p><em>\u00abLe parc \u00e9tait bond\u00e9\u00bb,<\/em> a-t-il ajout\u00e9, soulignant que des billes m\u00e9talliques ont \u00e9t\u00e9 retrouv\u00e9es sur place.<\/p>\n<p>Un m\u00e9decin a d\u00e9crit des sc\u00e8nes d\u2019horreur \u00e0 l\u2019h\u00f4pital Jinnah o\u00f9 il op\u00e8re.<em>\u00abNous les soignons (les bless\u00e9s) par terre et dans les couloirs, et il continue d\u2019en arriver\u00bb,<\/em> a-t-il ajout\u00e9.<\/p>\n<p>Le Premier ministre Nawaz Sharif a condamn\u00e9 cet attentat, et a re\u00e7u un appel de son homologue indien Narendra Modi exprimant sa sympathie. La Maison Blanche a \u00e9galement condamn\u00e9 un <em>\u00abeffroyable acte terroriste\u00bb.<\/em><\/p>\n<p>La jeune laur\u00e9ate pakistanaise du prix Nobel de la paix Malala Yousafza\u00ef s\u2019est dite <em>\u00abaccabl\u00e9e par cette tuerie d\u00e9nu\u00e9e de sens\u00bb<\/em>. Un deuil de trois jours a \u00e9t\u00e9 d\u00e9cr\u00e9t\u00e9 dans la province du Pundjab, dont Lahore est la capitale.<\/p>\n<p>Le parc Gulshan-e-Iqbal \u00e9tait particuli\u00e8rement bond\u00e9 en ce jour de printemps o\u00f9 la minorit\u00e9 chr\u00e9tienne c\u00e9l\u00e9brait le dimanche de P\u00e2ques \u00e0 Lahore, ville de dix millions d\u2019habitants.<\/p>\n<p>Javed Ali, un habitant de Lahore dont la maison est situ\u00e9e juste en face de l\u2019entr\u00e9e du parc, a racont\u00e9 \u00e0 l\u2019AFP avoir entendu<em> \u00abune \u00e9norme explosion (qui) a fait voler les fen\u00eatres en \u00e9clats\u00bb. \u00abTout tremblait, il y avait des cris et de la poussi\u00e8re partout\u00bb.<\/em><\/p>\n<p><em>\u00abDix minutes plus tard je suis sorti. Il y avait de la chair humaine sur les murs de notre maison. Les gens pleuraient, je pouvais entendre les ambulances\u00bb,<\/em> a-t-il poursuivi.<\/p>\n<p>Le parc, o\u00f9 il se trouvait lui-m\u00eame quelques heures plus t\u00f4t, \u00e9tait <em>\u00abplein de monde \u00e0 cause de P\u00e2ques, il y avait beaucoup de chr\u00e9tiens l\u00e0-bas. Il y avait tant de monde que j\u2019ai dit \u00e0 ma famille de ne pas y aller\u00bb.<\/em><\/p>\n<p>Au Pakistan, des groupes islamistes arm\u00e9s ciblent parfois la minorit\u00e9 chr\u00e9tienne qui repr\u00e9sente environ 2% de la population de ce pays majoritairement musulman sunnite de 200 millions d\u2019habitants.<\/p>\n<p>Au cours des derni\u00e8res ann\u00e9es, des \u00e9glises ont \u00e9t\u00e9 la cible d\u2019attaques \u00e0 Lahore, fief du Premier ministre Nawaz Sharif dans la province du Pendjab.<\/p>\n<p>Quelques chr\u00e9tiens ont aussi \u00e9t\u00e9 accus\u00e9s d\u2019avoir offens\u00e9 l\u2019islam, un crime passible de la peine de mort au Pakistan, selon une loi controvers\u00e9e sur le blasph\u00e8me.<\/p>\n<p>Des heurts ont par ailleurs \u00e9clat\u00e9 dans la capitale Islamabad et sa ville jumelle de Rawalpindi entre la police et des milliers de partisans d\u2019un islamiste pendu le mois dernier, Mumtaz Qadri.<\/p>\n<p>Quelque 25000 d\u2019entre eux s\u2019\u00e9taient r\u00e9unis plus t\u00f4t dans la journ\u00e9e \u00e0 Rawalpindi pour des pri\u00e8res comm\u00e9moratives, avant d\u2019avancer, arm\u00e9s de pierres, vers la capitale quadrill\u00e9e de centaines de policiers et de paramilitaires.<\/p>\n<p>Munis de boucliers et de b\u00e2tons, les policiers ont tir\u00e9 des gaz lacrymog\u00e8nes. L\u2019arm\u00e9e a \u00e9t\u00e9 d\u00e9ploy\u00e9e dans la capitale pour \u00abcontr\u00f4ler\u00bb la situation et assurer la s\u00e9curit\u00e9 de la zone autour du Parlement, o\u00f9 des manifestants se sont rassembl\u00e9s dans la soir\u00e9e, selon un porte-parole de l\u2019arm\u00e9e.<\/p>\n<p>Ils s\u2019y trouvaient toujours tard dimanche, criant des slogans, a constat\u00e9 un journaliste de l\u2019AFP. Des n\u00e9gociations \u00e9taient en cours pour qu\u2019ils quittent les lieux, a indiqu\u00e9 la police.<\/p>\n<p>L\u2019ex\u00e9cution le 29 f\u00e9vrier de Mumtaz Qadri avait \u00e9t\u00e9 per\u00e7ue comme un moment charni\u00e8re dans la lutte contre l\u2019extr\u00e9misme religieux dans ce pays musulman.<\/p>\n<p>Mais elle a aussi ulc\u00e9r\u00e9 nombre de courants islamiques qui avaient \u00e9rig\u00e9 Mumtaz Qadri au rang de h\u00e9ros pour avoir abattu en 2011 Salman Taseer, gouverneur du Pendjab, qui s\u2019\u00e9tait d\u00e9clar\u00e9 favorable \u00e0 une r\u00e9vision de la loi sur le blasph\u00e8me, d\u00e9fendue bec et ongles par les conservateurs.<\/p>\n<p><span class=\"authors\"><span class=\"author\"><a href=\"http:\/\/www.liberation.fr\/auteur\/2005-afp\">AFP<\/a><\/span><\/span><\/p>\n<\/div>\n<\/div>\n<\/div>\n","protected":false},"excerpt":{"rendered":"<p>L&rsquo;explosion a frapp\u00e9 un parc bond\u00e9 o\u00f9 la minorit\u00e9 chr\u00e9tienne c\u00e9l\u00e9brait le dimanche de P\u00e2ques. Au moins 65 personnes sont mortes dans un attentat-suicide dimanche soir pr\u00e8s d\u2019un parc bond\u00e9 de Lahore, grande ville de l\u2019est du Pakistan, o\u00f9 des chr\u00e9tiens c\u00e9l\u00e9braient les f\u00eates de P\u00e2ques. Un nouveau bilan en fin de soir\u00e9e faisait \u00e9tat<\/p>\n","protected":false},"author":97,"featured_media":10608,"comment_status":"open","ping_status":"open","sticky":false,"template":"","format":"standard","meta":{"_uf_show_specific_survey":0,"_uf_disable_surveys":false,"footnotes":""},"categories":[22],"tags":[],"class_list":{"0":"post-10607","1":"post","2":"type-post","3":"status-publish","4":"format-standard","5":"has-post-thumbnail","7":"category-actualites-fr"},"aioseo_notices":[],"_links":{"self":[{"href":"https:\/\/middleeasttransparent.com\/fr\/wp-json\/wp\/v2\/posts\/10607","targetHints":{"allow":["GET"]}}],"collection":[{"href":"https:\/\/middleeasttransparent.com\/fr\/wp-json\/wp\/v2\/posts"}],"about":[{"href":"https:\/\/middleeasttransparent.com\/fr\/wp-json\/wp\/v2\/types\/post"}],"author":[{"embeddable":true,"href":"https:\/\/middleeasttransparent.com\/fr\/wp-json\/wp\/v2\/users\/97"}],"replies":[{"embeddable":true,"href":"https:\/\/middleeasttransparent.com\/fr\/wp-json\/wp\/v2\/comments?post=10607"}],"version-history":[{"count":0,"href":"https:\/\/middleeasttransparent.com\/fr\/wp-json\/wp\/v2\/posts\/10607\/revisions"}],"wp:featuredmedia":[{"embeddable":true,"href":"https:\/\/middleeasttransparent.com\/fr\/wp-json\/wp\/v2\/media\/10608"}],"wp:attachment":[{"href":"https:\/\/middleeasttransparent.com\/fr\/wp-json\/wp\/v2\/media?parent=10607"}],"wp:term":[{"taxonomy":"category","embeddable":true,"href":"https:\/\/middleeasttransparent.com\/fr\/wp-json\/wp\/v2\/categories?post=10607"},{"taxonomy":"post_tag","embeddable":true,"href":"https:\/\/middleeasttransparent.com\/fr\/wp-json\/wp\/v2\/tags?post=10607"}],"curies":[{"name":"wp","href":"https:\/\/api.w.org\/{rel}","templated":true}]}}