{"id":105988,"date":"2023-05-10T20:28:14","date_gmt":"2023-05-10T19:28:14","guid":{"rendered":"https:\/\/middleeasttransparent.com\/?p=105988"},"modified":"2023-05-10T20:28:14","modified_gmt":"2023-05-10T19:28:14","slug":"crise-politique-au-liban-le-jeu-dangereux-de-la-france","status":"publish","type":"post","link":"https:\/\/middleeasttransparent.com\/fr\/crise-politique-au-liban-le-jeu-dangereux-de-la-france\/","title":{"rendered":"Crise politique au Liban : le jeu dangereux de la France"},"content":{"rendered":"<h3 id=\"m_-5927226000412996912introduction\"><span style=\"color: #666699;\">Sans pr\u00e9sident depuis plus de sept mois, le\u00a0pays s\u2019enfonce dans le chaos politique. Parmi le concert des tractations internationales pour d\u00e9bloquer la\u00a0situation, Paris pourrait soutenir le\u00a0candidat pro-Hezbollah.<\/span><\/h3>\n<p>&nbsp;<\/p>\n<p>&nbsp;<\/p>\n<p><span class=\"font_xs display_block link_primary-color margin-xs-bottom\" style=\"color: #0000ff;\">par\u00a0<a style=\"color: #0000ff;\" href=\"https:\/\/www.liberation.fr\/auteur\/Arthur_Sarradin\/\">Arthur Sarradin<\/a>, correspondant \u00e0 Beyrouth<\/span><\/p>\n<h3 id=\"m_-5927226000412996912paragraph\"><span style=\"color: #666699;\">Sleiman Frangi\u00e9. C\u2019est un nom\u00a0que peu connaissent en France et pourtant, ce pourrait bien \u00eatre celui du prochain pr\u00e9sident de la R\u00e9publique libanaise. Ce chef de l\u2019historique milice Marada, ami d\u2019enfance de Bachar al-Assad, a \u00e9t\u00e9 adoub\u00e9 comme candidat \u00e0 la pr\u00e9sidentielle par son alli\u00e9 de toujours : le Hezbollah, parti chiite pro-iranien.<\/span><\/h3>\n<div id=\"m_-5927226000412996912paragraph\">Seulement voil\u00e0, dans le r\u00e9gime libanais o\u00f9 il est coutume d\u2019\u00e9lire un chr\u00e9tien \u00e0 la fonction supr\u00eame, Sleiman Frangi\u00e9 est des plus impopulaires dans la rue chr\u00e9tienne. \u00abC\u2019est un tra\u00eetre, s\u2019\u00e9nerve Michel Dib, habitant du quartier d\u2019Ain el-Remmaneh \u00e0 Beyrouth. Il n\u2019a qu\u2019un d\u00e9put\u00e9 avec lui au Parlement. Pour ceux qui soutiennent les chr\u00e9tiens du Liban, c\u2019est le pire candidat.\u00bb Au Parlement, le reste des partis chr\u00e9tiens occupent un tiers de l\u2019h\u00e9micycle, suffisant pour bloquer l\u2019\u00e9lection de Frangi\u00e9. Depuis sept mois, aucune majorit\u00e9 ne se d\u00e9gage pour \u00e9lire le moindre candidat.<\/div>\n<div id=\"m_-5927226000412996912paragraph\">Alors que le vide pr\u00e9sidentiel s\u2019\u00e9ternise, les esprits s\u2019\u00e9chauffent. Deux d\u00e9put\u00e9s, Melhem Khalaf et Najat Saliba, ont \u00e9lu domicile au Parlement en signe de protestation. Depuis plus de cent\u00a0jours, ils y vivent, y dorment m\u00eame. \u00abLa Constitution m\u2019y oblige ! La loi nous impose de trouver un Pr\u00e9sident d\u00e8s lors qu\u2019il y a une vacance, s\u2019indigne Melhem Khalaf, dans l\u2019\u00e9difice d\u00e9sert. Ne pas le faire, c\u2019est pour nos d\u00e9put\u00e9s traditionnels une atteinte au mandat qui leur a \u00e9t\u00e9 conf\u00e9r\u00e9. Ces gens-l\u00e0 sont \u00e0 l\u2019image de leur Parlement !\u00bb Quand il pointe le d\u00e9cor autour de lui, on comprend que la m\u00e9taphore ne vaut pas flatterie. Le Parlement est vide, surann\u00e9, la poussi\u00e8re recouvrant quelques meubles au marbre f\u00eal\u00e9. Dans l\u2019institution supr\u00eame, il n\u2019y a m\u00eame plus d\u2019\u00e9lectricit\u00e9.<\/div>\n<div id=\"m_-5927226000412996912paragraphTitle\"><strong>\u00abFaire vivoter le syst\u00e8me\u00bb<\/strong><\/div>\n<div id=\"m_-5927226000412996912paragraph\">\u00abCe qu\u2019on essaie de dire aux puissances \u00e9trang\u00e8res, c\u2019est qu\u2019il faut sauver nos institutions. Il faut arr\u00eater d\u2019accepter \u00ab\u00a0l\u2019anomalie libanaise\u00a0\u00bb\u00bb, reprend le d\u00e9put\u00e9. Cette anomalie repose sur le fait que la cl\u00e9 d\u2019une \u00e9lection pr\u00e9sidentielle se trouve rarement au Liban. Au Parlement, la volont\u00e9 du <strong>Hezbollah, vassal de l\u2019Iran<\/strong>, d\u2019imposer un candidat se heurte aux consid\u00e9rations d\u2019autres puissances influentes, \u00e0 commencer par l\u2019Arabie Saoudite. La p\u00e9tromonarchie, toujours pr\u00e9sente sur l\u2019\u00e9chiquier libanais, voit d\u2019un mauvais \u0153il la candidature de Sleiman Frangi\u00e9.<\/div>\n<div id=\"m_-5927226000412996912paragraph\">C\u2019est dans ce contexte de confrontation que la France s\u2019imagine m\u00e9diatrice entre les deux blocs ennemis. Ainsi le 31\u00a0mars, <strong>Patrick Durel<\/strong>, conseiller d\u2019Emmanuel Macron pour le Moyen-Orient, recevait \u00e0 Paris Sleiman Frangi\u00e9 dans une visite \u00e0 caract\u00e8re tr\u00e8s officiel. Des dires du candidat, l\u2019enjeu \u00e9tait de \u00ab[r\u00e9pondre \u00e0] des questions en amont des r\u00e9unions avec les Saoudiens\u00bb, comme il l\u2019expliquait sur la cha\u00eene de t\u00e9l\u00e9vision libanaise Al-Jadeed. \u00abLes Fran\u00e7ais proposent un compromis. [\u2026] J\u2019estime qu\u2019il est pragmatique et r\u00e9aliste.\u00bb<\/div>\n<div id=\"m_-5927226000412996912paragraph\">Dans les rangs des diplomates fran\u00e7ais, on marche sur des \u0153ufs pour commenter ce \u00abcompromis\u00bb. Difficile de soutenir \u00e0 voix haute ce proche du Hezbollah, dont la branche arm\u00e9e figure sur la liste des organisations terroristes de l\u2019Union europ\u00e9enne. \u00abL\u2019objectif de la France est de parler \u00e0 tout le monde, d\u2019\u00e9viter \u00e0 tout prix le vide politique, confie \u00e0\u00a0Lib\u00e9ration une source diplomatique rencontr\u00e9e \u00e0 Beyrouth. Tous les noms ont \u00e9t\u00e9 mis sur la table, on a estim\u00e9 que Frangi\u00e9 \u00e9tait le seul \u00e0 pouvoir faire consensus rapidement.\u00bb<\/div>\n<div id=\"m_-5927226000412996912paragraph\">Fini le temps o\u00f9 Emmanuel Macron appelait \u00e0 \u00abd\u00e9gager\u00bb les dirigeants du Liban. La realpolitik a fait son retour. \u00abIl nous faut faire vivoter le syst\u00e8me en \u00e9vitant l\u2019effondrement. Peut-\u00eatre qu\u2019avancer un nom comme celui de Frangi\u00e9 r\u00e9veillera les partis chr\u00e9tiens pour proposer une alternative\u00bb, d\u00e9taille une seconde source fran\u00e7aise. Qui reconna\u00eet aussi la volont\u00e9 de Paris de se d\u00e9charger de responsabilit\u00e9s prises apr\u00e8s l\u2019explosion du port de Beyrouth : \u00abLa France ne veut plus se positionner comme porte-parole du Liban \u00e0 l\u2019international. D\u2019autant qu\u2019un effondrement total pourrait avoir un fort impact sur notre image.\u00bb<\/div>\n<div id=\"m_-5927226000412996912paragraphTitle\"><strong>\u00abLes gens de pouvoir ont tout vol\u00e9\u00bb<\/strong><\/div>\n<div id=\"m_-5927226000412996912paragraph\">Dans les m\u00e9dias libanais, d\u2019autres th\u00e9ories sont avanc\u00e9es pour expliquer ce soutien, comme les int\u00e9r\u00eats \u00e9conomiques de la France, qui seraient facilit\u00e9s par une bonne entente avec ce candidat du Hezbollah. La milice chiite a par exemple la main sur le port de Beyrouth, rachet\u00e9 en\u00a02022 par le groupe fran\u00e7ais CMA\u00a0CGM.<\/div>\n<div id=\"m_-5927226000412996912paragraph\">Ce qui est certain, c\u2019est que le concert des int\u00e9r\u00eats ext\u00e9rieurs est \u00e0 l\u2019image du Parlement libanais : aucun bloc n\u2019est suffisamment puissant pour imposer un nom \u00e0 lui seul. Mais tr\u00e9pignant dans son fief de Zghorta au Nord-Liban, le clan Frangi\u00e9 se dit confiant. \u00abOn nous raconte que le veto saoudien a saut\u00e9, confie un proche du candidat. Ils attendent maintenant des garanties sur les autres portefeuilles : les minist\u00e8res, le Premier ministre, le gouverneur de la Banque centrale\u2026 C\u2019est un jeu d\u2019\u00e9quilibriste, tout se n\u00e9gociera d\u2019un m\u00eame accord.\u00bb<\/div>\n<div id=\"m_-5927226000412996912paragraph\">Quant aux opposants \u00e0 Frangi\u00e9, la position fran\u00e7aise les d\u00e9stabilise. \u00abC\u2019est un mauvais calcul, raconte Jihad Pakradouni, d\u00e9put\u00e9 proche du parti chr\u00e9tien des Forces libanaises, dans son immeuble allur\u00e9 de la capitale. Aucun groupe chr\u00e9tien ne conc\u00e9derait une telle mainmise du Hezbollah.\u00bb Au jeu des tractations, la France est pi\u00e9g\u00e9e dans un dilemme : ne rien faire et abandonner le terrain des n\u00e9gociations aux autres puissances r\u00e9gionales, ou n\u00e9gocier avec \u00abl\u2019espoir de voir venir les r\u00e9formes\u00bb, comme le mart\u00e8lent les diplomates fran\u00e7ais.<\/div>\n<div id=\"m_-5927226000412996912paragraph\">Ces espoirs, Jihad Pakradouni n\u2019y croit pas. De son propre aveu, \u00ables gens de pouvoir de ce pays ont tout vol\u00e9. S\u2019ils appliquaient une seule des r\u00e9formes demand\u00e9es par le FMI, \u00e7a leur retomberait dessus\u00bb. Ces garanties exig\u00e9es par le FMI, comme le contr\u00f4le des capitaux ou la lev\u00e9e du secret bancaire, conditionnent de nombreuses aides internationales. Mais vont \u00e0 l\u2019encontre des pratiques et vis\u00e9es de la classe politique libanaise, habitu\u00e9e \u00e0 jouer de malversations pour transformer l\u2019Etat en machine opaque \u00e0 servir ses propres int\u00e9r\u00eats.<\/div>\n<div id=\"m_-5927226000412996912paragraphTitle\"><strong>R\u00e9habilitation en pente douce<\/strong><\/div>\n<div id=\"m_-5927226000412996912paragraph\">Il reste que le soutien fran\u00e7ais \u00e0 la candidature Frangi\u00e9, proche de Bachar al-Assad, dessine aussi l\u2019ombre d\u2019une liaison dangereuse. Le r\u00e9gime de Damas d\u00e9place ses pions depuis le tremblement de terre en Syrie. Entre r\u00e9int\u00e9gration dans la Ligue arabe, act\u00e9e dimanche, et rapprochement irano-saoudien, la r\u00e9habilitation se fait en pente douce pour le r\u00e9gime du boucher de Damas, toujours sous le joug des sanctions europ\u00e9ennes pour crimes de guerre.<\/div>\n<div id=\"m_-5927226000412996912paragraph\">C\u00f4t\u00e9 fran\u00e7ais, le risque est assum\u00e9. \u00abTant pis si la candidature Frangi\u00e9 profite aux autres, tant que cela profite aussi aux Libanais. Les choix politiques qui suivront seront ceux des dirigeants libanais, pas ceux de la France\u00bb, confie la source proche du dossier.<\/div>\n<div>Invariables absents de ces tractations pr\u00e9sidentielles : les citoyens libanais eux-m\u00eames. Sans emprise sur le vote, sans poids dans les n\u00e9gociations, ils sont les oubli\u00e9s d\u2019une \u00e9quation qui les concerne pourtant au premier chef.<\/div>\n<div><a href=\"https:\/\/www.liberation.fr\/international\/moyen-orient\/crise-au-liban-pour-la-france-la-tentation-du-grain-de-sel-20230509_Y475M3K3AJFW7KNPPSOP7BQNXY\/#:~:text=Sans%20pr%C3%A9sident%20depuis%20plus%20de,soutenir%20le%20candidat%20pro%2DHezbollah.\"><strong>Lib\u00e9ration<\/strong><\/a><\/div>\n","protected":false},"excerpt":{"rendered":"<p>Sans pr\u00e9sident depuis plus de sept mois, le\u00a0pays s\u2019enfonce dans le chaos politique. Parmi le concert des tractations internationales pour d\u00e9bloquer la\u00a0situation, Paris pourrait soutenir le\u00a0candidat pro-Hezbollah. &nbsp; &nbsp; par\u00a0Arthur Sarradin, correspondant \u00e0 Beyrouth Sleiman Frangi\u00e9. C\u2019est un nom\u00a0que peu connaissent en France et pourtant, ce pourrait bien \u00eatre celui du prochain pr\u00e9sident de la<\/p>\n","protected":false},"author":123,"featured_media":105995,"comment_status":"open","ping_status":"open","sticky":false,"template":"","format":"standard","meta":{"_uf_show_specific_survey":0,"_uf_disable_surveys":false,"footnotes":""},"categories":[37],"tags":[],"class_list":{"0":"post-105988","1":"post","2":"type-post","3":"status-publish","4":"format-standard","5":"has-post-thumbnail","7":"category-alaune-fr"},"aioseo_notices":[],"_links":{"self":[{"href":"https:\/\/middleeasttransparent.com\/fr\/wp-json\/wp\/v2\/posts\/105988","targetHints":{"allow":["GET"]}}],"collection":[{"href":"https:\/\/middleeasttransparent.com\/fr\/wp-json\/wp\/v2\/posts"}],"about":[{"href":"https:\/\/middleeasttransparent.com\/fr\/wp-json\/wp\/v2\/types\/post"}],"author":[{"embeddable":true,"href":"https:\/\/middleeasttransparent.com\/fr\/wp-json\/wp\/v2\/users\/123"}],"replies":[{"embeddable":true,"href":"https:\/\/middleeasttransparent.com\/fr\/wp-json\/wp\/v2\/comments?post=105988"}],"version-history":[{"count":0,"href":"https:\/\/middleeasttransparent.com\/fr\/wp-json\/wp\/v2\/posts\/105988\/revisions"}],"wp:featuredmedia":[{"embeddable":true,"href":"https:\/\/middleeasttransparent.com\/fr\/wp-json\/wp\/v2\/media\/105995"}],"wp:attachment":[{"href":"https:\/\/middleeasttransparent.com\/fr\/wp-json\/wp\/v2\/media?parent=105988"}],"wp:term":[{"taxonomy":"category","embeddable":true,"href":"https:\/\/middleeasttransparent.com\/fr\/wp-json\/wp\/v2\/categories?post=105988"},{"taxonomy":"post_tag","embeddable":true,"href":"https:\/\/middleeasttransparent.com\/fr\/wp-json\/wp\/v2\/tags?post=105988"}],"curies":[{"name":"wp","href":"https:\/\/api.w.org\/{rel}","templated":true}]}}