{"id":105749,"date":"2023-05-03T10:18:45","date_gmt":"2023-05-03T09:18:45","guid":{"rendered":"https:\/\/middleeasttransparent.com\/?p=105749"},"modified":"2023-05-03T10:18:45","modified_gmt":"2023-05-03T09:18:45","slug":"qualifications-et-qualites-dun-chef-detat","status":"publish","type":"post","link":"https:\/\/middleeasttransparent.com\/fr\/qualifications-et-qualites-dun-chef-detat\/","title":{"rendered":"Qualifications et qualit\u00e9s d\u2019un chef d\u2019\u00c9tat"},"content":{"rendered":"<h3><span style=\"color: #666699;\">On cogite et on m\u00e9dite sur les qualifications requises pour acc\u00e9der \u00e0 la haute fonction du chef de l\u2019\u00c9tat au Liban. On ne se pose pas la question de savoir si cette fonction transcende r\u00e9ellement toute qualification bien qu\u2019elle exige des qualit\u00e9s imp\u00e9ratives. Quant aux amis \u00e9trangers, leur souci ne porte pas sur les qualifications ou les qualit\u00e9s du futur pr\u00e9sident libanais. Leur souci a pour objet leurs int\u00e9r\u00eats propres que leurs relations avec le Liban pourraient m\u00e9nager.<\/span><\/h3>\n<p>&nbsp;<\/p>\n<p>&nbsp;<\/p>\n<p>Que demande-t-on au futur chef de l\u2019\u00c9tat ? On ne cesse de nous \u00e9baucher des profils. Bien s\u00fbr, il doit appartenir \u00e0 la communaut\u00e9 maronite puisque tel est l\u2019usage consacr\u00e9 encore qu\u2019on pourrait se suffire d\u2019un chr\u00e9tien tout simplement.<\/p>\n<p>\u00c0 cela s\u2019ajoutent deux conditions politiques p\u00e9remptoires. Pour un camp, il doit \u00eatre\u00a0<strong>souverainiste<\/strong>. On ne nous pr\u00e9cise pas le descriptif d\u00e9taill\u00e9 de ce crit\u00e8re. Pour le camp adverse d\u2019en face, le pr\u00e9sident ne peut ni ne doit \u00eatre en mesure de poignarder la \u00ab\u00a0<strong>R\u00e9sistance<\/strong>\u00a0\u00bb dans le dos. Par l\u00e0 on entend la milice du Hezbollah qui sert d\u2019entit\u00e9 interpos\u00e9e \u00e0 l\u2019occupation iranienne indirecte du Liban.<\/p>\n<p>Si on consid\u00e8re les profils particuliers au sein du groupe des maronites favorables au Hezbollah, un candidat est rejet\u00e9 tant son image de marque serait celle de l\u2019ennemi public N\u00b01. Un deuxi\u00e8me, issu du clanisme rural et f\u00e9odal traditionnel, est critiqu\u00e9 pour son manque en dipl\u00f4mes prestigieux. Dans le camp souverainiste, le candidat maronite le plus en vue est accus\u00e9 d\u2019intelligence avec l\u2019ennemi contre la R\u00e9sistance. Seule l\u2019affiliation \u00e0 l\u2019\u00c9glise maronite de ces personnalit\u00e9s fait l\u2019unanimit\u00e9. Dans cet imbroglio, savamment entretenu, on oublie une v\u00e9rit\u00e9 de toujours : pour \u00eatre un bon chef d\u2019\u00c9tat, on n\u2019a pas besoin de qualifications professionnelles ou acad\u00e9miques. Comme nous l\u2019ont appris les Grecs de l\u2019antiquit\u00e9: \u00ab\u00a0en mati\u00e8re de v\u00e9rit\u00e9, l\u2019opinion du premier venu peut faire l\u2019affaire\u00a0\u00bb. On peut donc parfaitement exercer le pouvoir politique sans \u00eatre bard\u00e9 de doctorats.<\/p>\n<p>On rappellera ici le cas de Pierre B\u00e9r\u00e9govoy (1925-1993), Premier ministre fran\u00e7ais sous Fran\u00e7ois Mitterrand. Ce fils d\u2019\u00e9migr\u00e9s ukrainiens, qui avaient fui la r\u00e9volution bolchevique, \u00e9tait simplement titulaire d\u2019un Certificat d\u2019\u00e9tudes primaires (CEP) et d\u2019un Brevet d\u2019enseignement industriel (BEI). Ni BEPC, ni Baccalaur\u00e9at de l\u2019enseignement secondaire, et encore moins de dipl\u00f4mes de l\u2019Enseignement sup\u00e9rieur. Ceci n\u2019emp\u00eacha pas P. B\u00e9r\u00e9govoy de d\u00e9tenir le portefeuille minist\u00e9riel des Affaires sociales et de la Solidarit\u00e9 nationale de 1982 \u00e0 1984. \u00c0 deux reprises, entre 1984 et 1992, il devint ministre de l\u2019\u00c9conomie, des Finances et du Budget avant que le Pr\u00e9sident Mitterrand ne lui confie la haute fonction de Premier ministre. Pierre B\u00e9r\u00e9govoy n\u2019avait pas de\u00a0<strong>qualifications\u00a0<\/strong>acad\u00e9miques mais il avait la\u00a0<strong>qualit\u00e9 rare<\/strong>\u00a0de commis de l\u2019\u00c9tat et d\u2019homme politique.<\/p>\n<p>Le probl\u00e8me du candidat Sleiman Frangieh ne r\u00e9side pas dans son manque en dipl\u00f4mes mais, pr\u00e9cis\u00e9ment, dans ses choix politiques dont il ne fait aucun secret. Frangieh est sans aucun doute un excellent notable f\u00e9odal traditionnel, mais il demeure \u00e0 ce jour le candidat pr\u00e9sidentiel du tandem qui a d\u00e9truit l\u2019\u00c9tat libanais : les Mollahs de T\u00e9h\u00e9ran et le r\u00e9gime de Damas. Les augures libanais disent que le Pr\u00e9sident fran\u00e7ais soutient fortement sa candidature. Dont acte. Il est cependant anormal d\u2019entendre des citoyens libanais sp\u00e9culer sur les intentions cach\u00e9es de grands \u00e9lecteurs \u00e9trangers qui, en l\u2019occurrence, se doivent de servir en premier les int\u00e9r\u00eats de leur propre pays.<\/p>\n<p>En politique, il n\u2019y a pas d\u2019\u00e9motivit\u00e9 qui compte. L\u2019amiti\u00e9 franco-libanaise remonterait aux Croisades dit-on, gr\u00e2ce \u00e0 une lettre envoy\u00e9e par Saint Louis aux maronites du Liban. La critique rigoureuse date cependant ce document de 1845. On se souvient du savoir-faire diplomatique de la France apr\u00e8s la chute de Constantinople aux mains des Ottomans. Alors que toute l\u2019Europe catholique, sous l\u2019\u00e9gide du Pape Pie V, avait constitu\u00e9 la Sainte-Ligue pour contenir l\u2019expansionnisme ottoman en Europe, Fran\u00e7ois 1er, roi de France, entreprit de conclure avec l\u2019Empire des Osmanlis les\u00a0<strong><em>Trait\u00e9s des Capitulations<\/em><\/strong>\u00a0afin de briser la toute-puissance montante des Habsbourg.<\/p>\n<p>Les calculs du Pr\u00e9sident Emmanuel Macron se situent dans l\u2019esprit des Capitulations ottomanes, \u00e0 l\u2019instar de Louis XII en 1500, Fran\u00e7ois 1er en 1528, Charles IX en 1569, Henri IV en 1604, Louis XIV en 1673, sans oublier le r\u00e8gne de Louis XV. Tous ces rois de France ont cherch\u00e9 \u00e0 m\u00e9nager leurs int\u00e9r\u00eats g\u00e9ostrat\u00e9giques,<\/p>\n<p>ind\u00e9pendamment des affinit\u00e9s de la France catholique. Emmanuel Macron n\u2019a pas \u00e0 servir, par \u00e9motivit\u00e9, les int\u00e9r\u00eats d\u2019une faction libanaise mais ceux de son pays en fonction de sa propre politique \u00e9trang\u00e8re. Par ailleurs, le camp libanais dit souverainiste, tr\u00e8s critique \u00e0 l\u2019\u00e9gard du soutien fran\u00e7ais \u00e0 Frangieh, n\u2019a qu\u2019\u00e0 s\u2019unir autour d\u2019un seul candidat et d\u2019un programme clair. Pour contrer le Hezbollah qui esp\u00e8re, \u00e0 travers Sleiman Frangieh, assurer sa totale mainmise sur le Liban, les souverainistes sont condamn\u00e9s \u00e0 s\u2019unir et parler d\u2019une seule voix.<\/p>\n<p>Certes, on doit rejeter cat\u00e9goriquement Frangieh. Mais qui y a-t-il en face ? Combien d\u2019interlocuteurs existe-t-il dans l\u2019autre camp ? Et que recouvre exactement le concept de\u00a0<strong>souverainisme\u00a0<\/strong>? Peut-on le d\u00e9cliner de diff\u00e9rentes mani\u00e8res? Est-ce la construction d\u2019un \u00c9tat de droit moderne ? Ou serait-ce plut\u00f4t le maintien des chefferies claniques traditionnelles qui s\u2019interposent entre le citoyen et le service public? Ce souverainisme n\u2019est-il pas, chez certains, une autre mani\u00e8re de dire l\u2019\u00e9miettement du Grand-Liban en faveur d\u2019entit\u00e9s identitaires ou sectaires? \u00catre souverainiste signifie-t-il un retour au petit Mont-Liban? Ou bien, serait-ce une dilution dans un M\u00e9ga-Liban qui serait la mosa\u00efque d\u2019une alliance de minorit\u00e9s religieuses?<\/p>\n<p>Le camp souverainiste est invit\u00e9 \u00e0 faire un choix national clair \u00e0 l\u2019instar de la Rencontre de Kornet-Chehwan entre 2000 et 2004 ainsi que des diff\u00e9rents congr\u00e8s dits du Bristol. Que ce camp r\u00e9alise un consensus en son sein et annonce au monde, d\u2019une seule voix, ce qu\u2019il souhaite pour lib\u00e9rer son pays, le pacifier et le reconstituer. Que ce camp annonce un candidat cr\u00e9dible, en dehors des familles et des clans traditionnels; qu\u2019il le dote d\u2019un programme clair et transparent et non d\u2019un plan de rapi\u00e9\u00e7age des loques libanaises.<\/p>\n<p>C\u2019est au camp dit souverainiste que revient le devoir de doter ce concept d\u2019une vision claire du Liban comme \u00e9tat de droit. Le Liban a perdu son\u00a0<strong>r\u00f4le\u00a0<\/strong>pionnier au sein du monde arabe. Il n\u2019est plus l\u2019\u00e9cole, l\u2019h\u00f4pital, l\u2019universit\u00e9, la banque de l\u2019Orient. Le camp souverainiste se doit de r\u00e9aliser qu\u2019il est d\u00e9positaire d\u2019un legs qui n\u2019a pas de prix : la\u00a0<strong>culture de la libert\u00e9<\/strong>. C\u2019est ce qu\u2019il faut prot\u00e9ger et d\u00e9fendre \u00e0 n\u2019importe quel prix. Non, le Liban n\u2019a pas perdu sa\u00a0<strong>vocation\u00a0<\/strong>m\u00eame s\u2019il ne joue plus le m\u00eame<strong>\u00a0r\u00f4le<\/strong>. Il demeure, m\u00eame en lambeaux, une\u00a0<strong>terre de libert\u00e9 et de fraternit\u00e9<\/strong>\u00a0qu\u2019il faut prot\u00e9ger \u00e0 n\u2019importe quel prix.<\/p>\n<p>acourban@gmail.com<\/p>\n<div class=\"clearfix\"><a href=\"https:\/\/icibeyrouth.com\/liban\/217305\">Icibeyrouth<\/a><\/div>\n","protected":false},"excerpt":{"rendered":"<p>On cogite et on m\u00e9dite sur les qualifications requises pour acc\u00e9der \u00e0 la haute fonction du chef de l\u2019\u00c9tat au Liban. On ne se pose pas la question de savoir si cette fonction transcende r\u00e9ellement toute qualification bien qu\u2019elle exige des qualit\u00e9s imp\u00e9ratives. Quant aux amis \u00e9trangers, leur souci ne porte pas sur les qualifications<\/p>\n","protected":false},"author":33,"featured_media":105753,"comment_status":"open","ping_status":"open","sticky":false,"template":"","format":"standard","meta":{"_uf_show_specific_survey":0,"_uf_disable_surveys":false,"footnotes":""},"categories":[37],"tags":[],"class_list":{"0":"post-105749","1":"post","2":"type-post","3":"status-publish","4":"format-standard","5":"has-post-thumbnail","7":"category-alaune-fr"},"aioseo_notices":[],"_links":{"self":[{"href":"https:\/\/middleeasttransparent.com\/fr\/wp-json\/wp\/v2\/posts\/105749","targetHints":{"allow":["GET"]}}],"collection":[{"href":"https:\/\/middleeasttransparent.com\/fr\/wp-json\/wp\/v2\/posts"}],"about":[{"href":"https:\/\/middleeasttransparent.com\/fr\/wp-json\/wp\/v2\/types\/post"}],"author":[{"embeddable":true,"href":"https:\/\/middleeasttransparent.com\/fr\/wp-json\/wp\/v2\/users\/33"}],"replies":[{"embeddable":true,"href":"https:\/\/middleeasttransparent.com\/fr\/wp-json\/wp\/v2\/comments?post=105749"}],"version-history":[{"count":0,"href":"https:\/\/middleeasttransparent.com\/fr\/wp-json\/wp\/v2\/posts\/105749\/revisions"}],"wp:featuredmedia":[{"embeddable":true,"href":"https:\/\/middleeasttransparent.com\/fr\/wp-json\/wp\/v2\/media\/105753"}],"wp:attachment":[{"href":"https:\/\/middleeasttransparent.com\/fr\/wp-json\/wp\/v2\/media?parent=105749"}],"wp:term":[{"taxonomy":"category","embeddable":true,"href":"https:\/\/middleeasttransparent.com\/fr\/wp-json\/wp\/v2\/categories?post=105749"},{"taxonomy":"post_tag","embeddable":true,"href":"https:\/\/middleeasttransparent.com\/fr\/wp-json\/wp\/v2\/tags?post=105749"}],"curies":[{"name":"wp","href":"https:\/\/api.w.org\/{rel}","templated":true}]}}