{"id":105621,"date":"2023-04-27T18:50:34","date_gmt":"2023-04-27T17:50:34","guid":{"rendered":"https:\/\/middleeasttransparent.com\/?p=105621"},"modified":"2023-04-27T18:50:34","modified_gmt":"2023-04-27T17:50:34","slug":"du-boulevard-mortier-a-vincennes-le-demenagement-a-14-milliard-deuros-de-la-dgse","status":"publish","type":"post","link":"https:\/\/middleeasttransparent.com\/fr\/du-boulevard-mortier-a-vincennes-le-demenagement-a-14-milliard-deuros-de-la-dgse\/","title":{"rendered":"Du boulevard Mortier \u00e0 Vincennes\u00a0: le d\u00e9m\u00e9nagement \u00e0 1,4 milliard d&rsquo;euros de la\u00a0DGSE"},"content":{"rendered":"<div>\n<p><em>(Vue a\u00e9rienne du Fort neuf de Vincennes, o\u00f9 la DGSE emm\u00e9nagera en 2028.)<\/em><\/p>\n<\/div>\n<p>&nbsp;<\/p>\n<div>\n<div>\n<p>&nbsp;<\/p>\n<p>&nbsp;<\/p>\n<h3><span style=\"color: #666699;\">La\u00a0DGSE\u00a0quittera son si\u00e8ge du boulevard Mortier en 2028 pour des b\u00e2timents flambant\u00a0neufs au Fort Neuf de Vincennes. Une op\u00e9ration estim\u00e9e \u00e0 1,4 milliard d\u2019euros, que le patron du service Bernard Emi\u00e9 s&rsquo;est employ\u00e9 \u00e0 d\u00e9fendre\u00a0lors d\u2019une audition \u00e0 l\u2019Assembl\u00e9e nationale.<\/span><\/h3>\n<\/div>\n<div>\n<div><\/div>\n<div><\/div>\n<\/div>\n<div><\/div>\n<div>\n<div>\n<p>Sa parole est rare, elle n\u2019en est que plus scrut\u00e9e. Auditionn\u00e9 \u00e0 huis clos le 12 avril par la commission de la d\u00e9fense de l\u2019Assembl\u00e9e nationale sur le projet de loi de programmation militaire (LPM) 2024-2030, une audition\u00a0<a href=\"https:\/\/www.assemblee-nationale.fr\/dyn\/16\/comptes-rendus\/cion_def\/l16cion_def2223060_compte-rendu\" target=\"_blank\" rel=\"noopener\" data-saferedirecturl=\"https:\/\/www.google.com\/url?q=https:\/\/www.assemblee-nationale.fr\/dyn\/16\/comptes-rendus\/cion_def\/l16cion_def2223060_compte-rendu&amp;source=gmail&amp;ust=1682702868249000&amp;usg=AOvVaw1JsPxQ7MZ2vuGQcXvWri-G\">dont le compte-rendu vient d\u2019\u00eatre publi\u00e9<\/a>, le patron de la\u00a0DGSE\u00a0Bernard Emi\u00e9 s\u2019est livr\u00e9 \u00e0 un \u00e9tat des lieux assez exhaustif de l\u2019\u00e9tat de son service. <strong>La priorit\u00e9<\/strong> de l\u2019ancien ambassadeur en Turquie et au Royaume-Uni, qui dirige le service de renseignement ext\u00e9rieur depuis 2017, est claire: <strong>la\u00a0DGSE\u00a0doit\u00a0<a href=\"https:\/\/www.challenges.fr\/entreprise\/defense\/gina-haspel-ancienne-directrice-de-la-cia-la-dgse-est-dans-le-top-3-mondial_818378\" target=\"_blank\" rel=\"noopener\" data-saferedirecturl=\"https:\/\/www.google.com\/url?q=https:\/\/www.challenges.fr\/entreprise\/defense\/gina-haspel-ancienne-directrice-de-la-cia-la-dgse-est-dans-le-top-3-mondial_818378&amp;source=gmail&amp;ust=1682702868249000&amp;usg=AOvVaw0fKywsmBms39dh1sMMAymS\">rester dans le gotha mondial du segment<\/a>, aux c\u00f4t\u00e9s de la CIA, du MI6 ou du Mossad.\u00a0<\/strong>\u00ab\u00a0C\u2019est une obsession pour moi: ne pas d\u00e9crocher du peloton de t\u00eate, rester dans la course des grands services de renseignement de la plan\u00e8te et ainsi pr\u00e9server notre autonomie\u00a0\u00bb, assurait Bernard Emi\u00e9 aux d\u00e9put\u00e9s.<\/p>\n<p>Pour tenir cet objectif, le d\u00e9m\u00e9nagement du service du boulevard Mortier (20\u00e8<span class=\"il\">me<\/span>\u00a0arrondissement de Paris) vers le Fort Neuf de Vincennes (12\u00e8<span class=\"il\">me<\/span>\u00a0arrondissement),\u00a0<a href=\"https:\/\/www.ouest-france.fr\/politique\/defense\/les-services-de-la-dgse-le-renseignement-exterieur-francais-vont-demenager-bcf3839e-af1d-11eb-b438-1fcb0d8ba10a\" target=\"_blank\" rel=\"noopener\" data-saferedirecturl=\"https:\/\/www.google.com\/url?q=https:\/\/www.ouest-france.fr\/politique\/defense\/les-services-de-la-dgse-le-renseignement-exterieur-francais-vont-demenager-bcf3839e-af1d-11eb-b438-1fcb0d8ba10a&amp;source=gmail&amp;ust=1682702868249000&amp;usg=AOvVaw2AjJtGDjAvou1CuC4A1Xq1\">annonc<wbr \/>\u00e9 par Emmanuel Macron en mai 2021<\/a>, est une n\u00e9cessit\u00e9, assure le patron de la\u00a0DGSE.\u00a0\u00ab\u00a0Ce projet vise \u00e0 nous doter d\u2019infrastructures dignes du XXI\u00e8<span class=\"il\">me<\/span>\u00a0si\u00e8cle, explique-t-il.\u00a0Il s\u2019agit de construire un ensemble immobilier d\u2019environ 160.000\u00a0m\u00e8tres carr\u00e9s de surface de plancher, essentiellement des espaces tertiaires. Nous pourrons ainsi accueillir plus de 5.500\u00a0postes de travail, ainsi que les \u00e9quipements n\u00e9cessaires aux missions du Service et \u00e0 la vie des agents\u00a0; nous accueillerons aussi des coll\u00e8gues des autres services de renseignement, dans le cadre de plateaux techniques.\u00a0\u00bb<\/p>\n<h2>Un crapaud bloque un premier projet<\/h2>\n<p>Le si\u00e8ge actuel, constitu\u00e9 de la caserne des Tourelles et de la caserne Mortier,\u00a0des deux c\u00f4t\u00e9s du boulevard Mortier, n\u2019\u00e9tait plus adapt\u00e9, jure Bernard Emi\u00e9.\u00a0\u00ab\u00a0Aujourd\u2019hui, nos locaux sont situ\u00e9s, d\u2019un c\u00f4t\u00e9 du boulevard Mortier, dans ceux du 1er\u00a0r\u00e9giment du train, de l\u2019autre, dans un camp d\u2019internement qui a accueilli des femmes juives mais aussi des R\u00e9publicains espagnols pendant la seconde guerre mondiale, souligne-t-il.\u00a0Malgr\u00e9 les efforts pour les optimiser au fil des ans, ils ne sont pas du tout fonctionnels.\u00a0\u00bb<\/p>\n<p>Un d\u00e9m\u00e9nagement du service au Fort de Noisy, \u00e0 Romainville, qui h\u00e9berge le service Action et une partie de la direction technique, avait \u00e9t\u00e9 envisag\u00e9 en 1992,\u00a0<a href=\"https:\/\/www.senat.fr\/questions\/base\/1996\/qSEQ96050407S.html\" target=\"_blank\" rel=\"noopener\" data-saferedirecturl=\"https:\/\/www.google.com\/url?q=https:\/\/www.senat.fr\/questions\/base\/1996\/qSEQ96050407S.html&amp;source=gmail&amp;ust=1682702868249000&amp;usg=AOvVaw30W1JamBeAPKciqedCWGyV\">projet connu sous le nom de \u00ab\u00a0Fort 2000\u00a0\u00bb.<\/a>Le programme avait \u00e9t\u00e9 abandonn\u00e9 en 1996 du fait de l\u2019opposition de riverains, et de la pr\u00e9sence d\u2019un petit batracien, le crapaud calamite, comme l\u2019a racont\u00e9\u00a0Le Point. La\u00a0DGSE, \u00e0 l\u2019\u00e9poque dans la seule caserne des Tourelles, avait h\u00e9rit\u00e9 de la caserne Mortier, \u00e0 quelques dizaines de m\u00e8tres, o\u00f9 elle a pu s\u2019\u00e9tendre, un souterrain reliant les deux emprises.<\/p>\n<p>Mais la\u00a0<a href=\"https:\/\/start.lesechos.fr\/travailler-mieux\/recrutements-entretiens\/la-dgse-recrute-1000-personnes-en-2023-et-pas-que-des-espions-1904153\" target=\"_blank\" rel=\"noopener\" data-saferedirecturl=\"https:\/\/www.google.com\/url?q=https:\/\/start.lesechos.fr\/travailler-mieux\/recrutements-entretiens\/la-dgse-recrute-1000-personnes-en-2023-et-pas-que-des-espions-1904153&amp;source=gmail&amp;ust=1682702868250000&amp;usg=AOvVaw1gUvD86YJSMPKpENa6JIoO\">mont\u00e9e en puissance RH du service<\/a>\u00a0a mis en \u00e9vidence le manque d\u2019espace du site de Mortier, malgr\u00e9 le creusement de nombreux sous-sols.\u00a0\u00ab\u00a0Les effectifs \u00e9tant pass\u00e9s de 3.000\u00a0\u00e0 6.000 et bient\u00f4t 7.000, nous sommes particuli\u00e8rement \u00e0 l\u2019\u00e9troit,\u00a0indique Bernard Emi\u00e9.\u00a0Il \u00e9tait indispensable de trouver de nouveaux locaux pour am\u00e9liorer nos capacit\u00e9s d\u2019accueil pour les nouvelles g\u00e9n\u00e9rations ainsi que pour optimiser le travail avec les autres services.\u00a0\u00bb<\/p>\n<h2>Quel effet de l&rsquo;inflation?<\/h2>\n<p>Le d\u00e9m\u00e9nagement dans le Fort Neuf de Vincennes s\u2019annonce comme une op\u00e9ration monumentale. Par son co\u00fbt, d\u2019abord: dans un\u00a0<a href=\"https:\/\/www.assemblee-nationale.fr\/dyn\/16\/rapports\/cion_def\/l16b0369-tii_rapport-avis\" target=\"_blank\" rel=\"noopener\" data-saferedirecturl=\"https:\/\/www.google.com\/url?q=https:\/\/www.assemblee-nationale.fr\/dyn\/16\/rapports\/cion_def\/l16b0369-tii_rapport-avis&amp;source=gmail&amp;ust=1682702868250000&amp;usg=AOvVaw1eU5mwvHpnOviVvoGNSNSy\">rapport du d\u00e9put\u00e9 Jean-Charles Larsonneur publi\u00e9 en octobre 2022<\/a>, ce dernier \u00e9tait\u00a0 estim\u00e9 \u00e0 1,4 milliard d\u2019euros, dont 1,16 milliard d\u2019euros pour le d\u00e9m\u00e9nagement proprement dit,\u00a0et 232\u00a0millions d\u2019euros pour l\u2019\u00e9vacuation des militaires et civils de la d\u00e9fense qui occupent actuellement le site (24\u00e8<span class=\"il\">me<\/span>\u00a0r\u00e9giment d\u2019infanterie, service de sant\u00e9 des arm\u00e9es, commissariat des arm\u00e9es, d\u00e9tachement Sentinelle).<\/p>\n<p>Et l\u2019inflation risque encore de faire grimper la facture.\u00a0\u00ab\u00a0Nous serons, naturellement, tr\u00e8s vigilants sur l\u2019\u00e9volution des co\u00fbts, car les intrants augmentent et l\u2019inflation est l\u00e0, assure Bernard Emi\u00e9.\u00a0Le moment venu, nous devrons n\u00e9gocier de fa\u00e7on tr\u00e8s dure avec les entreprises concern\u00e9es pour faire en sorte que \u00ab\u00a0l\u2019\u00e9dredon rentre dans la valise\u00a0\u00bb.\u00a0\u00bb<\/p>\n<p>Ce co\u00fbt fait tiquer certains sp\u00e9cialistes.\u00a0\u00ab\u00a0Cela semble cher pour traverser le p\u00e9riph\u00e9rique,\u00a0<a href=\"https:\/\/www.challenges.fr\/entreprise\/defense\/francois-conrut-gentille-sur-la-dgse-obtenir-des-reponses-releve-du-parcours-du-combattant_818471\" target=\"_blank\" rel=\"noopener\" data-saferedirecturl=\"https:\/\/www.google.com\/url?q=https:\/\/www.challenges.fr\/entreprise\/defense\/francois-conrut-gentille-sur-la-dgse-obtenir-des-reponses-releve-du-parcours-du-combattant_818471&amp;source=gmail&amp;ust=1682702868250000&amp;usg=AOvVaw3n2v19JCAgILTpRRsc7H3o\">estimait en juin 2022 dans\u00a0Challenges\u00a0l\u2019ancien d\u00e9put\u00e9 LR Fran\u00e7ois Cornut-Gentille<\/a>, longtemps rapporteur des cr\u00e9dits de d\u00e9fense \u00e0 la commission des finances.\u00a0Mais peut-\u00eatre est-ce pleinement justifiable?\u00a0Le probl\u00e8<span class=\"il\">me<\/span>\u00a0est que le Parlement ne peut pas exercer son pouvoir d\u2019\u00e9valuation sur ce projet d\u2019infrastructure majeure, car le minist\u00e8re l\u2019a abusivement classifi\u00e9.\u00a0\u00bb<\/p>\n<h2>18 sites \u00e9tudi\u00e9s<\/h2>\n<p>L\u2019ancien d\u00e9put\u00e9 s\u2019interrogeait aussi sur le choix du Fort Neuf de Vincennes.\u00a0\u00a0\u00ab\u00a0Il est certain que le si\u00e8ge actuel, au c\u0153ur de Paris, semble aujourd\u2019hui inadapt\u00e9, reconnaissait-il dans la m\u00ea<span class=\"il\">me<\/span>\u00a0interview.\u00a0Le Fort Neuf de Vincennes l\u2019est-il plus pour autant? L\u2019environnement direct du fort\u00a0<span class=\"il\">me<\/span>\u00a0para\u00eet probl\u00e9matique. Le minist\u00e8re a-t-il \u00e9tudi\u00e9 d\u2019autres options? Pourquoi ne pas avoir retenu une construction neuve dans un environnement plus ad\u00e9quat, comme le plateau de Saclay ou Satory? Impossible d\u2019avoir une r\u00e9ponse.\u00a0\u00bb<\/p>\n<p><a href=\"https:\/\/backoffice.challenges.fr\/sites\/cha\/files\/2023-04\/capture-d-ecran-2023-04-27-a-14-21-17.jpg\" target=\"_blank\" rel=\"noopener\" data-saferedirecturl=\"https:\/\/www.google.com\/url?q=https:\/\/backoffice.challenges.fr\/sites\/cha\/files\/2023-04\/capture-d-ecran-2023-04-27-a-14-21-17.jpg&amp;source=gmail&amp;ust=1682702868250000&amp;usg=AOvVaw0E8Yb6SCtcRN6wsKTU3rST\"><img decoding=\"async\" class=\"CToWUd\" src=\"https:\/\/ci3.googleusercontent.com\/proxy\/uHQotDhRMeL5d4xWWA37hpsD8_bH3ulTBcm4lRiHZMtArM4ipvlZ25eszD3X0IPSksSWMDyP-0M20QDCfIP4uHgMcgVi3NMekr6T25xQ73gexa5eSM2fDYMj4dDm3v4WVALgNleT3YRUbljFrWiATblcyDmr16cPkQWXZ6YKog=s0-d-e1-ft#https:\/\/www.challenges.fr\/assets\/inline-img\/2023\/04\/27\/w453-683310-capture-d-ecran-2023-04-27-a-14-21-17.jpg\" alt=\"Localisation des 18 sites \u00e9tudi\u00e9s par le minist\u00e8re des arm\u00e9es pour installer la DGSE Cr\u00e9dit : Minist\u00e8re des arm\u00e9es\" data-bit=\"iit\" \/><\/a>Localisation des 18 sites \u00e9tudi\u00e9s par le minist\u00e8re des Arm\u00e9es pour y installer la DGSE. Cr\u00e9dit : minist\u00e8re des Arm\u00e9esLe minist\u00e8re des Arm\u00e9es a en fait \u00e9tudi\u00e9 18 sites en Ile-de-France, dont Saclay, Satory, Nanterre, Rungis, Ivry, Villeneuve-le-Roi, Gonesse, Aulnay-sous-Bois, Val-de-Fontenay, Marne-la-Vall\u00e9e. Parmi eux,\u00a0 plusieurs sites parisiens (Porte de la Villette, Porte de la Chapelle, Bercy, et le Fort Neuf de Vincennes).\u00a0\u00ab\u00a0Le seul site qui r\u00e9pond \u00e0 l\u2019ensemble des crit\u00e8res est celui du Fort Neuf \u00e0 Vincennes (quatorze hectares dans l\u2019enceinte des fortifications), assurait un dossier du minist\u00e8re des Arm\u00e9es publi\u00e9 en juillet 2021.\u00a0Le site poss\u00e8de \u00e9galement un atout ind\u00e9niable en termes de s\u00e9curit\u00e9 passive gr\u00e2ce \u00e0 ses fortifications: son historique d\u2019ancien fort induit une mise \u00e0 distance naturelle du domaine public avec le b\u00e2ti gr\u00e2ce aux douves.\u00a0\u00bb<\/p>\n<p>Les travaux promettent \u00e9galement d\u2019\u00eatre longs. Ils doivent s\u2019\u00e9taler de fin 2024 \u00e0 d\u00e9but 2028. Les b\u00e2timents les plus r\u00e9cents, datant des ann\u00e9es 1980, seront d\u00e9truits. Les man\u00e8ges \u00e9questres\u00a0et la poudri\u00e8re seront en revanche conserv\u00e9s et valoris\u00e9s. Si la\u00a0DGSE\u00a0pr\u00e9voit un emm\u00e9nagement courant 2028, elle devra encore cohabiter avec l\u2019arm\u00e9e quelque temps. Un quart nord-ouest restera \u00e0 la disposition de l\u2019op\u00e9ration Sentinelle jusqu\u2019en 2031.<\/p>\n<\/div>\n<\/div>\n<div><a href=\"https:\/\/www.challenges.fr\/entreprise\/defense\/du-boulevard-mortier-a-vincennes-le-demenagement-a-14-milliard-deuros-de-ladgse_853517\"><strong>CHALLENGES<\/strong><\/a><\/div>\n<\/div>\n","protected":false},"excerpt":{"rendered":"<p>(Vue a\u00e9rienne du Fort neuf de Vincennes, o\u00f9 la DGSE emm\u00e9nagera en 2028.) &nbsp; &nbsp; &nbsp; La\u00a0DGSE\u00a0quittera son si\u00e8ge du boulevard Mortier en 2028 pour des b\u00e2timents flambant\u00a0neufs au Fort Neuf de Vincennes. Une op\u00e9ration estim\u00e9e \u00e0 1,4 milliard d\u2019euros, que le patron du service Bernard Emi\u00e9 s&rsquo;est employ\u00e9 \u00e0 d\u00e9fendre\u00a0lors d\u2019une audition \u00e0 l\u2019Assembl\u00e9e<\/p>\n","protected":false},"author":874,"featured_media":105625,"comment_status":"open","ping_status":"open","sticky":false,"template":"","format":"standard","meta":{"_uf_show_specific_survey":0,"_uf_disable_surveys":false,"footnotes":""},"categories":[22],"tags":[],"class_list":{"0":"post-105621","1":"post","2":"type-post","3":"status-publish","4":"format-standard","5":"has-post-thumbnail","7":"category-actualites-fr"},"aioseo_notices":[],"_links":{"self":[{"href":"https:\/\/middleeasttransparent.com\/fr\/wp-json\/wp\/v2\/posts\/105621","targetHints":{"allow":["GET"]}}],"collection":[{"href":"https:\/\/middleeasttransparent.com\/fr\/wp-json\/wp\/v2\/posts"}],"about":[{"href":"https:\/\/middleeasttransparent.com\/fr\/wp-json\/wp\/v2\/types\/post"}],"author":[{"embeddable":true,"href":"https:\/\/middleeasttransparent.com\/fr\/wp-json\/wp\/v2\/users\/874"}],"replies":[{"embeddable":true,"href":"https:\/\/middleeasttransparent.com\/fr\/wp-json\/wp\/v2\/comments?post=105621"}],"version-history":[{"count":0,"href":"https:\/\/middleeasttransparent.com\/fr\/wp-json\/wp\/v2\/posts\/105621\/revisions"}],"wp:featuredmedia":[{"embeddable":true,"href":"https:\/\/middleeasttransparent.com\/fr\/wp-json\/wp\/v2\/media\/105625"}],"wp:attachment":[{"href":"https:\/\/middleeasttransparent.com\/fr\/wp-json\/wp\/v2\/media?parent=105621"}],"wp:term":[{"taxonomy":"category","embeddable":true,"href":"https:\/\/middleeasttransparent.com\/fr\/wp-json\/wp\/v2\/categories?post=105621"},{"taxonomy":"post_tag","embeddable":true,"href":"https:\/\/middleeasttransparent.com\/fr\/wp-json\/wp\/v2\/tags?post=105621"}],"curies":[{"name":"wp","href":"https:\/\/api.w.org\/{rel}","templated":true}]}}