{"id":10546,"date":"2016-03-24T23:46:56","date_gmt":"2016-03-24T22:46:56","guid":{"rendered":"http:\/\/middleeasttransparent.com\/?p=10546"},"modified":"2016-05-09T19:42:36","modified_gmt":"2016-05-09T18:42:36","slug":"lunion-fait-la-force","status":"publish","type":"post","link":"https:\/\/middleeasttransparent.com\/fr\/lunion-fait-la-force\/","title":{"rendered":"L\u2019UNION FAIT LA FORCE"},"content":{"rendered":"<p class=\"p1\"><b><\/b><strong><span class=\"s1\">L\u2019image que le peuple de Belgique a donn\u00e9e hier, suite aux terribles attentats terroristes, \u00e9tait particuli\u00e8rement belle et \u00e9mouvante. Au c\u0153ur du vieux Bruxelles, la foule rassembl\u00e9e d\u00e9posait des fleurs, allumait des bougies. L\u2019ambiance, empreinte d\u2019une certaine retenue douloureuse en d\u00e9but de journ\u00e9e, \u00e9volua d\u2019heure en heure vers une atmosph\u00e8re moins endeuill\u00e9e, plus solidaire, plus d\u00e9termin\u00e9e, voire m\u00eame plus festive. La culture de vie affirmait sa sup\u00e9riorit\u00e9 sur la culture de mort.<\/span><\/strong><\/p>\n<p class=\"p4\"><span class=\"s1\">Ces gens anonymes, qui \u00e9taient sortis de chez eux, se sont retrouv\u00e9s au centre-ville de leur capitale, c\u2019est-\u00e0-dire dans cette matrice unique de l\u2019individu-citoyen. On n\u2019insistera jamais suffisamment sur la haute symbolique du centre-ville d\u2019une capitale. C\u2019est le lieu, par excellence, o\u00f9 le ciel et la terre se rejoignent. C\u2019est l\u00e0 o\u00f9 se croisent, de mani\u00e8re invisible et imperceptible, toutes les figures de la sacralit\u00e9 de ce qu\u2019on appelle un peuple, une nation, une patrie, une souverainet\u00e9, un citoyen etc \u2026 Bruxelles est \u00e0 la fois capitale du Royaume de Belgique mais \u00e9galement celle de l\u2019Union Europ\u00e9enne qui ne parvient pas, du moins jusqu\u2019\u00e0 hier, \u00e0 d\u00e9passer les narcissismes \u00e9triqu\u00e9s des \u00e9tats-nations qui la composent.<\/span><\/p>\n<p class=\"p4\"><span class=\"s1\">Le peuple belge, comme le peuple libanais d\u2019ailleurs, qu\u2019on dit tellement d\u00e9suni par ses conflits linguistiques permanents et ses communautarismes \u00e9troits, nous a \u00e9tonn\u00e9s par son cri r\u00e9p\u00e9t\u00e9 de la devise nationale de son royaume: \u00ab\u00a0L\u2019Union fait la force\u00a0\u00bb. Il faut rendre un hommage vibrant \u00e0 cette r\u00e9action car elle vient d\u2019un peuple qui a tant fait pour trouver des compromis, parfois boiteux, mais acceptables \u00e0 ses querelles communautaires. Et c\u2019est ce qui fait de la Belgique un pays o\u00f9 il fait si bon vivre\u00a0; un pays o\u00f9 le respect scrupuleux de la dignit\u00e9 de l\u2019homme et de ses droits fondamentaux est une r\u00e9alit\u00e9 que nul ne peut contester et dont, malheureusement, profitent parfois les ennemis des libert\u00e9s.<\/span><\/p>\n<p class=\"p4\"><span class=\"s1\">L\u2019image de la Place de la Bourse, \u00e0 Bruxelles, ne pouvait pas ne pas rappeler ce que nous avons pr\u00e9c\u00e9demment vu \u00e0 New York, \u00e0 Madrid, \u00e0 Paris et ailleurs dans des circonstances semblables. Elle ne pouvait pas ne pas rappeler ce que le Liban avait v\u00e9cu lors de l\u2019assassinat de Monsieur Hariri et de la s\u00e9rie d\u2019attentats terroristes qui suivirent. Les images libanaises de 2005 ne disaient pas autre chose\u00a0: \u00ab\u00a0L\u2019Union fait la force\u00a0\u00bb, du moins pour la majeure partie du peuple libanais. Et c\u2019est cette logique d\u2019union, sous quelque titre qu\u2019elle s\u2019exprime, qui a pu r\u00e9sister au raz de mar\u00e9e de la terreur et des forces de la d\u00e9sunion identitaire. Aussi fragile soit-elle, c\u2019est cette logique d\u2019union qui a constitu\u00e9 un barrage de protection de ce qui reste de l\u2019Etat libanais.<\/span><\/p>\n<p class=\"p4\"><span class=\"s1\">Oui, mais union contre qui\u00a0? Le terrorisme est un ph\u00e9nom\u00e8ne de la modernit\u00e9. Il est le sympt\u00f4me d\u2019un r\u00e9-ensauvagement de l\u2019homme. La mondialisation a \u00e9limin\u00e9 les fronti\u00e8res, donc les rep\u00e8res de toute souverainet\u00e9. Elle a remis\u00e9 au grenier, ou presque, les notions de \u00ab\u00a0politique\u00a0\u00bb et de \u00ab\u00a0citoyennet\u00e9\u00a0\u00bb. La mondialisation a d\u00e9natur\u00e9 la vie publique en r\u00e9duisant cette derni\u00e8re \u00e0 un face \u00e0 face entre groupes de pression, utiles et importants certes, mais qui ne b\u00e9n\u00e9ficient pas de la repr\u00e9sentativit\u00e9 d\u00e9mocratique. D\u2019un c\u00f4t\u00e9, nous trouvons le fameux <i>corporate power<\/i>, c\u2019est-\u00e0-dire les r\u00e9seaux de la finance internationale, acteurs sans visage et sans \u00e2me. En face d\u2019eux, en qualit\u00e9 d\u2019interlocuteurs, nous avons les r\u00e9seaux d\u2019organisations non gouvernementales (ONG) qui, souvent, pallient \u00e0 l\u2019indigence voire \u00e0 l\u2019absence d\u2019un service public. Mais ni les uns ni les autres ne peuvent se targuer d\u2019\u00eatre l\u2019expression de la r\u00e8gle du droit et de la loi. Aujourd\u2019hui, la volont\u00e9 politique et d\u00e9mocratique des peuples compte peu face \u00e0 celle des r\u00e9seaux sur lesquels l\u2019homme n\u2019a aucune prise. Entre leurs mailles tel une passoire, il est travers\u00e9 par toutes sortes de flux qui lui font confondre le r\u00e9el et le virtuel.<\/span><\/p>\n<p class=\"p4\"><span class=\"s1\">D\u00e8s 2005, Jean-Fran\u00e7ois GAYRAUD avait mis en garde contre la m\u00e9tamorphose de notre monde, qui serait devenu \u00ab\u00a0Le Monde des Mafias\u00a0\u00bb selon le titre de son ouvrage sur la g\u00e9opolitique du crime organis\u00e9. Le terrorisme actuel qui ravage la plan\u00e8te et qui risque de tout emporter est une strat\u00e9gie de r\u00e9seaux mafieux. Nous faisons face aux r\u00e9seaux du crime et non \u00e0 telle ou telle religion en tant que syst\u00e8me de pens\u00e9e et de croyances. L\u2019ennemi public ce n\u2019est pas l\u2019Islam lui-m\u00eame mais ce sont les r\u00e9seaux mafieux et criminels, aujourd\u2019hui islamistes. Il appartient aux musulmans eux-m\u00eames de faire le m\u00e9nage chez eux afin qu\u2019une telle confusion cesse.<\/span><\/p>\n<p class=\"p4\"><span class=\"s1\">Le cri du peuple belge doit nous servir de le\u00e7on. \u00ab\u00a0L\u2019union fait la force\u00a0\u00bb, mais c\u2019est l\u2019union autour de valeurs partag\u00e9es et non une alliance de croisade. Il appartient aux mod\u00e9r\u00e9s du monde, surtout ceux du pourtour m\u00e9diterran\u00e9en, de mettre sur pied des r\u00e9seaux d\u2019union face \u00e0 l\u2019extr\u00e9misme et au nihilisme.<\/span><\/p>\n<p class=\"p4\"><span class=\"s1\">L\u2019attentat de Bruxelles aurait-il un impact positif\u00a0? Pourrait-il enfin r\u00e9veiller les peuples de l\u2019Union Europ\u00e9enne et les mobiliser vers plus d\u2019unit\u00e9 politique, vers la construction d\u2019un authentique espace public europ\u00e9en avec tout ce que cela comporte comme institutions de protection de la s\u00e9curit\u00e9 et des droits de tout un chacun\u00a0? On ne peut que l\u2019esp\u00e9rer car la puissance du crime organis\u00e9 est proportionnelle \u00e0 la d\u00e9sunion et au morcellement de ses victimes.<\/span><\/p>\n<p class=\"p4\"><span class=\"s1\">Hommage donc au Royaume de Belgique dont la devise nationale \u00ab\u00a0L\u2019Union fait la force\u00a0\u00bb devrait \u00eatre le mot d\u2019ordre de tout homme libre qui n\u2019a, face au radicalisme et \u00e0 la terreur aveugle, que sa force de conviction dans le vivre-ensemble qui s\u2019exprime par l\u2019appel\u00a0: \u00ab\u00a0Mod\u00e9r\u00e9s de tous les pays, unissons-nous\u00a0\u00bb.<\/span><\/p>\n","protected":false},"excerpt":{"rendered":"<p>L\u2019image que le peuple de Belgique a donn\u00e9e hier, suite aux terribles attentats terroristes, \u00e9tait particuli\u00e8rement belle et \u00e9mouvante. Au c\u0153ur du vieux Bruxelles, la foule rassembl\u00e9e d\u00e9posait des fleurs, allumait des bougies. L\u2019ambiance, empreinte d\u2019une certaine retenue douloureuse en d\u00e9but de journ\u00e9e, \u00e9volua d\u2019heure en heure vers une atmosph\u00e8re moins endeuill\u00e9e, plus solidaire, plus<\/p>\n","protected":false},"author":33,"featured_media":10547,"comment_status":"open","ping_status":"open","sticky":false,"template":"","format":"standard","meta":{"_uf_show_specific_survey":0,"_uf_disable_surveys":false,"footnotes":""},"categories":[25],"tags":[],"class_list":{"0":"post-10546","1":"post","2":"type-post","3":"status-publish","4":"format-standard","5":"has-post-thumbnail","7":"category-decryptages"},"aioseo_notices":[],"_links":{"self":[{"href":"https:\/\/middleeasttransparent.com\/fr\/wp-json\/wp\/v2\/posts\/10546","targetHints":{"allow":["GET"]}}],"collection":[{"href":"https:\/\/middleeasttransparent.com\/fr\/wp-json\/wp\/v2\/posts"}],"about":[{"href":"https:\/\/middleeasttransparent.com\/fr\/wp-json\/wp\/v2\/types\/post"}],"author":[{"embeddable":true,"href":"https:\/\/middleeasttransparent.com\/fr\/wp-json\/wp\/v2\/users\/33"}],"replies":[{"embeddable":true,"href":"https:\/\/middleeasttransparent.com\/fr\/wp-json\/wp\/v2\/comments?post=10546"}],"version-history":[{"count":0,"href":"https:\/\/middleeasttransparent.com\/fr\/wp-json\/wp\/v2\/posts\/10546\/revisions"}],"wp:featuredmedia":[{"embeddable":true,"href":"https:\/\/middleeasttransparent.com\/fr\/wp-json\/wp\/v2\/media\/10547"}],"wp:attachment":[{"href":"https:\/\/middleeasttransparent.com\/fr\/wp-json\/wp\/v2\/media?parent=10546"}],"wp:term":[{"taxonomy":"category","embeddable":true,"href":"https:\/\/middleeasttransparent.com\/fr\/wp-json\/wp\/v2\/categories?post=10546"},{"taxonomy":"post_tag","embeddable":true,"href":"https:\/\/middleeasttransparent.com\/fr\/wp-json\/wp\/v2\/tags?post=10546"}],"curies":[{"name":"wp","href":"https:\/\/api.w.org\/{rel}","templated":true}]}}