{"id":104803,"date":"2023-04-03T23:33:18","date_gmt":"2023-04-03T22:33:18","guid":{"rendered":"https:\/\/middleeasttransparent.com\/?p=104803"},"modified":"2023-04-03T23:34:28","modified_gmt":"2023-04-03T22:34:28","slug":"letrange-escapade-a-paris-dun-proche-dassad","status":"publish","type":"post","link":"https:\/\/middleeasttransparent.com\/fr\/letrange-escapade-a-paris-dun-proche-dassad\/","title":{"rendered":"L\u2019\u00e9trange escapade \u00e0 Paris d\u2019un proche d\u2019Assad"},"content":{"rendered":"<header class=\"header-article\">\n<figure>\n<div>\n<div>\n<h2><strong>SYRIE\u00a0 \u00a0 \u00a0 \u00a0 \u00a0 \u00a0 \u00a0L\u2019entrepreneur Musan Nahas a \u00e9t\u00e9 re\u00e7u dans les locaux du Medef. Un moyen pour le r\u00e9gime de contourner les sanctions<\/strong><\/h2>\n<p>&nbsp;<\/p>\n<\/div>\n<\/div><figcaption id=\"figcaption\">\u00a0<\/figcaption><\/figure>\n<\/header>\n<p><span style=\"color: #0000ff;\">\u00a0CAMILLE NEVEUX<\/span><\/p>\n<section id=\"section-article\">\n<div id=\"section-articleContent\">\n<h3><span style=\"color: #666699;\">Il \u00e9tait jusqu\u2019ici inconnu du public occidental. Sa visite \u00e0 Paris, le 15 mars, pour le quatri\u00e8me sommet \u00e9conomique franco-arabe organis\u00e9 dans les locaux du Medef, avenue Bosquet, \u00e9tait pass\u00e9e sous les radars, exactement ce que recherchait le dictateur syrien Bachar El-Assad. Jusqu\u2019\u00e0 ce que divers opposants, dont le Collectif pour une Syrie libre et d\u00e9mocratique, ne d\u00e9noncent cette semaine la venue sur le territoire fran\u00e7ais de Musan Nahas, proche du boucher de Damas, le jour m\u00eame du 12e anniversaire de la r\u00e9volution syrienne.<\/span><\/h3>\n<p>&nbsp;<\/p>\n<p class=\"article_element paragraph\">Lors de cette journ\u00e9e, l\u2019entrepreneur de 60 ans, costume noir et badge autour du cou, a pris la parole pour se f\u00e9liciter de cette \u00ab invitation officielle \u00bb lanc\u00e9e \u00ab sous les auspices de la pr\u00e9sidence fran\u00e7aise \u00bb qui \u00ab repr\u00e9sente un tournant important et majeur dans le retour des relations syriennes avec tous \u00bb, selon des propos rapport\u00e9s par l\u2019agence de presse gouvernementale Sana et par la F\u00e9d\u00e9ration syrienne des chambres de commerce. En bon \u00e9missaire du r\u00e9gime, il a ensuite plaid\u00e9 sans vergogne pour la \u00ab lev\u00e9e des sanctions unilat\u00e9rales injustes \u00bb et invit\u00e9 les pays arabes et europ\u00e9ens \u00ab \u00e0 se rendre en Syrie et \u00e0 y investir \u00bb. Avant de tenir, en marge de la conf\u00e9rence, \u00ab un certain nombre de r\u00e9unions avec les d\u00e9l\u00e9gations arabes \u00bb, puis de se faire prendre en photo avec Geoffroy Roux de B\u00e9zieux, le pr\u00e9sident du Medef, et Estelle Brachlianoff, la directrice g\u00e9n\u00e9rale de Veolia Environnement. Deux clich\u00e9s publi\u00e9s sur sa page Facebook qui suscitent le malaise.<\/p>\n<p class=\"article_element paragraph\">Car Musan Nahas n\u2019est pas n\u2019importe qui. Repr\u00e9sentant la F\u00e9d\u00e9ration des chambres de commerce syriennes et membre de la Chambre de commerce de Damas, il d\u00e9tient plusieurs entreprises dans les secteurs de la finance et de la joaillerie, un business impossible \u00e0 mener sans l\u2019aval des services secrets syriens, les moukhabarat. \u00ab Son oncle, Saeb Nahas, est \u00e0 la t\u00eate de Nahas Group, un empire de l\u2019automobile et du tourisme fond\u00e9 il y a plus de quarante ans \u00bb, compl\u00e8te Zaid Al-Azem, activiste et avocat franco-syrien.<\/p>\n<p class=\"article_element paragraph\">Sa puissante famille, d\u2019ob\u00e9dience chiite, est soutenue par le r\u00e9gime de T\u00e9h\u00e9ran, d\u2019o\u00f9 son autre casquette d\u2019agent en Syrie pour la Compagnie iranienne du p\u00e9trole et de secr\u00e9taire de la Chambre de commerce syro-iranienne. En 2020, l\u2019homme de confiance du r\u00e9gime s\u2019est \u00e9galement rendu en Bi\u00e9lorussie, pays ami, pour n\u00e9gocier la vente \u00e0 Damas de p\u00e9trole, de bl\u00e9 et de farine, en plus de plaider pour la visite d\u2019hommes d\u2019affaires syriens \u00e0 Minsk. \u00ab Il fait profil bas dans les m\u00e9dias, mais il a des liens forts \u00e0 la fois avec l\u2019Iran et avec le r\u00e9gime syrien \u00bb, accuse Ayman Abdel Nour, ancien conseiller d\u2019Assad aujourd\u2019hui exil\u00e9 aux \u00c9tats-Unis.<\/p>\n<p class=\"article_element paragraph\">Selon ce membre historique du parti Baas, pass\u00e9 depuis dans l\u2019opposition, l\u2019homme serait arriv\u00e9 \u00e0 Paris \u00ab avec un visa Schengen d\u00e9livr\u00e9 en 2020 et valable pendant cinq ans \u00bb. Il ne fait pas \u00e0 ce jour l\u2019objet de sanctions. \u00ab Nous ne connaissons pas ce personnage et n\u2019\u00e9tions pas au courant de la pr\u00e9sence de la Chambre de commerce syrienne \u00e0 cet \u00e9v\u00e9nement, se d\u00e9fend de son c\u00f4t\u00e9 Philippe Gautier, directeur g\u00e9n\u00e9ral de Medef International. Quant \u00e0 la photo avec Geoffroy Roux de B\u00e9zieux, elle n\u2019\u00e9tait pas volontaire. \u00bb Dominique Brunin, le directeur de la Chambre de commerce franco-arabe (CCFA), organisatrice de l\u2019\u00e9v\u00e9nement, indique au contraire avoir re\u00e7u l\u2019inscription du sulfureux homme d\u2019affaires. \u00ab \u00c0 notre surprise, celui-ci s\u2019est pr\u00e9sent\u00e9 le 15 mars \u00bb, feint-il de s\u2019\u00e9tonner. L\u2019ancien ministre et d\u00e9put\u00e9 centriste Herv\u00e9 de Charette, pr\u00e9sident d\u2019honneur de la CCFA, prend, lui, moins de gants. \u00ab Il ne faut pas rester \u00e9ternellement dans cette situation de rupture avec la Syrie, justifie-t-il. Il faut regarder l\u2019avenir et voir comment reprendre contact \u00e0 la fois politiquement et \u00e9conomiquement. \u00bb<\/p>\n<p class=\"article_element paragraph\">La pr\u00e9sence en France de Musan Nahas interroge d\u2019autant plus que, au lendemain de ce sommet, une d\u00e9claration conjointe des minist\u00e8res des Affaires \u00e9trang\u00e8res fran\u00e7ais, allemand, britannique et am\u00e9ricain rappelait avec fermet\u00e9 la position de leurs gouvernements. \u00ab Nous n\u2019avons pas l\u2019intention de normaliser nos relations avec le r\u00e9gime du pr\u00e9sident Assad, pas plus que de financer la reconstruction pour r\u00e9parer les dommages que ce r\u00e9gime a inflig\u00e9s tout au long du conflit, ni de lever nos sanctions \u00bb, pr\u00e9cisait le texte, rappelant que depuis 2011 \u00ab presque 250 000 Syriens ont \u00e9t\u00e9 tu\u00e9s, pour la vaste majorit\u00e9 d\u2019entre eux par le r\u00e9gime du pr\u00e9sident Assad \u00bb. Contact\u00e9, le Quai d\u2019Orsay n\u2019a pas r\u00e9pondu \u00e0 nos questions.<\/p>\n<p class=\"article_element quote\">\u00ab Nous sommes dans un processus de normalisation \u00e0 bas bruit. De puissants r\u00e9seaux aident Assad \u00bbFIRAS KONTAR, opposant<\/p>\n<p class=\"article_element paragraph\">L\u2019escapade parisienne de cet \u00ab \u00e9conomiste \u00bb, comme le qualifie avec d\u00e9f\u00e9rence la presse du r\u00e9gime, illustre en r\u00e9alit\u00e9 la volont\u00e9 r\u00e9cente du dictateur syrien d\u2019ouvrir, gr\u00e2ce \u00e0 des entrepreneurs fid\u00e8les, des canaux non officiels qui \u0153uvrent \u00e0 r\u00e9tablir des relations avec l\u2019Occident, et ce sans avoir recours \u00e0 des personnalit\u00e9s politiques possiblement dans le viseur. \u00ab Le r\u00e9gime veut contourner les sanctions internationales et les embargos en utilisant les hommes d\u2019affaires mais aussi des personnalit\u00e9s du monde de la culture et des m\u00e9dias, confirme l\u2019activiste Zaid Al-Azem. C\u2019est la strat\u00e9gie dite \u201cde la premi\u00e8re dame\u201d, car c\u2019est d\u00e9sormais Asma El-Assad qui dirige les relations ext\u00e9rieures du r\u00e9gime. \u00bb La redoutable \u00e9pouse du pr\u00e9sident, parfaite anglophone puisqu\u2019elle est n\u00e9e et a pass\u00e9 une partie de son enfance au Royaume-Uni, conna\u00eet les forces et les faiblesses des pays \u00e0 s\u00e9duire.<\/p>\n<p class=\"article_element paragraph\">Mais la communaut\u00e9 syrienne exil\u00e9e en France veille au grain. En novembre, elle a fait annuler la venue du chanteur Houssam Juneid, auteur de textes \u00e0 la gloire du pr\u00e9sident syrien et de son arm\u00e9e, qui devait se produire \u00e0 Lyon. \u00ab Nous sommes dans un processus de normalisation \u00e0 bas bruit, d\u00e9nonce l\u2019opposant Firas Kontar. Comment une personnalit\u00e9 comme Musan Nahas arrive-t-elle \u00e0 obtenir un visa ? De puissants r\u00e9seaux aident Assad. Les sanctions, elles, ne sont pas suffisamment dures. Elles sont l\u00e0 pour la forme, par souci moral. Mais pas pour nuire. \u00bb<\/p>\n<\/div>\n<p class=\"article_element paragraphTitle\"><a href=\"https:\/\/www.lejdd.fr\/international\/syrie-letrange-escapade-paris-dun-proche-de-bachar-el-assad-134318#:~:text=Abonn%C3%A9%20International-,Syrie%20%3A%20l'%C3%A9trange%20escapade%20%C3%A0%20Paris%20d'un%20proche,Assad%20de%20contourner%20les%20sanctions.&amp;text=Il%20%C3%A9tait%20jusqu'ici%20inconnu%20du%20public%20occidental.\">Le Journal du Dimanche<\/a><\/p>\n<\/section>\n","protected":false},"excerpt":{"rendered":"<p>SYRIE\u00a0 \u00a0 \u00a0 \u00a0 \u00a0 \u00a0 \u00a0L\u2019entrepreneur Musan Nahas a \u00e9t\u00e9 re\u00e7u dans les locaux du Medef. Un moyen pour le r\u00e9gime de contourner les sanctions &nbsp; \u00a0 \u00a0CAMILLE NEVEUX Il \u00e9tait jusqu\u2019ici inconnu du public occidental. Sa visite \u00e0 Paris, le 15 mars, pour le quatri\u00e8me sommet \u00e9conomique franco-arabe organis\u00e9 dans les locaux du<\/p>\n","protected":false},"author":88,"featured_media":104806,"comment_status":"open","ping_status":"open","sticky":false,"template":"","format":"standard","meta":{"_uf_show_specific_survey":0,"_uf_disable_surveys":false,"footnotes":""},"categories":[37],"tags":[],"class_list":{"0":"post-104803","1":"post","2":"type-post","3":"status-publish","4":"format-standard","5":"has-post-thumbnail","7":"category-alaune-fr"},"aioseo_notices":[],"_links":{"self":[{"href":"https:\/\/middleeasttransparent.com\/fr\/wp-json\/wp\/v2\/posts\/104803","targetHints":{"allow":["GET"]}}],"collection":[{"href":"https:\/\/middleeasttransparent.com\/fr\/wp-json\/wp\/v2\/posts"}],"about":[{"href":"https:\/\/middleeasttransparent.com\/fr\/wp-json\/wp\/v2\/types\/post"}],"author":[{"embeddable":true,"href":"https:\/\/middleeasttransparent.com\/fr\/wp-json\/wp\/v2\/users\/88"}],"replies":[{"embeddable":true,"href":"https:\/\/middleeasttransparent.com\/fr\/wp-json\/wp\/v2\/comments?post=104803"}],"version-history":[{"count":0,"href":"https:\/\/middleeasttransparent.com\/fr\/wp-json\/wp\/v2\/posts\/104803\/revisions"}],"wp:featuredmedia":[{"embeddable":true,"href":"https:\/\/middleeasttransparent.com\/fr\/wp-json\/wp\/v2\/media\/104806"}],"wp:attachment":[{"href":"https:\/\/middleeasttransparent.com\/fr\/wp-json\/wp\/v2\/media?parent=104803"}],"wp:term":[{"taxonomy":"category","embeddable":true,"href":"https:\/\/middleeasttransparent.com\/fr\/wp-json\/wp\/v2\/categories?post=104803"},{"taxonomy":"post_tag","embeddable":true,"href":"https:\/\/middleeasttransparent.com\/fr\/wp-json\/wp\/v2\/tags?post=104803"}],"curies":[{"name":"wp","href":"https:\/\/api.w.org\/{rel}","templated":true}]}}