{"id":104781,"date":"2023-04-03T11:12:06","date_gmt":"2023-04-03T10:12:06","guid":{"rendered":"https:\/\/middleeasttransparent.com\/?p=104781"},"modified":"2023-04-03T11:15:49","modified_gmt":"2023-04-03T10:15:49","slug":"mon-pote-touche-pas-a-mon-pays","status":"publish","type":"post","link":"https:\/\/middleeasttransparent.com\/fr\/mon-pote-touche-pas-a-mon-pays\/","title":{"rendered":"Mon pote ! Touche pas \u00e0 mon pays"},"content":{"rendered":"<h3><span style=\"color: #666699;\">De crise existentielle en crise existentielle, le Liban ne cesse de voir son sort se d\u00e9cider hors du sol national. Les citoyens \u00e9voquent les conf\u00e9rences multinationales portant sur le Liban comme si elles sont la chose la plus naturelle au monde. Ils esp\u00e8rent qu\u2019un lapin finira par sortir du chapeau des magiciens du monde, au lieu de compter sur eux-m\u00eames et de crier au monde entier, notamment aux amis du Liban, une variante du fameux slogan de SOS-Racisme : \u00ab\u00a0Touche pas \u00e0 mon pays\u00a0\u00bb.<\/span><\/h3>\n<p>&nbsp;<\/p>\n<p>Les conf\u00e9rences portant sur le Liban se succ\u00e8dent actuellement \u00e0 un rythme acc\u00e9l\u00e9r\u00e9. Sleiman Frangi\u00e9, candidat pr\u00e9sidentiel, vient d\u2019achever une visite \u00e0 Paris. Le pr\u00e9sident fran\u00e7ais serait d\u00e9cid\u00e9 \u00e0 faire aboutir l\u2019\u00e9lection d\u2019un chef d\u2019\u00c9tat au Liban. Emmanuel Macron, le disciple de Paul Ric\u0153ur, sait que S. Frangi\u00e9 est le cheval favori du Hezbollah. On peut se demander, en toute l\u00e9gitimit\u00e9, dans quelle mesure la diplomatie fran\u00e7aise adopte une inflexion pro-iranienne au Liban, en vue de m\u00e9nager certains int\u00e9r\u00eats fran\u00e7ais strat\u00e9giques. D\u2019autres \u00c9tats europ\u00e9ens ne cachent d\u2019ailleurs pas leur penchant \u00e0 m\u00e9nager le Hezbollah libanais esp\u00e9rant b\u00e9n\u00e9ficier de la bonne volont\u00e9 des Mollahs de T\u00e9h\u00e9ran. Il suffit d\u2019observer le ballet diplomatique en direction de la banlieue-sud de Beyrouth. Le Grand Liban serait-il devenu une simple monnaie d\u2019\u00e9change ?<\/p>\n<p>Tout le monde semble vouloir refaire un nouveau Liban. Mais tout le monde oublie que le Liban n\u2019est pas \u00e0 recr\u00e9er \u00e0 partir de z\u00e9ro. Il est vrai que la crise existentielle a surgi depuis l\u2019accession du Liban \u00e0 l\u2019ordre international en 1840, dans le cadre de la Question d\u2019Orient et de ses grandes man\u0153uvres diplomatiques. Les\u00a0<strong>\u00ab\u00a0autres\u00a0\u00bb\u00a0<\/strong>ne sont cependant pas les seuls responsables de la transformation du Liban en une table de poker. Les libanais eux-m\u00eames assument une lourde responsabilit\u00e9 \u00e0 cause des rivalit\u00e9s que suscite leur f\u00e9odalisme clanique rural qui les pousse \u00e0 se mettre au service de l\u2019\u00e9tranger plut\u00f4t que de se prendre en charge eux-m\u00eames.<\/p>\n<p><strong><u>Crise existentielle libanaise<\/u><\/strong><br \/>\nRien n\u2019illustre mieux ceci que les propos tenus par le Contre-amiral Louis Turpin (1790-1848), commandant la station du Levant, dans un rapport au ministre de la Marine ayant pour objet le Mont-Liban :\u00a0<em>\u00ab\u00a0Il y a trois politiques, la politique fran\u00e7aise, elle s\u2019appuie sur les Catholiques ; ensuite la politique anglaise qu\u2019on pourrait appeler anticatholique, elle s\u2019appuie sur les Druses ; enfin, la politique russe qui n\u2019a d\u2019autre but que de susciter aux Turcs le plus d\u2019embarras possible et d\u2019emp\u00eacher le pays de se constituer fortement ; elle se rallie \u00e0 elle les Grecs schismatiques [\u2026] Les consuls des Puissances europ\u00e9ennes forment \u00e0 Beyrouth un v\u00e9ritable petit congr\u00e8s o\u00f9 se r\u00e8glent et se discutent les affaires de la Montagne\u00a0\u00bb\u00a0<\/em>(1). Ce texte, remarquablement \u00e9loquent, demeure toujours d\u2019actualit\u00e9 en 2023. Les puissances \u00e9trang\u00e8res ne font que servir leurs int\u00e9r\u00eats et non ceux du Liban lui-m\u00eame.<\/p>\n<p>La question actuelle du Liban ne consiste pas \u00e0 d\u00e9chiffrer le contenu de ce \u00ab\u00a0pays-message\u00a0\u00bb, ou \u00e0 \u00e9chafauder le meilleur plan possible pour d\u00e9membrer l\u2019\u00c9tat unitaire afin de compartimenter les groupes sectaires dans des zones \u00e0 identit\u00e9 suffisamment homog\u00e8ne. On est surpris d\u2019entendre certains diplomates insister sur les \u00ab\u00a0droits des chiites\u00a0\u00bb ou d\u2019une autre communaut\u00e9, et tomber ainsi dans le pi\u00e8ge de l\u2019identitarisme sectaire.<\/p>\n<p>De m\u00eame, il est triste de voir certains intellectuels libanais renoncer \u00e0 promouvoir l\u2019\u00e9galit\u00e9 des droits de tout un chacun, et se livrer plut\u00f4t \u00e0 l\u2019\u00e9laboration d\u2019un f\u00e9d\u00e9ralisme qui cache mal le d\u00e9sir d\u2019abandonner le mod\u00e8le libanais patiemment construit depuis un si\u00e8cle. Les projets multiples dont on discute n\u2019ont pratiquement rien \u00e0 voir avec le mod\u00e8le f\u00e9d\u00e9ral suisse, belge ou am\u00e9ricain. Ces projets n\u2019ont pas pour pivot les droits fondamentaux de l\u2019individu-citoyen; ils s\u2019appuient sur le pr\u00e9suppos\u00e9 morbide de l\u2019identit\u00e9 du groupe, con\u00e7ue comme essence invariable au sein de laquelle l\u2019individu est dilu\u00e9.<\/p>\n<p>\u00c0 cause de la responsabilit\u00e9 des libanais eux-m\u00eames, le Grand Liban est aujourd\u2019hui un \u00c9tat qui ne dispose plus de sa volont\u00e9 souveraine. Sous occupation iranienne, par l\u2019interm\u00e9diaire d\u2019une milice libanaise arm\u00e9e, il est affaibli par la propension des libanais \u00e0 s\u2019affilier \u00e0 tel ou tel sponsor \u00e9tranger, conform\u00e9ment \u00e0 ce que rapporte le Contre-amiral L. Turpin:\u00a0<em>\u00ab\u00a0Chaque consul a ses prot\u00e9g\u00e9s dont il veut faire triompher les int\u00e9r\u00eats au d\u00e9triment du reste de la population\u2026 Cette intervention\u2026 entretient dans les diff\u00e9rents groupes de la population des esp\u00e9rances irr\u00e9alisables \u00ab\u00a0<\/em>. Ce texte n\u2019a pas besoin d\u2019explications.<\/p>\n<p><u><strong>Pouvoir, autorit\u00e9 et puissance<\/strong><\/u><br \/>\nLe n\u0153ud gordien du probl\u00e8me libanais ne r\u00e9side pas dans les institutions mais dans les hommes qui, pour la plupart, se distinguent par leur tribalisme f\u00e9odal et leur d\u00e9sir d\u2019all\u00e9geance \u00e0 l\u2019\u00e9tranger qui leur permettrait de dominer l\u2019autre. Le pouvoir au Liban s\u2019identifie avec la personne qui l\u2019exerce. Le\u00a0<strong>pouvoir\u00a0<\/strong>se confond avec\u00a0<strong>l\u2019autorit\u00e9\u00a0<\/strong>du chef ou du leader, dont la volont\u00e9 arbitraire est par nature vexatoire. Gouverner ou diriger signifie d\u00e8s lors dominer, c\u2019est-\u00e0-dire vexer et humilier. Pour cela il faut \u00eatre fort; et on est d\u2019autant plus fort qu\u2019on dispose d\u2019un puissant sponsor \u00e9tranger.<\/p>\n<p>Tout ceci donne du Liban l\u2019image d\u2019une sorte de condominium qui ne dit pas son nom, d\u2019un territoire sous tutelle. Les tuteurs ne manquent pas. Il y a l\u2019Iran bien s\u00fbr, mais beaucoup d\u2019autres \u00e9galement dont la France qui soutient Sleiman Frangi\u00e9, semble-t-il, pour les beaux yeux de T\u00e9h\u00e9ran, ce qui servirait les int\u00e9r\u00eats fran\u00e7ais en Iran.<\/p>\n<p><u><strong>Patrie et Libert\u00e9<\/strong><\/u><br \/>\nQue peut faire le citoyen libanais au milieu de toute cette batterie de chefs \u00e9toil\u00e9s en cuisine g\u00e9opolitique? Son devoir premier est de r\u00e9aliser qu\u2019il est d\u00e9positaire d\u2019un h\u00e9ritage qui n\u2019a pas de prix :\u00a0<strong>la culture de la libert\u00e9<\/strong>. En d\u00e9pit de toute sa trag\u00e9die, le Liban demeure une terre de libert\u00e9 de parole. Tel n\u2019est pas le cas des pays du Moyen Orient qui sont des \u00e9tats policiers malgr\u00e9 leur d\u00e9veloppement \u00e9conomique.<\/p>\n<p>La libert\u00e9 libanaise n\u2019a pas disparu m\u00eame si elle est parfois malmen\u00e9e. C\u2019est cette libert\u00e9 qu\u2019ont voulue les fondateurs du Grand Liban. C\u2019est elle que les libanais doivent pr\u00e9server en criant haut et fort leur all\u00e9geance au Grand Liban, proclam\u00e9 par le G\u00e9n\u00e9ral Gouraud en 1920. Cette construction territoriale inattendue a miraculeusement permis l\u2019apparition d\u2019une oasis de fra\u00eecheur et de libert\u00e9 sous le soleil de l\u2019Orient.<\/p>\n<p>Aller vers un Petit-Liban c\u2019est rentrer dans un ghetto identitaire qui aurait perdu l\u2019universalit\u00e9 de sa raison d\u2019\u00eatre et sombrerait dans les luttes claniques. Aller vers un M\u00e9ga-Liban c\u2019est construire une alliance de minorit\u00e9s sectaires en conflit permanent entre elles. Ce ne sera plus le Liban de la libert\u00e9 qui a seulement besoin, pour vivre dignement, de changer son establishment politique. Tous les outils sont l\u00e0 pour lib\u00e9rer le pays de la mainmise \u00e9trang\u00e8re et aller vers une d\u00e9centralisation intelligente qui ne mettrait pas fin \u00e0 l\u2019\u00c9tat central f\u00e9d\u00e9rateur apparu en 1920.<\/p>\n<p>Pour \u00eatre libanais il faut d\u2019abord le vouloir et renoncer \u00e0 confondre l\u2019identit\u00e9 libanaise avec l\u2019appartenance confessionnelle. Il faut clamer son all\u00e9geance au Grand Liban. Il faut dire\u00a0<strong>NON\u00a0<\/strong>au morcellement identitaire. Il faut renoncer \u00e0 la servilit\u00e9 \u00e0 l\u2019\u00e9gard de l\u2019\u00e9tranger. Il faut surtout \u00eatre conscient de la sacralit\u00e9 inestimable de la libert\u00e9 libanaise. Au milieu de toutes les man\u0153uvres diplomatiques, il faut demeurer fid\u00e8le \u00e0 la patrie libanaise et dire \u00e0 tous les amis du monde :<\/p>\n<p><strong>\u00ab\u00a0Mon ami, aide moi \u00e0 pr\u00e9server ma patrie. Mon pote \u2026 touche pas \u00e0 mon pays\u00a0\u00bb.\u00a0<\/strong><\/p>\n<p>acourban@gmail.com<\/p>\n","protected":false},"excerpt":{"rendered":"<p>De crise existentielle en crise existentielle, le Liban ne cesse de voir son sort se d\u00e9cider hors du sol national. Les citoyens \u00e9voquent les conf\u00e9rences multinationales portant sur le Liban comme si elles sont la chose la plus naturelle au monde. Ils esp\u00e8rent qu\u2019un lapin finira par sortir du chapeau des magiciens du monde, au<\/p>\n","protected":false},"author":33,"featured_media":104785,"comment_status":"open","ping_status":"open","sticky":false,"template":"","format":"standard","meta":{"_uf_show_specific_survey":0,"_uf_disable_surveys":false,"footnotes":""},"categories":[],"tags":[],"class_list":["post-104781","post","type-post","status-publish","format-standard","has-post-thumbnail"],"aioseo_notices":[],"_links":{"self":[{"href":"https:\/\/middleeasttransparent.com\/fr\/wp-json\/wp\/v2\/posts\/104781","targetHints":{"allow":["GET"]}}],"collection":[{"href":"https:\/\/middleeasttransparent.com\/fr\/wp-json\/wp\/v2\/posts"}],"about":[{"href":"https:\/\/middleeasttransparent.com\/fr\/wp-json\/wp\/v2\/types\/post"}],"author":[{"embeddable":true,"href":"https:\/\/middleeasttransparent.com\/fr\/wp-json\/wp\/v2\/users\/33"}],"replies":[{"embeddable":true,"href":"https:\/\/middleeasttransparent.com\/fr\/wp-json\/wp\/v2\/comments?post=104781"}],"version-history":[{"count":0,"href":"https:\/\/middleeasttransparent.com\/fr\/wp-json\/wp\/v2\/posts\/104781\/revisions"}],"wp:featuredmedia":[{"embeddable":true,"href":"https:\/\/middleeasttransparent.com\/fr\/wp-json\/wp\/v2\/media\/104785"}],"wp:attachment":[{"href":"https:\/\/middleeasttransparent.com\/fr\/wp-json\/wp\/v2\/media?parent=104781"}],"wp:term":[{"taxonomy":"category","embeddable":true,"href":"https:\/\/middleeasttransparent.com\/fr\/wp-json\/wp\/v2\/categories?post=104781"},{"taxonomy":"post_tag","embeddable":true,"href":"https:\/\/middleeasttransparent.com\/fr\/wp-json\/wp\/v2\/tags?post=104781"}],"curies":[{"name":"wp","href":"https:\/\/api.w.org\/{rel}","templated":true}]}}