{"id":104650,"date":"2023-04-01T21:00:17","date_gmt":"2023-04-01T20:00:17","guid":{"rendered":"https:\/\/middleeasttransparent.com\/?p=104650"},"modified":"2023-04-01T21:01:09","modified_gmt":"2023-04-01T20:01:09","slug":"en-dix-ans-le-port-du-voile-chez-les-femmes-musulmanes-a-explose","status":"publish","type":"post","link":"https:\/\/middleeasttransparent.com\/fr\/en-dix-ans-le-port-du-voile-chez-les-femmes-musulmanes-a-explose\/","title":{"rendered":"En dix ans, le port du voile chez les femmes musulmanes a explos\u00e9"},"content":{"rendered":"<header class=\"header-article\">\n<figure>\n<div>\n<div>\n<h3><span style=\"color: #666699;\">C\u2019EST la deuxi\u00e8me fois en dix ans que deux organismes de l\u2019\u00c9tat fran\u00e7ais, l\u2019Institut national de la statistique et des \u00e9tudes \u00e9conomiques (Insee) et l\u2019Institut national d\u2019\u00e9tudes d\u00e9mographiques (Ined), livrent une analyse sur l\u2019\u00e9volution des religions en France.<\/span><\/h3>\n<p>&nbsp;<\/p>\n<\/div>\n<div><\/div>\n<div>\n<div><\/div>\n<div>La premi\u00e8re enqu\u00eate, \u00ab Trajectoires et origines \u00bb sur la population immigr\u00e9e de premi\u00e8re et de seconde g\u00e9n\u00e9ration, avait \u00e9t\u00e9 men\u00e9e de 2008 \u00e0 2009. Elle est d\u00e9sormais compl\u00e9t\u00e9e par une seconde du m\u00eame nom, conduite cette fois de 2019 \u00e0 2020. Ces \u00e9tudes permettent de saisir les \u00e9volutions du champ religieux fran\u00e7ais, un sujet qui attise toujours les passions.<\/div>\n<div><\/div>\n<div><\/div>\n<\/div>\n<div><\/div>\n<\/div>\n<\/figure>\n<\/header>\n<section id=\"section-article\">\n<div id=\"section-articleContent\">\n<p>&nbsp;<\/p>\n<p class=\"article_element paragraph\"><strong>Premier enseignement\u00a0: le port du voile par les femmes musulmanes est en constante hausse, avec une progression de 55\u00a0% en dix ans.<\/strong> Entre 18 et 49\u00a0ans, la part de celles qui le portent est pass\u00e9e de 18\u00a0% \u00e0 28\u00a0%. C\u2019est dans les populations d\u2019origine subsaharienne que cette pratique a le plus progress\u00e9, ayant plus que doubl\u00e9 (de 12\u00a0% \u00e0 28\u00a0%). Plus g\u00e9n\u00e9ralement, \u00ab\u00a026\u00a0% des femmes musulmanes \u00e2g\u00e9es de 18 \u00e0 49\u00a0ans disent porter un voile\u00a0\u00bb note l\u2019\u00e9tude. Et d\u2019ajouter\u00a0: \u00ab\u00a0C\u2019est parmi les 25-34\u00a0ans que cette pratique est la plus r\u00e9pandue pour les descendantes d\u2019immigr\u00e9s.\u00a0\u00bb<\/p>\n<p class=\"article_element paragraph\"><strong>Second enseignement<\/strong>\u00a0: entre 18 et 59\u00a0ans &#8211;\u00a0le p\u00e9rim\u00e8tre de l\u2019\u00e9tude est limit\u00e9 \u00e0 cette classe d\u2019\u00e2ge\u00a0-, le nombre de musulmans en France est estim\u00e9 \u00e0 \u00ab\u00a010\u00a0%\u00a0\u00bb de la population fran\u00e7aise.En extrapolant ce chiffre \u00e0 l\u2019ensemble de la population, il y aurait environ 6,77\u00a0millions de musulmans dans le pays. Un chiffre qui \u00ab\u00a0consolide\u00a0\u00bb la deuxi\u00e8me place de l\u2019islam parmi les religions en France, assure l\u2019\u00e9tude. Une religion en \u00ab\u00a0progression\u00a0\u00bb. Le nombre des musulmans en France est toujours un sujet de pol\u00e9mique. Et pour cause, selon les \u00e9tudes, il peut varier du simple au double. \u00c0 noter, donc, que ces chiffres sont bas\u00e9s sur les r\u00e9ponses de 27\u00a0200\u00a0personnes interrog\u00e9es, \u00ab\u00a0se d\u00e9clarant\u00a0\u00bb de telle ou telle religion. Malgr\u00e9 les \u00e9cueils, c\u2019est la premi\u00e8re fois qu\u2019un document officiel livre ce chiffre de \u00ab\u00a010\u00a0%\u00a0\u00bb de musulmans en France.<\/p>\n<p class=\"article_element paragraph\"><strong>Troisi\u00e8me enseignement<\/strong>\u00a0: l\u2019\u00e9tude souligne une \u00ab\u00a0d\u00e9saffiliation religieuse\u00a0\u00bb en cours depuis dix ans dans notre pays, avec une \u00ab\u00a0poursuite du mouvement de s\u00e9cularisation\u00a0\u00bb au d\u00e9triment des religions. Ainsi, 51\u00a0% de la population des 19-59\u00a0ans d\u00e9clare \u00ab\u00a0ne pas avoir de religion\u00a0\u00bb. Un chiffre qui serait \u00ab\u00a0en augmentation depuis dix ans\u00a0\u00bb.<\/p>\n<p class=\"article_element paragraph\">Mais cette affirmation est nuanc\u00e9e par plusieurs \u00e9l\u00e9ments de l\u2019\u00e9tude. Environ un quart seulement (entre 19\u00a0% et 26\u00a0%) des personnes immigr\u00e9es ou issues de l\u2019immigration se tiennent \u00e0 distance de la religion, soit moiti\u00e9 moins que la population de souche.<\/p>\n<p class=\"article_element paragraphTitle\"><strong>Le r\u00f4le de la famille<\/strong><\/p>\n<p class=\"article_element paragraph\">\u00c0 ce titre, l\u2019analyse reconna\u00eet que \u00ab\u00a0la place de la religion dans l\u2019identit\u00e9 des personnes\u00a0\u00bb varie selon la religion d\u2019appartenance\u00a0: \u00ab\u00a0Elle est nettement plus grande pour les juifs (54\u00a0%) et les musulmans (30\u00a0%) que pour les catholiques (6\u00a0%)\u00a0\u00bb. En dix ans, ce chiffre mesurant l\u2019\u00ab\u00a0importance\u00a0\u00bb de la religion dans l\u2019\u00ab\u00a0identit\u00e9\u00a0\u00bb, est encore en baisse chez les catholiques, o\u00f9 il est pass\u00e9 de 8\u00a0% \u00e0 6\u00a0%. En l\u00e9g\u00e8re baisse chez les musulmans, aussi, en passant de 33\u00a0% \u00e0 30\u00a0%, mais en hausse chez les juifs o\u00f9 il progresse de 46\u00a0% \u00e0 54\u00a0%. Le facteur de la transmission de la religion en famille joue un r\u00f4le d\u00e9cisif, poursuit l\u2019\u00e9tude\u00a0: 91\u00a0% des familles musulmanes insistent pour transmettre leur foi \u00e0 leurs enfants, 84\u00a0% des familles juives, 67\u00a0% des familles \u00adcatholiques.<\/p>\n<p class=\"article_element paragraph\"><strong>Quatri\u00e8me enseignement<\/strong>\u00a0: il est toujours p\u00e9rilleux de mettre sur le m\u00eame plan des pratiques religieuses qui n\u2019ont parfois rien \u00e0 voir entre elles, sinon la croyance en un principe divin. Ainsi, 6\u00a0% de fran\u00e7ais non issus de l\u2019immigration disent se rendre \u00ab\u00a0r\u00e9guli\u00e8rement\u00a0\u00bb \u00e0 la messe. Mais 15\u00a0% des immigr\u00e9s catholiques d\u2019origine portugaise, espagnole ou italienne s\u2019y rendent, quand 24\u00a0% des catholiques ultramarins (originaires des DOM-TOM) pratiquent r\u00e9guli\u00e8rement, un chiffre qui atteint les 55\u00a0% pour les immigr\u00e9s catholiques issus d\u2019Afrique centrale. Pour ce qui est des musulmans, ils ne sont que 20\u00a0% \u00e0 se rendre r\u00e9guli\u00e8rement \u00e0 la mosqu\u00e9e &#8211;\u00a010\u00a0% des femmes seulement. En revanche les trois quarts des musulmans, 75\u00a0%, respectent le je\u00fbne du ramadan.<\/p>\n<p class=\"article_element paragraphTitle\"><strong>55\u00a0%<\/strong><\/p>\n<p class=\"article_element paragraph\"><strong>du port du voile chez les femmes musulmanes au cours des\u00a010\u00a0derni\u00e8res ann\u00e9es<\/strong><\/p>\n<\/div>\n<\/section>\n<p><a href=\"https:\/\/www.lefigaro.fr\/actualite-france\/en-dix-ans-le-port-du-voile-chez-les-femmes-musulmanes-a-explose-20230330\">Le Figaro<\/a><\/p>\n","protected":false},"excerpt":{"rendered":"<p>C\u2019EST la deuxi\u00e8me fois en dix ans que deux organismes de l\u2019\u00c9tat fran\u00e7ais, l\u2019Institut national de la statistique et des \u00e9tudes \u00e9conomiques (Insee) et l\u2019Institut national d\u2019\u00e9tudes d\u00e9mographiques (Ined), livrent une analyse sur l\u2019\u00e9volution des religions en France. &nbsp; La premi\u00e8re enqu\u00eate, \u00ab Trajectoires et origines \u00bb sur la population immigr\u00e9e de premi\u00e8re et de<\/p>\n","protected":false},"author":499,"featured_media":104656,"comment_status":"open","ping_status":"open","sticky":false,"template":"","format":"standard","meta":{"_uf_show_specific_survey":0,"_uf_disable_surveys":false,"footnotes":""},"categories":[22],"tags":[],"class_list":{"0":"post-104650","1":"post","2":"type-post","3":"status-publish","4":"format-standard","5":"has-post-thumbnail","7":"category-actualites-fr"},"aioseo_notices":[],"_links":{"self":[{"href":"https:\/\/middleeasttransparent.com\/fr\/wp-json\/wp\/v2\/posts\/104650","targetHints":{"allow":["GET"]}}],"collection":[{"href":"https:\/\/middleeasttransparent.com\/fr\/wp-json\/wp\/v2\/posts"}],"about":[{"href":"https:\/\/middleeasttransparent.com\/fr\/wp-json\/wp\/v2\/types\/post"}],"author":[{"embeddable":true,"href":"https:\/\/middleeasttransparent.com\/fr\/wp-json\/wp\/v2\/users\/499"}],"replies":[{"embeddable":true,"href":"https:\/\/middleeasttransparent.com\/fr\/wp-json\/wp\/v2\/comments?post=104650"}],"version-history":[{"count":0,"href":"https:\/\/middleeasttransparent.com\/fr\/wp-json\/wp\/v2\/posts\/104650\/revisions"}],"wp:featuredmedia":[{"embeddable":true,"href":"https:\/\/middleeasttransparent.com\/fr\/wp-json\/wp\/v2\/media\/104656"}],"wp:attachment":[{"href":"https:\/\/middleeasttransparent.com\/fr\/wp-json\/wp\/v2\/media?parent=104650"}],"wp:term":[{"taxonomy":"category","embeddable":true,"href":"https:\/\/middleeasttransparent.com\/fr\/wp-json\/wp\/v2\/categories?post=104650"},{"taxonomy":"post_tag","embeddable":true,"href":"https:\/\/middleeasttransparent.com\/fr\/wp-json\/wp\/v2\/tags?post=104650"}],"curies":[{"name":"wp","href":"https:\/\/api.w.org\/{rel}","templated":true}]}}