{"id":104632,"date":"2023-04-01T14:46:27","date_gmt":"2023-04-01T13:46:27","guid":{"rendered":"https:\/\/middleeasttransparent.com\/?p=104632"},"modified":"2023-04-01T14:46:27","modified_gmt":"2023-04-01T13:46:27","slug":"les-statisticiens-de-linsee-montrent-la-part-grandissante-de-limmigration-en-france","status":"publish","type":"post","link":"https:\/\/middleeasttransparent.com\/fr\/les-statisticiens-de-linsee-montrent-la-part-grandissante-de-limmigration-en-france\/","title":{"rendered":"Les statisticiens de l\u2019Insee montrent la part grandissante de l\u2019immigration en France"},"content":{"rendered":"<header class=\"header-article\">\n<figure>\n<div>\n<div>\n<div><\/div>\n<\/div>\n<\/div><figcaption id=\"figcaption\">\n<p class=\"h2 title darkTitle\"><span style=\"color: #0000ff;\"><strong><span style=\"font-size: 14px;\">\u00a0Jean-Marc Leclerc<\/span><\/strong><\/span><\/p>\n<\/figcaption><\/figure>\n<\/header>\n<section id=\"section-article\">\n<div id=\"section-articleContent\">\n<h2><strong><span style=\"color: #666699;\">Le nombre d\u2019immigr\u00e9s ne cesse de\u00a0cro\u00eetre. Un habitant sur trois a d\u00e9sormais un lien avec l\u2019immigration.<\/span><\/strong><\/h2>\n<p>&nbsp;<\/p>\n<h3><span style=\"color: #666699;\">IMMIGRATION\u00a0 \u00a0 \u00a0 \u00a0 \u00a0 \u00a0 \u00a0 \u00a0 \u00a0 \u00a0 \u00a0 \u00a0 \u00a0 \u00a0 \u00a0 \u00a0 Deux cents pages de synth\u00e8ses et graphiques\u2026 \u00c0 l\u2019heure o\u00f9 l\u2019ex\u00e9cutif annonce vouloir tron\u00e7onner sa future loi sur l\u2019immigration, le dernier panorama de l\u2019Institut national de la statistique et des \u00e9tudes \u00e9conomiques (Insee) sur les \u00ab immigr\u00e9s et descendants d\u2019immigr\u00e9s en France \u00bb a vocation \u00e0 livrer des \u00ab informations objectives pour alimenter le d\u00e9bat \u00bb. Les statisticiens du gouvernement ont arr\u00eat\u00e9 leurs comptes \u00e0 2021 (l\u2019ann\u00e9e 2022 ne ferait, de toute fa\u00e7on, qu\u2019accentuer les tendances). Voici ce que contient notamment ce document :<\/span><\/h3>\n<p>&nbsp;<\/p>\n<p class=\"article_element paragraph\">La population totale en France s\u2019\u00e9tablissait en 2021 \u00e0 67,6\u00a0millions d\u2019habitants. Au sein de cet ensemble, la part des immigr\u00e9s (personnes n\u00e9es \u00e0 l\u2019\u00e9tranger et r\u00e9sidant sur le territoire) repr\u00e9sentait 10,3\u00a0%, soit 6,9\u00a0millions d\u2019individus. Cette proportion \u00e9tait de 6,5\u00a0% en 1968 et \u00ab\u00a0autour de 7,4\u00a0% de 1975 \u00e0 la fin des ann\u00e9es 1990\u00a0\u00bb. Une stabilisation alors li\u00e9e au ralentissement de l\u2019immigration de travail. \u00ab\u00a0Depuis le d\u00e9but des ann\u00e9es 2000, le nombre d\u2019immigr\u00e9s cro\u00eet \u00e0 nouveau \u00e0 un rythme soutenu, tandis que les origines se diversifient\u00a0\u00bb, constatent les statisticiens. Ils indiquent qu\u2019\u00ab\u00a0entre 1999 et 2021, le nombre d\u2019immigr\u00e9s a \u00e9t\u00e9 multipli\u00e9 par 1,6 tandis que la population totale a \u00e9t\u00e9 multipli\u00e9e par 1,1\u00a0\u00bb. Ils notent que \u00ab\u00a0la population immigr\u00e9e est aujourd\u2019hui plus f\u00e9minis\u00e9e\u00a0: 52\u00a0% des immigr\u00e9s vivant en France en 2021 sont des femmes contre 44\u00a0% en 1968\u00a0\u00bb. Pr\u00e9cision\u00a0: \u00ab\u00a0Les immigr\u00e9s, qui sont n\u00e9s de nationalit\u00e9 \u00e9trang\u00e8re \u00e0 l\u2019\u00e9tranger, conservent le statut d\u2019immigr\u00e9 m\u00eame s\u2019ils acqui\u00e8rent la nationalit\u00e9 fran\u00e7aise, ce qui est le cas de 2,5\u00a0millions d\u2019entre eux (soit 36\u00a0%)\u00a0\u00bb.<\/p>\n<p class=\"article_element paragraph\">La moiti\u00e9 de la population immigr\u00e9e r\u00e9side dans 13 d\u00e9partements, contre 23 pour la moiti\u00e9 de la population dans son ensemble. Selon l\u2019Insee, \u00ab\u00a020\u00a0% de la population parisienne est immigr\u00e9e\u00a0\u00bb et cette proportion atteint \u00ab\u00a033\u00a0% en Seine-Saint-Denis\u00a0\u00bb. Par ailleurs, 37\u00a0% des immigr\u00e9s habitent en \u00cele-de-France, qui rassemble 18\u00a0% de l\u2019ensemble de la population. \u00ab\u00a0Alors que les immigr\u00e9s et descendants d\u2019immigr\u00e9s d\u2019origine portugaise et africaine vivent principalement en \u00cele-de-France, les immigr\u00e9s italiens et leurs descendants habitent fr\u00e9quemment \u00e0 proximit\u00e9 de la fronti\u00e8re italienne (r\u00e9gion Provence-Alpes-C\u00f4te d\u2019Azur), de m\u00eame que les immigr\u00e9s espagnols et leurs descendants \u00e0 la fronti\u00e8re espagnole (r\u00e9gion Occitanie). Les immigr\u00e9s et descendants d\u2019immigr\u00e9s d\u2019origine maghr\u00e9bine sont davantage pr\u00e9sents dans le sillon rhodanien et en r\u00e9gion Provence-Alpes-C\u00f4te d\u2019Azur\u00a0\u00bb. Sans surprise.<\/p>\n<p class=\"article_element paragraphTitle\"><strong>De plus en plus d\u2019Africains s\u2019installent sur le territoire\u00a0<\/strong><\/p>\n<p class=\"article_element paragraph\">Selon l\u2019Insee, \u00ab\u00a0en 2019, 272\u00a0000 immigr\u00e9s sont arriv\u00e9s en France pour une dur\u00e9e d\u2019au moins un an. Parmi eux, 41\u00a0% viennent d\u2019Afrique\u00a0\u00bb, or les ressortissants de ce continent repr\u00e9sentaient 31\u00a0% des arriv\u00e9es d\u2019\u00e9trangers en 2009. En dix ans, ceux issus du Maghreb sont pass\u00e9s de 17\u00a0% \u00e0 21\u00a0% et ceux des autres pays d\u2019Afrique de 14\u00a0% \u00e0 20\u00a0%. Par ailleurs, en 2019, 33\u00a0% des nouveaux arrivants \u00e9taient natifs d\u2019Europe, 15\u00a0% d\u2019Asie et 11\u00a0% d\u2019Am\u00e9rique et d\u2019Oc\u00e9anie. La moiti\u00e9 des immigr\u00e9s arriv\u00e9s cette ann\u00e9e-l\u00e0 ont moins de 26\u00a0ans et 43\u00a0% de ceux \u00e2g\u00e9s de 15\u00a0ans ou plus sont dipl\u00f4m\u00e9s de l\u2019enseignement sup\u00e9rieur. Les jeunes sont plus instruits que leurs a\u00een\u00e9s.<\/p>\n<p class=\"article_element paragraphTitle\"><strong>La vague \u00e9tudiante devance l\u2019immigration familiale\u00a0<\/strong><\/p>\n<p class=\"article_element paragraph\">\u00ab\u00a0En 2007, plus de la moiti\u00e9 (51\u00a0%) des premiers titres de s\u00e9jour d\u00e9livr\u00e9s \u00e0 des ressortissants de pays tiers, toutes dur\u00e9es confondues, l\u2019\u00e9tait pour motif familial. Ils ne sont plus que 32\u00a0% en 2021\u00a0\u00bb, affirme l\u2019Insee. Cet organisme rappelle qu\u2019une nouvelle immigration de travail a \u00e9t\u00e9 favoris\u00e9e depuis le milieu des ann\u00e9es 2000. Autre\u00adexplication avanc\u00e9e\u00a0: la mont\u00e9e de la demande d\u2019asile et la circu\u00adlation croissante des \u00e9tudiants. En\u00a02021, l\u2019immigration \u00e9tudiante repr\u00e9sente pour la premi\u00e8re fois le\u00a0premier motif de venue en\u00a0France pour les ressortissants de pays tiers b\u00e9n\u00e9ficiant d\u2019un titre de s\u00e9jour (87\u00a0700 premiers titres\u00a0de s\u00e9jour d\u00e9livr\u00e9s pour ce motif), l\u00e9g\u00e8rement devant l\u2019immigration familiale (85\u00a0800 premiers titres).<\/p>\n<p class=\"article_element paragraphTitle\"><strong>Un tiers de la population a un lien avec l\u2019immigration\u00a0<\/strong><\/p>\n<p class=\"article_element paragraph\">Selon Sylvie Le Minez, de l\u2019Insee, \u00ab\u00a0un tiers de la population fran\u00e7aise a un lien avec l\u2019immigration sur trois g\u00e9n\u00e9rations\u00a0\u00bb. De fait, \u00e0 c\u00f4t\u00e9 des quelque 7\u00a0millions d\u2019immigr\u00e9s recens\u00e9s, les statisticiens mettent en relief le cas des descendants d\u2019immigr\u00e9s. D\u2019abord ceux de la deuxi\u00e8me g\u00e9n\u00e9ration (37\u00a0% ont moins de 18\u00a0ans), c\u2019est-\u00e0-dire des personnes n\u00e9es en France d\u2019au moins un parent immigr\u00e9. Ceux-l\u00e0 repr\u00e9sentent 7,3\u00a0millions de personnes, soit 10,9\u00a0% de la population totale de la France. Ensuite, les petits-enfants d\u2019immigr\u00e9s. L\u00e0, l\u2019Insee pr\u00e9cise que \u00ab\u00a010,2\u00a0% des personnes de moins de 60\u00a0ans (soit 4,8\u00a0millions de personnes) sont des descendants d\u2019immigr\u00e9s de troisi\u00e8me g\u00e9n\u00e9ration\u00a0\u00bb. Ces trois composantes li\u00e9es entre elles repr\u00e9sentent ainsi plus de 19\u00a0millions de personnes, dont l\u2019essentiel se concentre donc dans les agglom\u00e9rations et les d\u00e9partements frontaliers. Ces chiffres n\u2019int\u00e8grent pas Mayotte, o\u00f9 l\u2019immigration clandestine explose.<\/p>\n<p class=\"article_element paragraphTitle\"><strong>Le poids de l\u2019histoire explique les scores fran\u00e7ais\u00a0<\/strong><\/p>\n<p class=\"article_element paragraph\">Concernant la part des personnes n\u00e9es \u00e0 l\u2019\u00e9tranger dans l\u2019ensemble de la population des pays de l\u2019Union europ\u00e9enne, l\u2019Insee rel\u00e8ve que la France (12,8\u00a0%) se situe dans la moyenne europ\u00e9enne (12,4\u00a0% pour l\u2019UE \u00e0 27 pays), derri\u00e8re l\u2019Allemagne ou l\u2019Espagne, et devant l\u2019Italie. Mais ses statisticiens n\u2019omettent pas d\u2019\u00e9clairer \u00e9galement le poids des descendants de deuxi\u00e8me g\u00e9n\u00e9ration. \u00ab\u00a0La part de personnes vivant en France ayant au moins un parent n\u00e9 \u00e0 l\u2019\u00e9tranger est l\u2019une des plus \u00e9lev\u00e9es parmi les pays europ\u00e9ens, compte tenu de l\u2019anciennet\u00e9 de son histoire migratoire\u00a0\u00bb, \u00e9crivent-ils. Selon eux, \u00ab\u00a0en 2021, 12,9\u00a0% des personnes \u00e2g\u00e9es de 15 \u00e0 74\u00a0ans vivant en France ont au moins un parent n\u00e9 \u00e0 l\u2019\u00e9tranger, contre 7,1\u00a0% en moyenne pour les pays de l\u2019UE \u00e0 27\u00a0\u00bb. L\u2019Insee insiste sur la \u00ab\u00a0mixit\u00e9 des unions au fil des g\u00e9n\u00e9rations\u00a0\u00bb. Ce n\u2019est peut-\u00eatre pas le \u00ab\u00a0grand remplacement\u00a0\u00bb que ses experts d\u00e9peignent mais, \u00e0 coup s\u00fbr, un grand brassage.<\/p>\n<p><a href=\"https:\/\/www.lefigaro.fr\/actualite-france\/la-part-de-l-immigration-augmente-partout-en-france-20230330\">Le Figaro<\/a><\/p>\n<\/div>\n<\/section>\n","protected":false},"excerpt":{"rendered":"<p>\u00a0Jean-Marc Leclerc Le nombre d\u2019immigr\u00e9s ne cesse de\u00a0cro\u00eetre. Un habitant sur trois a d\u00e9sormais un lien avec l\u2019immigration. &nbsp; IMMIGRATION\u00a0 \u00a0 \u00a0 \u00a0 \u00a0 \u00a0 \u00a0 \u00a0 \u00a0 \u00a0 \u00a0 \u00a0 \u00a0 \u00a0 \u00a0 \u00a0 Deux cents pages de synth\u00e8ses et graphiques\u2026 \u00c0 l\u2019heure o\u00f9 l\u2019ex\u00e9cutif annonce vouloir tron\u00e7onner sa future loi sur l\u2019immigration, le<\/p>\n","protected":false},"author":152,"featured_media":104635,"comment_status":"open","ping_status":"open","sticky":false,"template":"","format":"standard","meta":{"_uf_show_specific_survey":0,"_uf_disable_surveys":false,"footnotes":""},"categories":[37],"tags":[],"class_list":{"0":"post-104632","1":"post","2":"type-post","3":"status-publish","4":"format-standard","5":"has-post-thumbnail","7":"category-alaune-fr"},"aioseo_notices":[],"_links":{"self":[{"href":"https:\/\/middleeasttransparent.com\/fr\/wp-json\/wp\/v2\/posts\/104632","targetHints":{"allow":["GET"]}}],"collection":[{"href":"https:\/\/middleeasttransparent.com\/fr\/wp-json\/wp\/v2\/posts"}],"about":[{"href":"https:\/\/middleeasttransparent.com\/fr\/wp-json\/wp\/v2\/types\/post"}],"author":[{"embeddable":true,"href":"https:\/\/middleeasttransparent.com\/fr\/wp-json\/wp\/v2\/users\/152"}],"replies":[{"embeddable":true,"href":"https:\/\/middleeasttransparent.com\/fr\/wp-json\/wp\/v2\/comments?post=104632"}],"version-history":[{"count":0,"href":"https:\/\/middleeasttransparent.com\/fr\/wp-json\/wp\/v2\/posts\/104632\/revisions"}],"wp:featuredmedia":[{"embeddable":true,"href":"https:\/\/middleeasttransparent.com\/fr\/wp-json\/wp\/v2\/media\/104635"}],"wp:attachment":[{"href":"https:\/\/middleeasttransparent.com\/fr\/wp-json\/wp\/v2\/media?parent=104632"}],"wp:term":[{"taxonomy":"category","embeddable":true,"href":"https:\/\/middleeasttransparent.com\/fr\/wp-json\/wp\/v2\/categories?post=104632"},{"taxonomy":"post_tag","embeddable":true,"href":"https:\/\/middleeasttransparent.com\/fr\/wp-json\/wp\/v2\/tags?post=104632"}],"curies":[{"name":"wp","href":"https:\/\/api.w.org\/{rel}","templated":true}]}}