{"id":104607,"date":"2023-03-30T20:15:33","date_gmt":"2023-03-30T19:15:33","guid":{"rendered":"https:\/\/middleeasttransparent.com\/?p=104607"},"modified":"2023-03-30T20:19:43","modified_gmt":"2023-03-30T19:19:43","slug":"sonia-backes-lislam-politique-veut-mettre-la-republique-a-genoux","status":"publish","type":"post","link":"https:\/\/middleeasttransparent.com\/fr\/sonia-backes-lislam-politique-veut-mettre-la-republique-a-genoux\/","title":{"rendered":"Sonia Back\u00e8s\u00a0: \u00ab\u00a0L\u2019islam politique veut mettre la R\u00e9publique \u00e0 genoux\u00a0\u00bb"},"content":{"rendered":"<section id=\"app_content\">\n<div id=\"article_component\" class=\"\">\n<div id=\"articleReader\">\n<header id=\"articleHeader\">\n<div id=\"articleHeader-content\">\n<div id=\"articleHeader-left\"><\/div>\n<\/div>\n<\/header>\n<\/div>\n<\/div>\n<div>\n<div class=\"related_articles_container\">\n<div class=\"related_articles\">\n<div class=\"articleCardBig-content\">\n<div class=\"articleCardBig-content-infos\">\n<div data-v-e6f9648a=\"\">\n<header class=\"header-article\">\n<figure>\n<div>\n<div>\n<div><\/div>\n<\/div>\n<\/div><figcaption id=\"figcaption\">\n<h1 class=\"h2 title darkTitle\"><\/h1>\n<\/figcaption><div id=\"hero_infos\">\n<div id=\"hero_infos-content\">\n<div class=\"timeReading darkTimeReading\"><span style=\"color: #0000ff;\"><strong>Jean Chichizola Christophe Cornevin<\/strong><\/span><\/div>\n<\/div>\n<\/div>\n<div id=\"primeImage\"><\/div>\n<\/figure>\n<\/header>\n<div id=\"issue-bloc\">\n<div><\/div>\n<\/div>\n<section id=\"section-article\">\n<div id=\"section-articleContent\">\n<p><strong>Dix-huit mois apr\u00e8s la promulgation de la loi contre le s\u00e9paratisme, la secr\u00e9taire d\u2019\u00c9tat \u00e0 la Citoyennet\u00e9 d\u00e9voile en exclusivit\u00e9 le premier bilan d\u2019une lutte qui ne fait que commencer.<\/strong><\/p>\n<\/div>\n<p>&nbsp;<\/p>\n<div id=\"section-articleContent\">\n<p class=\"article_element paragraph\">LE 2 OCTOBRE 2020, dans son discours des Mureaux, Emmanuel Macron avait d\u00e9clar\u00e9 la guerre au repli communautaire. Le Figaro en r\u00e9v\u00e8le les premiers r\u00e9sultats.<\/p>\n<p>&nbsp;<\/p>\n<p class=\"article_element paragraph\"><strong>LE FIGARO. &#8211; Dix-huit mois apr\u00e8s la promulgation de la loi s\u00e9paratisme en ao\u00fbt 2021, nombre de cit\u00e9s semblent encore gangren\u00e9es par l\u2019islam radical. N\u2019avez-vous pas l\u2019impression que les islamistes remportent la bataille sur le terrain\u00a0?<\/strong><\/p>\n<p class=\"article_element paragraph\">Sonia BACKES. &#8211; Le discours des Mureaux et la loi s\u00e9paratisme qui en a d\u00e9coul\u00e9 nous ont fait changer d\u2019\u00e9chelle. Jusqu\u2019alors, dans le triangle s\u00e9paratisme-radicalisation-terrorisme, on se concentrait surtout sur le terrorisme. Nous pouvons \u00e0 pr\u00e9sent nous attaquer \u00e0 la base du probl\u00e8me. Le s\u00e9paratisme nourrit les individus radicalis\u00e9s qui nourrissent le terrorisme. La loi confortant le respect des principes de la R\u00e9publique a permis de d\u00e9sinhiber l\u2019administration et de lui donner des outils pour s\u2019attaquer \u00e0 tout ce qui fait le lit du s\u00e9paratisme, du financement aux associations, de l\u2019\u00e9cole \u00e0 la famille ou au web. Il y a un v\u00e9ritable r\u00e9veil r\u00e9publicain.<\/p>\n<p class=\"article_element paragraph\">La R\u00e9publique n\u2019avait pas les outils adapt\u00e9s pour lutter. Un verrou psychologique et administratif a saut\u00e9. Ainsi, depuis le vote de la loi et la prise des d\u00e9crets d\u2019application, plus de 3\u00a0000 contr\u00f4les ont \u00e9t\u00e9 effectu\u00e9s sur le territoire national, 187 \u00e9tablissements ont \u00e9t\u00e9 ferm\u00e9s temporairement ou d\u00e9finitivement et 8\u00a0millions d\u2019euros ont \u00e9t\u00e9 redress\u00e9s ou recouvr\u00e9s. On constate enfin que, dans les mosqu\u00e9es, les pr\u00eaches radicaux se font plus rares car les islamistes savent qu\u2019ils ne peuvent plus le faire impun\u00e9ment. \u00c0 partir du moment o\u00f9 il y a de moins en moins de discours frontalement antir\u00e9publicains, nous devons aussi \u00e9voluer en visant des discours s\u00e9paratistes plus subtils, des attitudes plus discr\u00e8tes, mais qui ne sont pas moins dangereux. C\u2019est d\u2019ailleurs une attente de l\u2019immense majorit\u00e9 de nos concitoyens de confession musulmane qui veulent pouvoir vivre sereinement leur foi. La loi a ainsi cr\u00e9\u00e9 une clause \u00ab\u00a0anti-putsch\u00a0\u00bb qui permet d\u2019\u00e9viter le noyautage des associations par des extr\u00e9mistes. Notre adversaire est l\u2019islam politique. Ce dernier n\u2019a qu\u2019un projet\u00a0: l\u2019\u00e9tablissement d\u2019un r\u00e9gime th\u00e9ocratique apr\u00e8s avoir mis la R\u00e9publique \u00e0 genoux.<\/p>\n<p class=\"article_element paragraph\"><strong>En octobre 2020, Emmanuel Macron martelait que \u00ab\u00a0l\u2019\u00e9cole doit redevenir un creuset r\u00e9publicain\u00a0\u00bb. Que fait l\u2019\u00c9tat pour endiguer les extr\u00e9mistes religieux qui continuent \u00e0 infiltrer les \u00e9tablissements hors contrat\u00a0?<\/strong><\/p>\n<p class=\"article_element paragraph\">Fille d\u2019immigr\u00e9s et de professeurs, je suis tr\u00e8s attach\u00e9e \u00e0 cette question de l\u2019\u00e9cole comme creuset de la nation et comme le lieu o\u00f9 l\u2019on s\u2019adresse aux plus jeunes. Or cette lutte contre le s\u00e9paratisme ne donnera pas seulement des r\u00e9sultats sur un, deux ou trois ans. Les graines que nous plantons aujourd\u2019hui, nous en verrons les effets dans une g\u00e9n\u00e9ration. Il y a des r\u00e9sultats rapides et tr\u00e8s concrets et d\u2019autres seront plus lents comme pour l\u2019\u00e9cole. <strong>Ce que l\u2019on a laiss\u00e9 faire pendant trop longtemps<\/strong> nous a amen\u00e9s au s\u00e9paratisme, \u00e0 la radicalisation et au terrorisme. Tr\u00e8s concr\u00e8tement, la loi de 2021 nous a notamment permis de nous attaquer aux \u00e9tablissements hors contrat. Quarante-sept \u00e9tablissements \u00e0 vis\u00e9e s\u00e9paratiste ont \u00e9t\u00e9 contr\u00f4l\u00e9s sans pr\u00e9venir auparavant leurs responsables. Six ont \u00e9t\u00e9 ferm\u00e9s d\u00e9finitivement et cinq sont vis\u00e9s par une fermeture temporaire. Je veux insister sur un point\u00a0: la loi s\u2019attaque \u00e0 tous les s\u00e9paratismes et pas seulement \u00e0 l\u2019islam radical m\u00eame si l\u2019essentiel des d\u00e9rives concerne ce dernier. Mais nous avons aussi proc\u00e9d\u00e9 par exemple \u00e0 la fermeture d\u2019une \u00e9cole juive int\u00e9griste.<\/p>\n<p class=\"article_element paragraph\"><strong>Sur quels crit\u00e8res vise-t-on un \u00e9tablissement hors contrat\u00a0?<\/strong><\/p>\n<p class=\"article_element paragraph\">Les quarante-sept\u00a0\u00e9tablissements contr\u00f4l\u00e9s ont \u00e9t\u00e9 cibl\u00e9s apr\u00e8s un travail en amont des services de renseignement, des pr\u00e9fectures et du comit\u00e9 interminist\u00e9riel de pr\u00e9vention de la d\u00e9linquance et de la radicalisation (CIPDR). Les crit\u00e8res rel\u00e8vent notamment des enseignements prodigu\u00e9s ou de la discrimination apparente entre les sexes. Avec, par exemple, concernant ce dernier point, <strong>des fillettes de 6\u00a0ans arrivant \u00e0 l\u2019\u00e9cole voil\u00e9es de la t\u00eate aux pieds<\/strong>, une s\u00e9paration des filles et des gar\u00e7ons, des dessins sur les murs sans le visage, les yeux, la bouche ou encore des livres se limitant au Coran et \u00e0 des ouvrages proches de la mouvance fr\u00e9ro-salafiste\u2026 Nous contr\u00f4lons aussi les contrats de travail ou l\u2019honorabilit\u00e9 des professeurs.<\/p>\n<p class=\"article_element paragraph\">Les cellules d\u00e9partementales de lutte contre l\u2019islamisme radical et le repli communautaire (Clir), cr\u00e9\u00e9es en 2019, jouent un r\u00f4le essentiel en permettant de croiser les informations des diff\u00e9rents services de l\u2019administration.<\/p>\n<p class=\"article_element paragraph\"><strong>Que r\u00e9pondez-vous \u00e0 ceux qui vous accusent de mollesse face aux \u00e9coles coraniques accueillant les mineurs\u00a0?<\/strong><\/p>\n<p class=\"article_element paragraph\">On peut bien s\u00fbr toujours faire mieux et c\u2019est ce que nous souhaitons faire\u00a0! Je tiens \u00e0 souligner que nous ne nous attaquons qu\u2019aux \u00e9coles s\u00e9paratistes. Reste que nous avons des d\u00e9cennies de retard et que nous avons affaire \u00e0 des structures qui s\u2019appuient parfois sur des soutiens de puissances \u00e9trang\u00e8res avec des fonds <strong>colossaux.<\/strong> La loi a \u00e9t\u00e9 adopt\u00e9e en ao\u00fbt 2021 et les d\u00e9crets d\u2019application ont \u00e9t\u00e9 pris courant 2022. Les chiffres que j\u2019\u00e9voque concernent donc seulement l\u2019ann\u00e9e derni\u00e8re, certaines actions n\u2019ayant commenc\u00e9 qu\u2019en juillet. Nous avons \u00e9t\u00e9 tr\u00e8s actifs et le ministre de l\u2019Int\u00e9rieur incite fortement les pr\u00e9fets \u00e0 agir. Cela prendra du temps mais on est pass\u00e9 d\u2019une forme de d\u00e9ni \u00e0 la prise en compte de la r\u00e9alit\u00e9 avec la mobilisation de tout l\u2019appareil de l\u2019\u00c9tat sur une priorit\u00e9 gouvernementale.<\/p>\n<p class=\"article_element paragraph\">En quelques mois, et sur cette seule question des \u00e9coles coraniques, quatorze \u00e9tablissements accueillant du public mineur ont \u00e9t\u00e9 contr\u00f4l\u00e9s et vis\u00e9s par une mesure de fermeture, temporaire ou d\u00e9finitive. C\u2019est ainsi le cas \u00e0 Montpellier du Centre multiculturel d\u2019Occitanie, qui accueillait ill\u00e9galement pr\u00e8s d\u2019une soixantaine de mineurs, dont les plus jeunes avaient 3 ou 4\u00a0ans. Nous devons encore faire \u00e9voluer les choses puisque, aujourd\u2019hui, on peut uniquement s\u2019attaquer aux structures s\u00e9paratistes qui accueillent plus de sept enfants pendant plus de quinze jours. Or nous constatons que les \u00e9tablissements \u00e0 vis\u00e9e s\u00e9paratiste s\u2019adaptent\u00a0: il nous faudra avoir la capacit\u00e9 de viser les plus petites structures.<\/p>\n<p class=\"article_element paragraph\"><strong>\u00c0 l\u2019automne 2021, pas moins de 89\u00a0lieux de cultes soup\u00e7onn\u00e9s d\u2019\u00eatre radicaux avaient \u00e9t\u00e9 r\u00e9pertori\u00e9s par les services de renseignement. O\u00f9 en \u00eates-vous dans la lutte contre les mosqu\u00e9es radicales\u00a0?<\/strong><\/p>\n<p class=\"article_element paragraph\">En 2022, sept lieux de culte ont fait l\u2019objet d\u2019une mesure de fermeture temporaire. Ce qui signifie que ces mosqu\u00e9es doivent, au niveau de leur bureau, du conseil d\u2019administration, se d\u00e9barrasser de leurs responsables qui tiennent des discours radicaux. Cinq associations ou groupements islamistes ont par ailleurs \u00e9t\u00e9 dissous. Il en a ainsi \u00e9t\u00e9 \u00e0 Allonnes, dans la Sarthe, de l\u2019Association allonnaise pour le juste milieu et de l\u2019association Al\u00a0Qalam, toutes deux salafistes et l\u00e9gitimant les attentats, le recours au djihad arm\u00e9 ou l\u2019instauration de la charia.<\/p>\n<p class=\"article_element paragraph\"><strong>Le repli identitaire commence par une salafisation des esprits des plus jeunes, dans l\u2019intimit\u00e9 m\u00eame des foyers. On a l\u2019impression que l\u2019\u00c9tat est impuissant pour ramener ces mineurs en danger dans le giron de la R\u00e9publique\u2026<\/strong><\/p>\n<p class=\"article_element paragraph\">Nous avons l\u00e0 aussi de nouveaux outils. Notamment pour le contr\u00f4le de l\u2019instruction en famille. On avait jusqu\u2019\u00e0 pr\u00e9sent 72\u00a0000\u00a0demandes annuelles venant de particuliers. Dont 42\u00a0000\u00a0n\u2019\u00e9taient sans doute pas li\u00e9es au s\u00e9paratisme car justifi\u00e9es par des probl\u00e8mes de sant\u00e9, la pratique d\u2019un sport, des voyages de longue dur\u00e9e,\u00a0etc. Mais l\u2019autre partie, soit 30\u00a0000 demandes, pouvait \u00eatre li\u00e9e \u00e0 une volont\u00e9 de proposer aux enfants un autre sch\u00e9ma de pens\u00e9e que celui de l\u2019\u00e9cole r\u00e9publicaine. On s\u2019est attaqu\u00e9 tr\u00e8s fortement \u00e0 ce ph\u00e9nom\u00e8ne et les r\u00e9sultats sont d\u00e9j\u00e0 visibles avec, en 2022, une baisse significative de 29\u00a0% du nombre d\u2019enfants instruits en famille. Et on est pass\u00e9 globalement de 72\u00a0000 \u00e0 58\u00a0000 demandes par an. On va encore accentuer cet effort en syst\u00e9matisant notamment les contr\u00f4les surprises.<\/p>\n<p class=\"article_element paragraph\"><strong>Nous nous int\u00e9ressons \u00e9galement \u00e0 la question du web. 90\u00a0% des contenus Google li\u00e9s \u00e0 l\u2019islam am\u00e8nent indirectement \u00e0 des contenus li\u00e9s \u00e0 l\u2019islam radical<\/strong>. Nous avons engag\u00e9 un dialogue avec des plateformes sur cette question et nous faisons monter en puissance notre unit\u00e9 de contre-discours r\u00e9publicain au sein du CIPDR qui produit des contenus expliquant les risques de la radicalisation. \u00c0 ma demande, une r\u00e9union a eu lieu il y a quelques semaines avec les principales plateformes pour les sensibiliser. Le contact a \u00e9t\u00e9 fructueux car ces professionnels sont conscients qu\u2019il existe des marges de progression. Et l\u2019id\u00e9e est de pouvoir travailler avec eux pour contribuer \u00e0 la formation de leurs mod\u00e9rateurs ou pour qu\u2019ils nous aident davantage face aux contenus toxiques. Leur premier r\u00f4le doit \u00eatre de promouvoir les contre-discours r\u00e9publicains. Non pas, bien s\u00fbr, pour imposer une pens\u00e9e mais pour faire r\u00e9fl\u00e9chir et mettre en garde contre la dangerosit\u00e9 des discours islamistes. Nous voulons aussi nouer un partenariat de confiance avec les plateformes pour le retrait rapide de contenus toxiques et le signalement de tels contenus.<\/p>\n<p class=\"article_element paragraph\"><strong>L\u2019argent reste, dans la lutte contre le s\u00e9paratisme comme ailleurs, le nerf de la guerre. O\u00f9 en est-on dans la traque du financement de l\u2019islam radical\u00a0?<\/strong><\/p>\n<p class=\"article_element paragraph\">Un \u00e9cosyst\u00e8me s\u00e9paratiste, islamiste ou autre, ne peut par d\u00e9finition vivre sans argent. Ces mouvements ont utilis\u00e9 un texte adopt\u00e9 en 2008 sur les fonds de dotation. Un syst\u00e8me sans v\u00e9ritable contr\u00f4le et permettant notamment de rassembler des fonds priv\u00e9s pour des structures s\u00e9paratistes. De l\u2019argent pouvant venir de l\u2019\u00e9tranger, de fid\u00e8les plus ou moins fortun\u00e9s, d\u2019organismes sp\u00e9cifiques comme c\u2019est le cas pour l\u2019islamisme turc. En vertu de la nouvelle loi s\u00e9paratiste, ces structures peuvent \u00eatre contr\u00f4l\u00e9es par les pr\u00e9fets et doivent d\u00e9clarer tout financement \u00e9tranger de plus de 15\u00a0300\u00a0euros. Toutes les associations cultuelles doivent par ailleurs nous transmettre leurs comptes. \u00c0 ce jour, quatre fonds de dotation ont \u00e9t\u00e9 suspendus et quatre autres sont vis\u00e9s par une proc\u00e9dure de dissolution. Mais nous en sommes au tout d\u00e9but de notre action car l\u2019analyse des comptes va demander du temps. Nous avons d\u2019ailleurs cr\u00e9\u00e9 au sein du minist\u00e8re de l\u2019Int\u00e9rieur un p\u00f4le juridique sp\u00e9cifique pour l\u2019analyse et la lutte contre ces fonds de dotation alimentant le s\u00e9paratisme.<\/p>\n<p class=\"article_element paragraph\"><strong>Pourquoi avoir attendu si longtemps pour le faire alors que l\u2019islam radical est connu depuis des d\u00e9cennies et que, selon les services de renseignement, on est pass\u00e9 de 5\u00a0000\u00a0salafistes en 2004 \u00e0 100\u00a0000 salafistes et Fr\u00e8res musulmans en 2019\u00a0?<\/strong><\/p>\n<p class=\"article_element paragraph\">En d\u00e9but de quinquennat, on s\u2019est d\u2019abord attaqu\u00e9 au terrorisme, qui \u00e9tait d\u00e9j\u00e0 un probl\u00e8me important, puis on a compris qu\u2019il fallait aussi s\u2019attaquer \u00e0 ses racines. Et le fait que la France a \u00e9t\u00e9 malheureusement le pays le plus frapp\u00e9 par le terrorisme djihadiste explique aussi pourquoi aujourd\u2019hui elle est en pointe dans la lutte contre l\u2019islam radical en Europe. Nos voisins europ\u00e9ens nous rejoignent d\u2019ailleurs de plus en plus dans ce combat.<\/p>\n<p class=\"article_element paragraph\"><strong>Par ailleurs, il y a eu aussi une forme de mauvaise conscience ou une crainte d\u2019\u00eatre accus\u00e9 \u00ab\u00a0d\u2019islamophobie\u00a0\u00bb<\/strong>. Ce qui n\u2019est pas le cas puisque nous nous attaquons \u00e0 tous les s\u00e9paratismes, \u00e0 tous ceux qui m\u00e8nent des actions contre la R\u00e9publique et contre l\u2019id\u00e9e de faire nation.<\/p>\n<p class=\"article_element paragraph\">Jusqu\u2019\u00e0 l\u2019\u00e9lection du pr\u00e9sident Macron, on a \u00e9t\u00e9 effectivement trop longtemps en r\u00e9action et on paie des d\u00e9cennies d\u2019insuffisance. Vous parlez des chiffres des services de renseignement mais on peut aussi parler du voile. En 1989, trois coll\u00e9giennes se pr\u00e9sentaient voil\u00e9es \u00e0 Creil et en 2022 des centaines de coll\u00e9giennes et de coll\u00e9giens se confrontent \u00e0 la la\u00efcit\u00e9 \u00e0 l\u2019\u00e9cole. Les dynamiques s\u00e9paratistes sont exponentielles. Nous en sommes une nouvelle fois bien conscients et on se donne les moyens pour lutter contre ces dynamiques sans mauvaise conscience. Si l\u2019on utilise les nouveaux outils cr\u00e9\u00e9s par la loi, et c\u2019est ce que font le ministre de l\u2019Int\u00e9rieur et les pr\u00e9fets, on pourra prendre les s\u00e9paratistes en \u00e9tau.<\/p>\n<p class=\"article_element paragraph\"><strong>En vertu d\u2019un client\u00e9lisme coupable, certains \u00e9lus provoquent de graves entorses dans le contrat r\u00e9publicain en permettant le port du burkini dans les piscines. Ne serait-il pas temps de mettre fin \u00e0 ces pratiques\u00a0?<\/strong><\/p>\n<p class=\"article_element paragraph\">Sur la question du burkini \u00e0 Grenoble, nous n\u2019avions pas d\u2019outil jusqu\u2019\u00e0 pr\u00e9sent. Le maire de Grenoble a modifi\u00e9 le r\u00e8glement int\u00e9rieur des piscines en pensant que personne ne l\u2019emp\u00eacherait de le faire. C\u2019est ainsi que, petit \u00e0 petit, la R\u00e9publique recule et que le s\u00e9paratisme progresse. Le d\u00e9f\u00e9r\u00e9 la\u00efcit\u00e9, introduit par la loi s\u00e9paratisme, confirm\u00e9 par le Conseil d\u2019\u00c9tat, a mis fin \u00e0 cette situation. Cette proc\u00e9dure permet au pr\u00e9fet d\u2019intervenir lorsqu\u2019une d\u00e9cision prise par une collectivit\u00e9 est consid\u00e9r\u00e9e comme \u00e9tant contraire au respect du principe de la\u00efcit\u00e9 et de neutralit\u00e9 des services publics. Dans ce cas pr\u00e9cis se posait la question de la mixit\u00e9 et de la la\u00efcit\u00e9. Le pr\u00e9fet de l\u2019Is\u00e8re a pu tout de suite intervenir. Et le juge administratif doit se prononcer dans les 48\u00a0heures. Nous restons vigilants sur cette question du client\u00e9lisme. \u00c0 Grenoble de nouveau, la mairie, dans sa nouvelle campagne de communication, r\u00e9duit ainsi la femme musulmane au port du voile. Ce qui a valu au maire un message de soutien sur les r\u00e9seaux sociaux \u00e9manant du Collectif contre l\u2019islamophobie en Europe (CCIE) install\u00e9 \u00e0 Bruxelles et directement issu du CCIF dissous apr\u00e8s l\u2019assassinat de Samuel Paty\u2026 On est l\u00e0 dans une communication d\u2019une grande ville fran\u00e7aise qui reprend les poncifs de l\u2019islam politique.<\/p>\n<\/div>\n<\/section>\n<\/div>\n<\/div>\n<\/div>\n<div class=\"articleCardBig-illustration\" style=\"padding-left: 80px;\"><a href=\"https:\/\/www.lefigaro.fr\/actualite-france\/sonia-backes-l-islam-politique-veut-mettre-la-republique-a-genoux-20230329\">Le Figaro<\/a><\/div>\n<\/div>\n<\/div>\n<\/div>\n<\/section>\n","protected":false},"excerpt":{"rendered":"<p>Jean Chichizola Christophe Cornevin Dix-huit mois apr\u00e8s la promulgation de la loi contre le s\u00e9paratisme, la secr\u00e9taire d\u2019\u00c9tat \u00e0 la Citoyennet\u00e9 d\u00e9voile en exclusivit\u00e9 le premier bilan d\u2019une lutte qui ne fait que commencer. &nbsp; LE 2 OCTOBRE 2020, dans son discours des Mureaux, Emmanuel Macron avait d\u00e9clar\u00e9 la guerre au repli communautaire. Le Figaro<\/p>\n","protected":false},"author":152,"featured_media":104611,"comment_status":"open","ping_status":"open","sticky":false,"template":"","format":"standard","meta":{"_uf_show_specific_survey":0,"_uf_disable_surveys":false,"footnotes":""},"categories":[37],"tags":[],"class_list":{"0":"post-104607","1":"post","2":"type-post","3":"status-publish","4":"format-standard","5":"has-post-thumbnail","7":"category-alaune-fr"},"aioseo_notices":[],"_links":{"self":[{"href":"https:\/\/middleeasttransparent.com\/fr\/wp-json\/wp\/v2\/posts\/104607","targetHints":{"allow":["GET"]}}],"collection":[{"href":"https:\/\/middleeasttransparent.com\/fr\/wp-json\/wp\/v2\/posts"}],"about":[{"href":"https:\/\/middleeasttransparent.com\/fr\/wp-json\/wp\/v2\/types\/post"}],"author":[{"embeddable":true,"href":"https:\/\/middleeasttransparent.com\/fr\/wp-json\/wp\/v2\/users\/152"}],"replies":[{"embeddable":true,"href":"https:\/\/middleeasttransparent.com\/fr\/wp-json\/wp\/v2\/comments?post=104607"}],"version-history":[{"count":0,"href":"https:\/\/middleeasttransparent.com\/fr\/wp-json\/wp\/v2\/posts\/104607\/revisions"}],"wp:featuredmedia":[{"embeddable":true,"href":"https:\/\/middleeasttransparent.com\/fr\/wp-json\/wp\/v2\/media\/104611"}],"wp:attachment":[{"href":"https:\/\/middleeasttransparent.com\/fr\/wp-json\/wp\/v2\/media?parent=104607"}],"wp:term":[{"taxonomy":"category","embeddable":true,"href":"https:\/\/middleeasttransparent.com\/fr\/wp-json\/wp\/v2\/categories?post=104607"},{"taxonomy":"post_tag","embeddable":true,"href":"https:\/\/middleeasttransparent.com\/fr\/wp-json\/wp\/v2\/tags?post=104607"}],"curies":[{"name":"wp","href":"https:\/\/api.w.org\/{rel}","templated":true}]}}