{"id":10459,"date":"2016-03-23T08:32:42","date_gmt":"2016-03-23T07:32:42","guid":{"rendered":"http:\/\/middleeasttransparent.com\/?p=10459"},"modified":"2016-04-11T15:38:14","modified_gmt":"2016-04-11T14:38:14","slug":"la-belgique-epicentre-du-jihadisme-europeen","status":"publish","type":"post","link":"https:\/\/middleeasttransparent.com\/fr\/la-belgique-epicentre-du-jihadisme-europeen\/","title":{"rendered":"La Belgique, \u00e9picentre du jihadisme europ\u00e9en"},"content":{"rendered":"<div class=\"width-padded\"><\/div>\n<div class=\"container-column clearfix\">\n<div class=\"wide-column width-padded-left\">\n<figure class=\"article-image article-header-image\"><figcaption class=\"read-left-padding caption\"><em><span class=\"desc\">Quartier du Karreveld, dans le haut Molenbeek o\u00f9 se trouvait le caf\u00e9 Les B\u00e9guines des fr\u00e8res Abdeslam, dont Brahim Abdeslam, l\u0092&rsquo; un des kamikazes des attentats de Paris, le 21 novembre <\/span><span class=\"copy\">Photo Pauline Beugnies pour Lib\u00e9ration<\/span><\/em><\/p>\n<div class=\"share-link\"><\/div>\n<div class=\"share-link\">\n<p class=\"article-headline\"><strong><span class=\"authors\">Par <span class=\"author\"><a href=\"http:\/\/www.liberation.fr\/auteur\/7473-sylvain-mouillard\">Sylvain Mouillard<\/a> <\/span>et <span class=\"author\"><a href=\"http:\/\/www.liberation.fr\/auteur\/13817-guillaume-gendron\">Guillaume Gendron<\/a>\u00a0<\/span><\/span><\/strong><\/p>\n<\/div>\n<\/figcaption><\/figure>\n<h2 class=\"article-standfirst read-left-padding\">Consid\u00e9r\u00e9 comme le lieu de formation de nombreux islamistes radicaux, le pays a \u00e9t\u00e9 frapp\u00e9 durement par des attaques coordonn\u00e9es. Retour sur les r\u00e9seaux qui ont fait de Bruxelles le carrefour du terrorisme europ\u00e9en.<\/h2>\n<div class=\"article-body read-left-padding\">\n<p>De base terroriste \u00e0 cible ? La Belgique a subi ce mardi les pires attentats jamais commis sur son sol depuis 1945. Le bilan provisoire fait \u00e9tat d\u2019au moins 26 morts et 130 bless\u00e9s. Les attaques, <a href=\"http:\/\/www.liberation.fr\/direct\/element\/letat-islamique-affirme-que-ses-tueurs-ont-tire-a-laeroport-avant-de-se-faire-exploser_33489\/\" target=\"_self\">qui ont \u00e9t\u00e9 revendiqu\u00e9es par l\u2019Etat islamique<\/a>, ne sont pourtant pas une surprise. Depuis plusieurs ann\u00e9es, la Belgique se retrouve au centre de pratiquement toutes les enqu\u00eates sur les r\u00e9seaux terroristes jihadistes bas\u00e9s en Europe. De<a href=\"http:\/\/www.liberation.fr\/societe\/2014\/06\/01\/mehdi-nemmouche-du-braquage-a-la-guerre-sainte_1031561\" target=\"_self\">Mehdi Nemmouche<\/a>, principal suspect de la <a href=\"http:\/\/www.liberation.fr\/planete\/2014\/05\/25\/a-bruxelles-le-temps-des-loups-est-venu_1026307\" target=\"_self\">tuerie au mus\u00e9e juif de Bruxelles<\/a> en mai 2014, aux attaques qui ont <a href=\"http:\/\/www.liberation.fr\/evenements-libe\/2016\/03\/22\/explosions-a-bruxelles-on-dirait-que-depuis-les-attentats-en-france-ca-n-arrete-plus_1441252\" target=\"_self\">ensanglant\u00e9 la capitale belge<\/a>ce 22 mars 2016, les itin\u00e9raires des uns et des autres s\u2019entrem\u00ealent et reviennent, souvent, <a href=\"http:\/\/www.liberation.fr\/france\/2015\/11\/17\/a-molenbeek-les-fantomes-du-jihad_1414230\" target=\"_blank\">dans les petites rues de Molenbeek<\/a>, commune d\u00e9sh\u00e9rit\u00e9e de l\u2019agglom\u00e9ration bruxelloise.<\/p>\n<p class=\"others\">A LIRE AUSSI :\u00a0<a href=\"http:\/\/www.liberation.fr\/france\/2015\/11\/17\/a-molenbeek-les-fantomes-du-jihad_1414230\" target=\"_blank\">A\u00a0Molenbeek, les\u00a0fant\u00f4mes du jihad<\/a><\/p>\n<p>L\u2019histoire s\u2019est encore acc\u00e9l\u00e9r\u00e9e l\u2019an pass\u00e9. En janvier 2015, une semaine apr\u00e8s les attentats de Paris, les forces de police belges lancent plusieurs op\u00e9rations dans le royaume. Elles visent <a href=\"http:\/\/www.liberation.fr\/planete\/2015\/01\/15\/belgique-une-operation-contre-des-terroristes-presumes-fait-3-morts_1181509\" target=\"_self\">notamment la ville de Verviers<\/a>, o\u00f9 elles d\u00e9mant\u00e8lent une cellule pr\u00eate \u00e0 passer \u00e0 l\u2019acte. Le 21 ao\u00fbt, Ayoub El-Khazzani, un Marocain de 26 ans qui a s\u00e9journ\u00e9 \u00e0 Molenbeek, <a href=\"http:\/\/www.liberation.fr\/societe\/2015\/08\/23\/j-ai-entendu-clic-clic_1368324\" target=\"_self\">tente d\u2019ouvrir le feu sur les passagers<\/a> d\u2019un Thalys Amsterdam-Paris. Il faut l\u2019intervention de plusieurs voyageurs pour ma\u00eetriser l\u2019individu et \u00e9viter un carnage.<\/p>\n<p>Enfin, les <a href=\"http:\/\/www.liberation.fr\/france\/2015\/11\/14\/l-horreur_1413333\" target=\"_self\">attentats de Paris de novembre 2015<\/a> ont \u00e9t\u00e9 pr\u00e9par\u00e9s en grande partie dans la capitale belge. <a href=\"http:\/\/www.liberation.fr\/france\/2016\/03\/18\/salah-abdeslam-la-fin-de-cavale-d-un-terroriste-flambeur_1440678\" target=\"_self\">L\u2019arrestation, il y a quatre jours \u00e0 Bruxelles, de Salah Abdeslam<\/a>, le dixi\u00e8me membre du commando du 13 novembre, devrait permettre aux enqu\u00eateurs d\u2019obtenir de nouveaux indices sur la structuration de ce r\u00e9seau particuli\u00e8rement \u00e9toff\u00e9. La Belgique est en effet le pays europ\u00e9en qui, par rapport \u00e0 sa population, a fourni le plus gros contingent de combattants \u00e0 l\u2019Etat islamique. Selon les derniers chiffres du minist\u00e8re de l\u2019Int\u00e9rieur belge, pr\u00e8s de 400 personnes sont parties en Syrie, dont 117 en sont revenues.<\/p>\n<h3>Du terrorisme propalestinien au jihad global<\/h3>\n<p>Le royaume entretient cependant une histoire plus ancienne avec le terrorisme. D\u00e8s 1969, date \u00e0 laquelle une grenade blesse deux employ\u00e9s d\u2019une compagnie d\u2019aviation isra\u00e9lienne \u00e0 Bruxelles, la Belgique fait pendant deux d\u00e9cennies les frais d\u2019attaques de plus ou moins grande envergure, avec \u00e0 chaque fois une connotation antis\u00e9mite tr\u00e8s marqu\u00e9e et l\u2019implication r\u00e9currente de groupes terroristes propalestiniens.<\/p>\n<p>Qu\u2019il s\u2019agisse d\u2019une grenade lanc\u00e9e sur des enfants juifs \u00e0 Anvers en 1980\u00a0(un ado de 15 ans tu\u00e9), d\u2019une voiture pi\u00e9g\u00e9e explosant devant une synagogue de la m\u00eame ville en 1981\u00a0(trois morts), d\u2019une attaque au fusil-mitrailleur \u00e0 l\u2019entr\u00e9e d\u2019un lieu de culte juif \u00e0 Bruxelles en 1982 ou bien de tirs cibl\u00e9s sur des personnalit\u00e9s juives\u00a0: un fonctionnaire de l\u2019ambassade d\u2019Isra\u00ebl bless\u00e9 par balles en 1972 et le pr\u00e9sident du Comit\u00e9 de coordination des organisations juives de Belgique assassin\u00e9 en 1989. L\u2019a\u00e9roport Zaventem, touch\u00e9 ce mardi, avait quant \u00e0 lui d\u00e9j\u00e0 \u00e9t\u00e9 pris pour cible en 1979, l\u00e0 encore \u00e0 la grenade, par trois terroristes palestiniens qui visaient les voyageurs d\u00e9barquant d\u2019un vol en provenance d\u2019Isra\u00ebl &#8211; douze personnes avaient \u00e9t\u00e9 bless\u00e9es.<\/p>\n<p>Apr\u00e8s cette vague d\u2019attentats, le pays est \u00e9pargn\u00e9 par le terrorisme islamiste des ann\u00e9es 90. Il sert n\u00e9anmoins de base arri\u00e8re aux combattants du GIA (groupe islamique arm\u00e9) et du Front islamique du salut, dont certains y avaient obtenu l\u2019asile politique. D\u00e9but 1995, le minist\u00e8re de l\u2019Int\u00e9rieur belge <a href=\"https:\/\/www.lachambre.be\/kvvcr\/showpage.cfm?section=qrva&amp;language=fr&amp;cfm=qrvaXml.cfm?legislat=48&amp;dossierID=48-b141-15-0994-1994199520742.xml\" target=\"_blank\">recense<\/a> <em>\u00abune petite centaine de militants actifs\u00bb<\/em> de ces groupes sur son territoire. En mars 1995, les hommes de la cellule antiterroriste belge arr\u00eatent une dizaine de personnes suspect\u00e9es d\u2019avoir mis en place un soutien logistique (armes, argent) destin\u00e9 au r\u00e9seau alg\u00e9rien et europ\u00e9en du GIA. Leur <a href=\"http:\/\/www.liberation.fr\/evenement\/1995\/09\/04\/en-belgique-un-reseau-du-gia-a-la-barreproces-de-13-islamistes-soupconnes-de-soutien-au-terrorisme-e_145036\" target=\"_self\">proc\u00e8s en septembre 1995<\/a>prend une acuit\u00e9 particuli\u00e8re, alors qu\u2019une vague d\u2019attentats touche la France.<\/p>\n<h3>Myriade d\u2019organisations extr\u00e9mistes<\/h3>\n<p>La d\u00e9cennie suivante va confirmer ce r\u00f4le central de la Belgique. Il faut dire qu\u2019un terreau particuli\u00e8rement propice au radicalisme religieux s\u2019y est d\u00e9velopp\u00e9. D\u00e8s les ann\u00e9es 60, l\u2019Arabie Saoudite entame un travail de pros\u00e9lytisme \u00e0 Bruxelles, en finan\u00e7ant une grande mosqu\u00e9e et un centre culturel islamique au parc du Cinquantenaire. C\u2019est dans ce contexte que commencent \u00e0 prosp\u00e9rer une myriade d\u2019organisations extr\u00e9mistes, profitant \u00e0 la fois de la place centrale de la Belgique dans la g\u00e9ographie europ\u00e9enne, d\u2019une population immigr\u00e9e socialement d\u00e9favoris\u00e9e, souvent rel\u00e9gu\u00e9e dans les m\u00eames quartiers, et d\u2019une certaine passivit\u00e9 des autorit\u00e9s.<\/p>\n<p>Deux jours avant les attaques du 11 septembre 2001, un \u00e9pisode remet la Belgique au centre du jihad mondial. Le commandant Massoud, principal ennemi des talibans en Afghanistan, est assassin\u00e9 dans un attentat \u00e0 la bombe. Ses deux meurtriers sont tunisiens. Ils s\u2019appellent Dahmane Abd El-Sattar et Bouraoui El-Ouaer et r\u00e9sidaient en Belgique. Le premier est mari\u00e9 \u00e0 Malika el-Aroud, qui semble l\u2019avoir fortement influenc\u00e9 et que l\u2019on retrouvera au c\u0153ur des cercles jihadistes belges. Elle se remariera ainsi \u00e0 Moez Garsallaoui, un Belgo-Tunisien qui fut l\u2019une des t\u00eates pensantes des fili\u00e8res acheminant des combattants d\u2019Europe vers les zones tribales pakistanaises. Garsallaoui aurait notamment form\u00e9 Mohamed Merah, le tueur de Montauban et Toulouse, lors de son passage dans la r\u00e9gion. El-Aroud est condamn\u00e9e\u00a0\u00e0 huit ans de prison en 2010 pour avoir anim\u00e9 un forum jihadiste pr\u00e9curseur.<\/p>\n<h3>Les pr\u00e9dicateurs de Molenbeek<\/h3>\n<p>Dans les ann\u00e9es 2000, des pr\u00e9dicateurs jihadistes prosp\u00e8rent sur ce terreau. Il y a d\u2019abord le Centre islamique belge (CIB), mosqu\u00e9e salafo-jihadiste anim\u00e9e par le \u00abcheikh\u00bb Bassam Ayachi. Ce Franco-Syrien semble avoir fait le lien entre les diff\u00e9rentes g\u00e9n\u00e9rations de jihadistes belges. Il fut celui qui maria Malika el-Aroud \u00e0 son premier conjoint, puis fut l\u2019inspirateur de nombreux d\u00e9parts vers l\u2019Afghanistan, l\u2019Irak ou la Syrie, les destinations variant selon le jihad du moment, gr\u00e2ce \u00e0 des<em>chatrooms<\/em> g\u00e9r\u00e9s par son fils et un converti fran\u00e7ais venu s\u2019installer \u00e0 Molenbeek, Rapha\u00ebl Gendron.<\/p>\n<p>Ces pr\u00e9curseurs du \u00abcyber-jihad\u00bb mourront finalement les armes \u00e0 la main en Syrie en 2013, un an apr\u00e8s le d\u00e9mant\u00e8lement du groupuscule par la police belge. Ag\u00e9 de 70 ans, Bassam Hayachi est quant \u00e0 lui <em>\u00ab<a href=\"http:\/\/www.lalibre.be\/actu\/international\/le-cheikh-bassam-blesse-dans-un-attentat-en-syrie-54ec255e35700d7522c2b2be\" target=\"_blank\">le plus vieux jihadiste belge<\/a>\u00bb<\/em> en Syrie, \u00e0 la t\u00eate de sa propre unit\u00e9 combattante, par ailleurs oppos\u00e9e \u00e0 l\u2019Etat islamique qui a tent\u00e9 de l\u2019assassiner en 2015. Depuis la fermeture du CIB, la mosqu\u00e9e clandestine Loqman de Molenbeek, fr\u00e9quent\u00e9e entre autres par Ayoub El-Khazzani, pourrait avoir pris la rel\u00e8ve.<\/p>\n<p class=\"others\">A LIRE AUSSI :<a href=\"http:\/\/www.liberation.fr\/france\/2015\/11\/15\/la-belgique-carrefour-de-l-islamisme_1413677\" target=\"_self\">La Belgique, carrefour de l\u2019islamisme<\/a><\/p>\n<p>A la m\u00eame \u00e9poque, dans les rues de Molenbeek ou aux abords de la gare du Nord de Bruxelles o\u00f9 il distribue de la nourriture aux SDF, il n\u2019est pas rare de croiser Jean-Louis \u00abLe Soumis\u00bb, converti volubile et propagandiste local, \u00abh\u00e9ros\u00bb de plusieurs reportages t\u00e9l\u00e9vis\u00e9s (notamment celui de la RTBF o\u00f9 on le voit tracter contre\u2026 Saint-Nicolas). Il sera condamn\u00e9 en janvier 2016\u00a0\u00e0 dix ans de prison pour avoir<em>\u00abdirig\u00e9 une fili\u00e8re terroriste\u00bb<\/em> en incitant deux lyc\u00e9ens \u00e0 se rendre en Syrie. Le tribunal <a href=\"http:\/\/www.dhnet.be\/actu\/faits\/10-ans-de-prison-pour-jean-louis-denis-dit-le-soumis-56ab78ce3570b1fc10c98333\" target=\"_self\">note alors<\/a> le <em>\u00abr\u00f4le n\u00e9faste de gourous autoproclam\u00e9s tels que Jean-Louis Denis aupr\u00e8s de jeunes en qu\u00eate de rep\u00e8res et qui ont une connaissance limit\u00e9e de leur religion\u00bb<\/em>.<\/p>\n<p>Un nouveau noyau salafiste s\u2019impose \u00e0 l\u2019or\u00e9e des ann\u00e9es 2010 : Sharia4Belgium. Le groupuscule originaire d\u2019Anvers fait les gros titres avec des manifestations coups-de-poing o\u00f9 ses membres demandent la fin de la d\u00e9mocratie, l\u2019\u00e9tablissement de la charia et la peine de mort pour les homosexuels. Dirig\u00e9s par Fouad Belkacem, ses militants provoquent une \u00e9meute devant le commissariat de Molenbeek en 2012 en r\u00e9action \u00e0 l\u2019interpellation d\u2019une femme en niqab.<\/p>\n<p>Pass\u00e9 dans la clandestinit\u00e9 en 2013 apr\u00e8s sa dissolution, Sharia4Belgium aurait, selon la justice belge, fourni 10% des jihadistes du pays partis sur le front syrien. Belkacem, jug\u00e9 en 2014 aux c\u00f4t\u00e9s de 46 autres membres, est condamn\u00e9 \u00e0 douze ans de prison en f\u00e9vrier 2015 pour son r\u00f4le dans<em>\u00abl\u2019organisation terroriste\u00bb<\/em>.\u00a0Abdelhamid Abbaoud, un des membres cl\u00e9s des commandos du 13\u00a0Novembre, est d\u2019ailleurs pass\u00e9 par les rangs de l\u2019organisation, incarnant la continuit\u00e9 de ces r\u00e9seaux dans le jihadisme belge.<\/p>\n<p><span class=\"authors\"><span class=\"author\"><a href=\"http:\/\/www.liberation.fr\/france\/2016\/03\/22\/la-belgique-epicentre-du-jihadisme-europeen_1441308\">Lib\u00e9ration<\/a><\/span><br \/>\n<\/span><\/p>\n<\/div>\n<\/div>\n<\/div>\n","protected":false},"excerpt":{"rendered":"<p>Quartier du Karreveld, dans le haut Molenbeek o\u00f9 se trouvait le caf\u00e9 Les B\u00e9guines des fr\u00e8res Abdeslam, dont Brahim Abdeslam, l\u0092&rsquo; un des kamikazes des attentats de Paris, le 21 novembre Photo Pauline Beugnies pour Lib\u00e9ration Par Sylvain Mouillard et Guillaume Gendron\u00a0 Consid\u00e9r\u00e9 comme le lieu de formation de nombreux islamistes radicaux, le pays a<\/p>\n","protected":false},"author":123,"featured_media":10461,"comment_status":"open","ping_status":"open","sticky":false,"template":"","format":"standard","meta":{"_uf_show_specific_survey":0,"_uf_disable_surveys":false,"footnotes":""},"categories":[22],"tags":[],"class_list":{"0":"post-10459","1":"post","2":"type-post","3":"status-publish","4":"format-standard","5":"has-post-thumbnail","7":"category-actualites-fr"},"aioseo_notices":[],"_links":{"self":[{"href":"https:\/\/middleeasttransparent.com\/fr\/wp-json\/wp\/v2\/posts\/10459","targetHints":{"allow":["GET"]}}],"collection":[{"href":"https:\/\/middleeasttransparent.com\/fr\/wp-json\/wp\/v2\/posts"}],"about":[{"href":"https:\/\/middleeasttransparent.com\/fr\/wp-json\/wp\/v2\/types\/post"}],"author":[{"embeddable":true,"href":"https:\/\/middleeasttransparent.com\/fr\/wp-json\/wp\/v2\/users\/123"}],"replies":[{"embeddable":true,"href":"https:\/\/middleeasttransparent.com\/fr\/wp-json\/wp\/v2\/comments?post=10459"}],"version-history":[{"count":0,"href":"https:\/\/middleeasttransparent.com\/fr\/wp-json\/wp\/v2\/posts\/10459\/revisions"}],"wp:featuredmedia":[{"embeddable":true,"href":"https:\/\/middleeasttransparent.com\/fr\/wp-json\/wp\/v2\/media\/10461"}],"wp:attachment":[{"href":"https:\/\/middleeasttransparent.com\/fr\/wp-json\/wp\/v2\/media?parent=10459"}],"wp:term":[{"taxonomy":"category","embeddable":true,"href":"https:\/\/middleeasttransparent.com\/fr\/wp-json\/wp\/v2\/categories?post=10459"},{"taxonomy":"post_tag","embeddable":true,"href":"https:\/\/middleeasttransparent.com\/fr\/wp-json\/wp\/v2\/tags?post=10459"}],"curies":[{"name":"wp","href":"https:\/\/api.w.org\/{rel}","templated":true}]}}