{"id":10452,"date":"2016-03-22T23:53:21","date_gmt":"2016-03-22T22:53:21","guid":{"rendered":"http:\/\/middleeasttransparent.com\/?p=10452"},"modified":"2016-05-09T19:36:12","modified_gmt":"2016-05-09T18:36:12","slug":"jaccuse-lattentat-que-les-services-craignaient","status":"publish","type":"post","link":"https:\/\/middleeasttransparent.com\/fr\/jaccuse-lattentat-que-les-services-craignaient\/","title":{"rendered":"J\u2019accuse ! L\u2019attentat que les services\u00a0craignaient"},"content":{"rendered":"<header class=\"entry-header\">\n<h3 class=\"entry-title\">Avec col\u00e8re suite aux \u00e9v\u00e9nements de ce matin,\u00a0j\u2019accuse la Belgique d\u2019avoir \u00e9t\u00e9 attentiste depuis des ann\u00e9es et de n\u2019avoir jamais donn\u00e9 les moyens aux services de Renseignement de faire leur travail professionnellement pour tenter de pr\u00e9venir ce genre d\u2019attaques.<\/h3>\n<\/header>\n<div class=\"entry-content\">\n<h3><\/h3>\n<p><strong>J\u2019accuse\u2026 les politiques<\/strong><\/p>\n<p>J\u2019accuse les responsables politiques de n\u2019avoir jamais voulu comprendre la mont\u00e9e de l\u2019Islam radical et de l\u2019avoir d\u00e9lib\u00e9r\u00e9ment ignor\u00e9e pour cause d\u2019\u00e9lectoralisme et de \u00ab\u00a0politiquement correct\u00a0\u00bb. Je les accuse d\u2019avoir laiss\u00e9 plusieurs communes belges d\u00e9velopper un radicalisme djihadiste depuis des ann\u00e9es, au point qu\u2019un responsable socialiste m\u2019avait un jour dit \u00ab\u00a0nous connaissons le probl\u00e8me de Molenbeek mais que voulez-vous, c\u2019est un \u00e9lectorat qu\u2019on ne peut n\u00e9gliger\u00a0\u00bb.<\/p>\n<p>J\u2019accuse les responsables politiques, \u00e0 tous les niveaux comp\u00e9tents, de ne pas donner les moyens n\u00e9cessaires et indispensables aux services de Renseignement et de police, de continuer \u00e0 les sous-financer chroniquement et de ne pas mettre en place les l\u00e9gislations qui permettraient une action efficace. Le Renseignement surtout manque de moyens. Je les accuse de ne pas former suffisamment le personnel des services de Renseignement et de pr\u00e9f\u00e9rer les nominations politiques aux v\u00e9ritables comp\u00e9tences.<\/p>\n<p>J\u2019accuse un ancien ministre de la d\u00e9fense de n\u2019avoir pas autoris\u00e9 une enqu\u00eate approfondie sur l\u2019Islam radical au sein des forces arm\u00e9es afin de \u00ab\u00a0ne pas stigmatiser la population musulmane au sein de l\u2019arm\u00e9e\u00a0\u00bb (dixit), alors m\u00eame qu\u2019on a connaissance de personnes radicalis\u00e9es au sein de la grande muette.<\/p>\n<p><strong>J\u2019accuse\u2026 les services de Renseignement<\/strong><\/p>\n<p>J\u2019accuse le SGRS (le Service G\u00e9n\u00e9ral de Renseignement et S\u00e9curit\u00e9, le service militaire) de ne pas d\u00e9velopper un service analytique digne de ce nom\u00a0: on collecte mais sans analyse. On se retrouve avec des donn\u00e9es dont on ne sait que faire et sans comp\u00e9tences en interne pour les exploiter r\u00e9ellement. Nos \u00ab\u00a0analystes\u00a0\u00bb sont surtout des gestionnaires des dossiers op\u00e9rationnels. Le service a par exemple eu en mains les milliers de pages du manuel du djihad d\u2019Al-Qa\u00efda, il n\u2019a jamais \u00e9t\u00e9 analys\u00e9, faute de comp\u00e9tences et de moyens.<\/p>\n<p>J\u2019accuse l\u2019incomp\u00e9tence de certains responsables du contre-terrorisme militaire qui ne comprennent pas le travail de Renseignement et le mettent en danger chaque jour par les d\u00e9cisions incons\u00e9quentes qu\u2019ils prennent. Aujourd\u2019hui, en Belgique, le responsable du contre-terrorisme militaire n\u2019est jamais issu du Renseignement\u00a0et il ne faut aucune comp\u00e9tence sp\u00e9cifique pour occuper ce poste\u00a0! Le dernier Colonel en charge du contre-terrorisme nous disait son peu d\u2019int\u00e9r\u00eat pour l\u2019analyse (\u00ab\u00a0nous n\u2019en n\u2019avons pas besoin, disait-il\u00a0\u00bb) et sa d\u00e9cision de supprimer la biblioth\u00e8que consacr\u00e9e \u00e0 ce sujet. Comment peut-on analyser sans connaissances, sans background, sans compr\u00e9hension profonde des enjeux\u00a0? Comment peut-on utiliser l\u2019information op\u00e9rationnelle r\u00e9colt\u00e9e sur le terrain si elle n\u2019est pas connect\u00e9e, investigu\u00e9e, mise en liens et en perspective\u00a0?<\/p>\n<p>Je me souviens d\u2019un responsable de la s\u00e9curit\u00e9 belge qui me disait que l\u2019on peut r\u00e9gler une attaque chimique avec l\u2019eau (sic) des camions de pompier. Propos tenus lors de la visite du Pr\u00e9sident Bush \u00e0 Bruxelles en 2005.<\/p>\n<p>Je me souviens des propos d\u2019un responsable de la S\u00fbret\u00e9 de l\u2019Etat qui s\u2019\u00e9nervait lorsque je disais en 2001 que la Belgique \u00e9tait une base arri\u00e8re du terrorisme depuis des d\u00e9cennies. Une information connue depuis plus de 20 ans aujourd\u2019hui et sur laquelle rien ou presque n\u2019a \u00e9t\u00e9 fait faute de moyen et de volont\u00e9. Toujours ce politiquement correct qui gouverne notre pays\u00a0!<\/p>\n<p>J\u2019accuse le contre-terrorisme militaire d\u2019amateurisme\u00a0: manque criant d\u2019inspecteurs de terrain (combien en avons-nous sur le terrain, G\u00e9n\u00e9ral\u00a0? Je sais c\u2019est secret mais c\u2019est surtout dramatique) et manque critique de connaissances sur l\u2019Islam radical.<\/p>\n<p><strong>J\u2019accuse\u2026 et apr\u00e8s\u00a0?<\/strong><\/p>\n<p>Je ne peux terminer ce \u00ab\u00a0j\u2019accuse\u00a0\u00bb sans une pens\u00e9e pour mes anciens coll\u00e8gues du Renseignement et de la police f\u00e9d\u00e9rale qui, toujours, ont fait montre d\u2019une volont\u00e9 de travailler le plus professionnellement possible sans que le monde politique ne lui t\u00e9moigne le moindre soutien r\u00e9el, hors des discours en conf\u00e9rence de presse.<\/p>\n<p>Les responsables politiques n\u2019\u00e9coutent pas les services de Renseignement, jamais\u00a0: quand sont-ils venus pour la derni\u00e8re fois dans les bureaux des services militaires pour tenter de comprendre nos missions\u00a0? Quand ont-ils constat\u00e9 de visu le manque de moyens\u00a0de nos services sur lesquels ils comptent pour assurer la s\u00e9curit\u00e9 des citoyens\u00a0?<\/p>\n<p>Malheureusement il est trop tard, les morts sont l\u00e0 et on peut que pleurer sur l\u2019imp\u00e9ritie de nos responsables. Toutes mes pens\u00e9es se dirigent bien s\u00fbr vers les victimes et leurs familles. Mais ma col\u00e8re se tourne aujourd\u2019hui vers le monde politique. Si les coupables sont bien \u00e9videmment identifi\u00e9s dans le chef des djihadistes, il y a \u00e9galement des personnes responsables d\u2019avoir laiss\u00e9 ces attaques se perp\u00e9trer, et elles devront rendre des comptes aux citoyens belges. Ce sont des ann\u00e9es de mauvaise gestion et d\u00e9faut de pr\u00e9voyance qui sont \u00e0 l\u2019origine de cette situation, le gouvernement actuel ne fait que tenter de colmater les br\u00e8ches d\u2019une situation h\u00e9rit\u00e9e de ses pr\u00e9d\u00e9cesseurs.<\/p>\n<p>Mais maintenant, nous nous devons de r\u00e9agir et de proposer des solutions. Ce n\u2019est plus un choix c\u2019est une obligation que nous devons en m\u00e9moire aux victimes du terrorisme et en r\u00e9ponse \u00e0 nos incomp\u00e9tences.<\/p>\n<p><a href=\"http:\/\/intelligencesecurity.org\/author\/bsnoeck\/\">Intelligence and Security<\/a><\/p>\n<\/div>\n","protected":false},"excerpt":{"rendered":"<p>Avec col\u00e8re suite aux \u00e9v\u00e9nements de ce matin,\u00a0j\u2019accuse la Belgique d\u2019avoir \u00e9t\u00e9 attentiste depuis des ann\u00e9es et de n\u2019avoir jamais donn\u00e9 les moyens aux services de Renseignement de faire leur travail professionnellement pour tenter de pr\u00e9venir ce genre d\u2019attaques. J\u2019accuse\u2026 les politiques J\u2019accuse les responsables politiques de n\u2019avoir jamais voulu comprendre la mont\u00e9e de l\u2019Islam<\/p>\n","protected":false},"author":298,"featured_media":10454,"comment_status":"open","ping_status":"open","sticky":false,"template":"","format":"standard","meta":{"_uf_show_specific_survey":0,"_uf_disable_surveys":false,"footnotes":""},"categories":[25],"tags":[],"class_list":{"0":"post-10452","1":"post","2":"type-post","3":"status-publish","4":"format-standard","5":"has-post-thumbnail","7":"category-decryptages"},"aioseo_notices":[],"_links":{"self":[{"href":"https:\/\/middleeasttransparent.com\/fr\/wp-json\/wp\/v2\/posts\/10452","targetHints":{"allow":["GET"]}}],"collection":[{"href":"https:\/\/middleeasttransparent.com\/fr\/wp-json\/wp\/v2\/posts"}],"about":[{"href":"https:\/\/middleeasttransparent.com\/fr\/wp-json\/wp\/v2\/types\/post"}],"author":[{"embeddable":true,"href":"https:\/\/middleeasttransparent.com\/fr\/wp-json\/wp\/v2\/users\/298"}],"replies":[{"embeddable":true,"href":"https:\/\/middleeasttransparent.com\/fr\/wp-json\/wp\/v2\/comments?post=10452"}],"version-history":[{"count":0,"href":"https:\/\/middleeasttransparent.com\/fr\/wp-json\/wp\/v2\/posts\/10452\/revisions"}],"wp:featuredmedia":[{"embeddable":true,"href":"https:\/\/middleeasttransparent.com\/fr\/wp-json\/wp\/v2\/media\/10454"}],"wp:attachment":[{"href":"https:\/\/middleeasttransparent.com\/fr\/wp-json\/wp\/v2\/media?parent=10452"}],"wp:term":[{"taxonomy":"category","embeddable":true,"href":"https:\/\/middleeasttransparent.com\/fr\/wp-json\/wp\/v2\/categories?post=10452"},{"taxonomy":"post_tag","embeddable":true,"href":"https:\/\/middleeasttransparent.com\/fr\/wp-json\/wp\/v2\/tags?post=10452"}],"curies":[{"name":"wp","href":"https:\/\/api.w.org\/{rel}","templated":true}]}}