{"id":104166,"date":"2023-03-20T20:27:51","date_gmt":"2023-03-20T19:27:51","guid":{"rendered":"https:\/\/middleeasttransparent.com\/?p=104166"},"modified":"2023-03-20T20:28:43","modified_gmt":"2023-03-20T19:28:43","slug":"le-president-designe-de-la-cop28-a-paris-dans-le-cadre-dune-tournee-decoute-mondiale","status":"publish","type":"post","link":"https:\/\/middleeasttransparent.com\/fr\/le-president-designe-de-la-cop28-a-paris-dans-le-cadre-dune-tournee-decoute-mondiale\/","title":{"rendered":"Le pr\u00e9sident-d\u00e9sign\u00e9 de la COP28 \u00e0 Paris dans le cadre d\u2019une tourn\u00e9e d\u2019\u00e9coute mondiale"},"content":{"rendered":"<header>\n<div class=\"container\">\n<div class=\"cont\">\n<div class=\"right-cont\">\n<div class=\"top\">\n<div class=\"editions\">\n<div class=\"caption\"><em><span style=\"font-size: 14px;\">Le ministre de l&rsquo;Industrie et des Technologies avanc\u00e9es des \u00c9mirats arabes unis, Sultan Ahmed al-Jaber, s&rsquo;exprime lors de la CERAWeek by S&amp;P Global \u00e0 Houston, Texas, le 6 mars 2023.\u00a0<\/span><\/em><\/div>\n<div><\/div>\n<div><\/div>\n<\/div>\n<div><\/div>\n<div><\/div>\n<\/div>\n<\/div>\n<\/div>\n<\/div>\n<\/header>\n<p>&nbsp;<\/p>\n<div class=\"container\">\n<div class=\"row\">\n<div class=\"col-lg-8 right-col\">\n<section class=\"block news-post\">\n<article class=\"cont\">\n<div class=\"paragraph-list\">\n<h3><span style=\"color: #666699;\">Le Dr Sultan Al Jaber, Pr\u00e9sident d\u00e9sign\u00e9 de la COP28, est en visite cette semaine \u00e0 Paris dans le cadre d\u2019une tourn\u00e9e d\u2019\u00e9coute mondiale. Il participera notamment \u00e0 la table ronde des ambassadeurs de l&rsquo;Agence internationale de l&rsquo;\u00e9nergie (AIE) et rencontrera des repr\u00e9sentants de la soci\u00e9t\u00e9 civile, des membres du gouvernement, des repr\u00e9sentants d&rsquo;organismes internationaux et du secteur priv\u00e9.<\/span><\/h3>\n<p>&nbsp;<\/p>\n<\/div>\n<p>&nbsp;<\/p>\n<div class=\"paragraph-list\">\n<p>Le Dr. Al Jaber, qui sera accompagn\u00e9 par Son Excellence Shamma Al Mazrui, Ministre \u00e9mirienne du d\u00e9veloppement communautaire et championne des jeunes pour le climat de la COP28, insistera sur la n\u00e9cessit\u00e9 pour toutes les parties d&rsquo;avoir une place autour de la table et de contribuer \u00e0 l&rsquo;ordre du jour de la COP28 :\u00a0<i>\u00ab Ce dont le monde a besoin \u00e0 la COP28, ce n&rsquo;est pas seulement d&rsquo;une Conf\u00e9rence des parties, mais d&rsquo;une Conf\u00e9rence de toutes les parties. Nous avons besoin que tout le monde unisse ses forces maintenant, depuis nos universit\u00e9s et nos villes jusqu&rsquo;aux organisations de la soci\u00e9t\u00e9 civile et aux groupes de d\u00e9fense de la nature, en passant par tous les secteurs des gouvernements et de l&rsquo;industrie \u00bb<\/i>, pr\u00e9cise-t-il.<\/p>\n<p>Le Dr. Al Jaber pr\u00e9sentera \u00e9galement ses objectifs pour la COP28. Plus particuli\u00e8rement, il insistera sur la n\u00e9cessit\u00e9 d&rsquo;intensifier les efforts d&rsquo;att\u00e9nuation afin de r\u00e9duire de moiti\u00e9 les \u00e9missions d&rsquo;ici \u00e0 2030, d&rsquo;acc\u00e9l\u00e9rer la transition \u00e9nerg\u00e9tique, de doubler les financements pour l&rsquo;adaptation pour atteindre 40 milliards de dollars d&rsquo;ici \u00e0 2025 ainsi que de soutenir les communaut\u00e9s les plus vuln\u00e9rables au moyen d&rsquo;un fonds pour les pertes et les dommages. Pour faire avancer ces objectifs, le Dr. Al Jaber continuera \u00e0 plaider en faveur de r\u00e9formes au sein des institutions financi\u00e8res multilat\u00e9rales afin de faire passer le financement de la lutte contre le changement climatique de 1 100 milliards de dollars \u00e0 plus de 4 000 milliards de dollars par an.<\/p>\n<p>Pour atteindre ces objectifs, le Dr. Al Jaber entend mettre l\u2019accent sur l&rsquo;unit\u00e9 et la coop\u00e9ration n\u00e9cessaires entre toutes les parties prenantes :\u00a0<i>\u00ab Permettez-moi d&rsquo;adresser une invitation ouverte \u00e0 toutes les parties, qu&rsquo;il s&rsquo;agisse des gouvernements, du secteur priv\u00e9 ou de la soci\u00e9t\u00e9 civile. N&rsquo;oublions pas que le progr\u00e8s passe par le partenariat et non par la polarisation. Unissons un monde divis\u00e9 par le biais d&rsquo;une COP de la solidarit\u00e9, d\u2019une COP de l&rsquo;action et d\u2019une COP pour tous. Nous devons tous avancer dans la m\u00eame direction. Car il y a plus d&rsquo;\u00e9nergie dans l&rsquo;unit\u00e9 que dans la division \u00bb<\/i>, souligne-t-il.<\/p>\n<p>Cette visite est la derni\u00e8re en date de la tourn\u00e9e d\u2019\u00e9coute mondiale du Dr. Al Jaber. Il s\u2019agit d\u2019une s\u00e9rie de visites internationales qui a compt\u00e9 jusqu&rsquo;\u00e0 pr\u00e9sent des voyages fructueux en Inde, au Royaume-Uni, en Allemagne et aux \u00c9tats-Unis, avec des consultations suppl\u00e9mentaires pr\u00e9vues \u00e0 la fois dans les pays en d\u00e9veloppement et les pays d\u00e9velopp\u00e9s.<\/p>\n<p>Dans les mois \u00e0 venir, le Dr. Al Jaber continuera d&rsquo;\u00e9couter, de consulter et de dialoguer avec des repr\u00e9sentants de la soci\u00e9t\u00e9 civile, des peuples autochtones, du secteur priv\u00e9, des gouvernements, des femmes et de la jeunesse. Ce n&rsquo;est que par cet engagement inclusif, ouvert, constructif et positif que nous parviendrons \u00e0 r\u00e9aliser les avanc\u00e9es dont nous avons collectivement besoin.<\/p>\n<p>Gr\u00e2ce \u00e0 cette tourn\u00e9e, la pr\u00e9sidence de la COP28 entend susciter un sentiment commun d&rsquo;urgence \u00e0 l&rsquo;\u00e9gard de l&rsquo;action climatique et \u00e9couter les points de vue d&rsquo;un ensemble vari\u00e9 de parties prenantes issues de divers secteurs, notamment des gouvernements, des entreprises, des universit\u00e9s et de la soci\u00e9t\u00e9 civile, afin d\u2019unir les efforts en vue de la COP28.<\/p>\n<\/div>\n<\/article>\n<\/section>\n<\/div>\n<\/div>\n<\/div>\n<p>&nbsp;<\/p>\n","protected":false},"excerpt":{"rendered":"<p>Le ministre de l&rsquo;Industrie et des Technologies avanc\u00e9es des \u00c9mirats arabes unis, Sultan Ahmed al-Jaber, s&rsquo;exprime lors de la CERAWeek by S&amp;P Global \u00e0 Houston, Texas, le 6 mars 2023.\u00a0 &nbsp; Le Dr Sultan Al Jaber, Pr\u00e9sident d\u00e9sign\u00e9 de la COP28, est en visite cette semaine \u00e0 Paris dans le cadre d\u2019une tourn\u00e9e d\u2019\u00e9coute mondiale.<\/p>\n","protected":false},"author":87,"featured_media":104169,"comment_status":"open","ping_status":"open","sticky":false,"template":"","format":"standard","meta":{"_uf_show_specific_survey":0,"_uf_disable_surveys":false,"footnotes":""},"categories":[37],"tags":[],"class_list":{"0":"post-104166","1":"post","2":"type-post","3":"status-publish","4":"format-standard","5":"has-post-thumbnail","7":"category-alaune-fr"},"aioseo_notices":[],"_links":{"self":[{"href":"https:\/\/middleeasttransparent.com\/fr\/wp-json\/wp\/v2\/posts\/104166","targetHints":{"allow":["GET"]}}],"collection":[{"href":"https:\/\/middleeasttransparent.com\/fr\/wp-json\/wp\/v2\/posts"}],"about":[{"href":"https:\/\/middleeasttransparent.com\/fr\/wp-json\/wp\/v2\/types\/post"}],"author":[{"embeddable":true,"href":"https:\/\/middleeasttransparent.com\/fr\/wp-json\/wp\/v2\/users\/87"}],"replies":[{"embeddable":true,"href":"https:\/\/middleeasttransparent.com\/fr\/wp-json\/wp\/v2\/comments?post=104166"}],"version-history":[{"count":0,"href":"https:\/\/middleeasttransparent.com\/fr\/wp-json\/wp\/v2\/posts\/104166\/revisions"}],"wp:featuredmedia":[{"embeddable":true,"href":"https:\/\/middleeasttransparent.com\/fr\/wp-json\/wp\/v2\/media\/104169"}],"wp:attachment":[{"href":"https:\/\/middleeasttransparent.com\/fr\/wp-json\/wp\/v2\/media?parent=104166"}],"wp:term":[{"taxonomy":"category","embeddable":true,"href":"https:\/\/middleeasttransparent.com\/fr\/wp-json\/wp\/v2\/categories?post=104166"},{"taxonomy":"post_tag","embeddable":true,"href":"https:\/\/middleeasttransparent.com\/fr\/wp-json\/wp\/v2\/tags?post=104166"}],"curies":[{"name":"wp","href":"https:\/\/api.w.org\/{rel}","templated":true}]}}