{"id":103895,"date":"2023-03-13T12:39:15","date_gmt":"2023-03-13T11:39:15","guid":{"rendered":"https:\/\/middleeasttransparent.com\/?p=103895"},"modified":"2023-03-13T13:05:45","modified_gmt":"2023-03-13T12:05:45","slug":"un-nouveau-depart-pour-le-liban","status":"publish","type":"post","link":"https:\/\/middleeasttransparent.com\/fr\/un-nouveau-depart-pour-le-liban\/","title":{"rendered":"Un nouveau d\u00e9part pour le Liban"},"content":{"rendered":"<div class=\"single-headeris-center\"><\/div>\n<div class=\"entry post-content entry-content single-entry iframe-loaded\">\n<h3><span style=\"color: #666699;\">Rien ne va plus. Les rouages internes de la vie publique libanaise sont tous gripp\u00e9s. Le pays est comme suspendu tel un gibier de potence. La rupture verticale qui a tranch\u00e9 le pays, apr\u00e8s l\u2019assassinat de Rafik Hariri en 2005, entre un camp du 8-Mars (pro-iranien) et un camp du 14-Mars (pro-arabe et pro-occidental) peut-elle \u00eatre combl\u00e9e aujourd\u2019hui ? Le r\u00e9cent accord entre l\u2019Iran et l\u2019Arabie, annonc\u00e9 depuis Beijing, pourrait-il permettre un nouveau d\u00e9part d\u2019un pays r\u00e9duit en miettes par la discorde interne savamment entretenue au service de l\u2019int\u00e9r\u00eat \u00ab\u00a0des autres\u00a0\u00bb ?<\/span><\/h3>\n<p>&nbsp;<\/p>\n<p>Un constat doit \u00eatre fait avec r\u00e9alisme. La machine \u00ab\u00a0Liban\u00a0\u00bb est compl\u00e8tement gripp\u00e9e. Rien ne va plus. Les m\u00e9canismes constitutionnels ne sont plus en mesure d\u2019assurer une vie publique sereine. Il ne faut plus rien attendre de l\u2019\u00e9ch\u00e9ance \u00e9lectorale pr\u00e9sidentielle, de m\u00eame que les \u00e9lections parlementaires du printemps 2022 n\u2019ont men\u00e9 qu\u2019\u00e0 plus de blocage politico-institutionnel. L\u2019explosion apocalyptique sur le port en ao\u00fbt 2020 n\u2019a pas r\u00e9concili\u00e9 les seigneurs de la guerre. Elle n\u2019a en rien facilit\u00e9 un minimum de solidarit\u00e9 interne permettant l\u2019\u00e9mergence salutaire d\u2019un \u00ab\u00a0projet national\u00a0\u00bb libanais en mesure de refaire l\u2019\u00c9tat, d\u2019imposer son autorit\u00e9 et d\u2019assurer ses services. Au contraire, la dislocation du pays se poursuit inexorablement.<\/p>\n<div id=\"gallery-1\" class=\"gallery galleryid-200686 gallery-columns-1 gallery-size-full slick-initialized slick-slider\">\n<div class=\"slick-list draggable\" aria-live=\"polite\">\n<div class=\"slick-track\" role=\"listbox\">\n<figure class=\"gallery-item slick-slide slick-current slick-active\" tabindex=\"0\" role=\"option\" data-slick-index=\"0\" aria-hidden=\"false\" aria-describedby=\"slick-slide00\">\n<div class=\"gallery-icon portrait\"><img fetchpriority=\"high\" decoding=\"async\" class=\"attachment-full size-full aligncenter\" src=\"https:\/\/icibeyrouth.com\/wp-content\/uploads\/2023\/03\/131313.jpg\" sizes=\"(max-width: 564px) 100vw, 564px\" srcset=\"https:\/\/icibeyrouth.com\/wp-content\/uploads\/2023\/03\/131313.jpg 564w, https:\/\/icibeyrouth.com\/wp-content\/uploads\/2023\/03\/131313-148x170.jpg 148w, https:\/\/icibeyrouth.com\/wp-content\/uploads\/2023\/03\/131313-501x576.jpg 501w\" alt=\"\" width=\"564\" height=\"649\" \/><\/div>\n<\/figure>\n<\/div>\n<\/div>\n<\/div>\n<p><u><strong>Un bref rappel historique<\/strong><\/u><br \/>\nL\u2019impasse actuelle, inaugur\u00e9e en 2005, rappelle la situation au Mont-Liban entre 1840 et 1860. Suite aux campagnes militaires de Mehmet Ali et Ibrahim Pacha, deux camps internes \u00e9mergent dans la montagne. D\u2019une part, le camp franco-\u00e9gyptien soutenant les chr\u00e9tiens maronites; d\u2019autre part, un camp anglo-ottoman soutenant les druzes. Suite aux insurrections contre le pouvoir \u00e9gyptien, des violences \u00e9clatent \u00e0 Deir el Kamar en juin 1841, contre les maronites d\u2019abord. Les affrontements s\u2019\u00e9tendront bient\u00f4t \u00e0 toute la montagne. Le chef druze Chibli al Aryan sera d\u00e9fait \u00e0 Zahleh en octobre 1841. Le Mont-Liban sera, par apr\u00e8s, divis\u00e9 en deux districts ottomans (<em>ca\u00efmacamats<\/em>), maronite au nord de la route de Damas, druze au sud. Chaque district demeurait cependant multiconfessionnel. Celui du nord \u00e9tait rattach\u00e9 au Pachalik de Beyrouth, alors que celui du sud relevait du Pachalik de Sa\u00efda. Cette solution boiteuse n\u2019emp\u00eacha pas les violences de reprendre, comme en 1845 ou lors de la r\u00e9volte paysanne de 1858. Peu \u00e0 peu, ces conflits cristallisent la rivalit\u00e9, jusqu\u2019alors purement confessionnelle des communaut\u00e9s libanaises, en une s\u00e9paration politique. Selon l\u2019expression de Georges Corm: \u00ab\u00a0on assiste \u00e0 un alignement progressif de l\u2019affiliation confessionnelle des habitants du Mont-Liban sur l\u2019affiliation politique\u00a0\u00bb (1). En 2023, on en est toujours \u00e0 ce stade.<\/p>\n<p>Les massacres reprendront en 1860 et s\u2019\u00e9tendront jusqu\u2019\u00e0 la c\u00f4te ainsi qu\u2019\u00e0 la ville de Damas. Le conflit maronito-druze de la montagne deviendra pratiquement islamo-chr\u00e9tien. La France envoie un corps exp\u00e9ditionnaire. Un consortium international form\u00e9 de la France, la Russie, l\u2019Autriche, la Prusse et la Grande-Bretagne se met en place et n\u00e9gocie une solution \u00ab\u00a0neutralisant\u00a0\u00bb politiquement le Sandjak du Mont-Liban en le mettant \u00e0 distance des luttes intestines entretenues par les rivalit\u00e9s externes. C\u2019est ainsi qu\u2019on peut r\u00e9sumer l\u2019esprit du fameux\u00a0<strong>R\u00e8glement Organique de 1861<\/strong>\u00a0dit du\u00a0<strong>Mutassarifat du Mont-Liban<\/strong>. Les deux pr\u00e9c\u00e9dents districts de 1841 seront r\u00e9unifi\u00e9s en une seule entit\u00e9 relevant directement du Sultan ottoman, aux conditions du consortium des cinq puissances europ\u00e9ennes en question. La Sublime Porte nomme directement un gouverneur chr\u00e9tien-arm\u00e9nien de Constantinople, non-originaire du Mont-Liban, qui sera assist\u00e9 par un Conseil d\u2019administration \u00ab\u00a0<strong>consultatif<\/strong>\u00a0\u00bb compos\u00e9 des repr\u00e9sentants des diff\u00e9rentes communaut\u00e9s.<\/p>\n<p><u><strong>Le Mutassarifat de 1861 comme mod\u00e8le pour le XXI\u00b0s. ?<\/strong><\/u><br \/>\nAinsi la solution trouv\u00e9e, en 1861, fut non pas de s\u00e9parer les groupes confessionnels mais de les r\u00e9unifier au sein d\u2019un m\u00eame territoire relevant directement du gouvernement central ottoman et non plus de ses relais p\u00e9riph\u00e9riques r\u00e9gionaux comme les Pachas, les Walis et autres Bey. Cette province ottomane est reconnue autonome par le R\u00e8glement organique dont l\u2019ex\u00e9cution est mise sous la responsabilit\u00e9 de la Sublime Porte ainsi que de la \u00ab\u00a0tutelle\u00a0\u00bb de cinq puissances europ\u00e9ennes, plus particuli\u00e8rement de la France. Le territoire du Mont-Liban fut donc, de facto,\u00a0<strong>neutralis\u00e9 par rapport aux luttes intestines\u00a0<\/strong>pour la conqu\u00eate du pouvoir, aliment\u00e9es par l\u2019\u00e9tranger. Ce Mont-Liban, souvent \u00e9voqu\u00e9 avec nostalgie, fut en r\u00e9alit\u00e9<strong>\u00a0lib\u00e9r\u00e9 des violences sanglantes inter-claniques<\/strong> dans le cadre de la conqu\u00eate du pouvoir. Le Sandjak du Mont-Liban, comme Mutassarifat, conna\u00eetra ainsi une p\u00e9riode de longue prosp\u00e9rit\u00e9. Simultan\u00e9ment, la ville de Beyrouth se d\u00e9veloppait de mani\u00e8re fulgurante jusqu\u2019\u00e0 devenir en 1888 capitale administrative et politique d\u2019un vilayet ottoman moderne, mais surtout berceau de la grande renaissance culturelle arabe, la Nahda.<\/p>\n<p><img decoding=\"async\" class=\"wp-image-200708 size-full aligncenter\" src=\"https:\/\/icibeyrouth.com\/wp-content\/uploads\/2023\/03\/Picture1-1.jpg11111-1.jpg\" sizes=\"(max-width: 681px) 100vw, 681px\" srcset=\"https:\/\/icibeyrouth.com\/wp-content\/uploads\/2023\/03\/Picture1-1.jpg11111-1.jpg 681w, https:\/\/icibeyrouth.com\/wp-content\/uploads\/2023\/03\/Picture1-1.jpg11111-1-117x170.jpg 117w, https:\/\/icibeyrouth.com\/wp-content\/uploads\/2023\/03\/Picture1-1.jpg11111-1-397x576.jpg 397w\" alt=\"\" width=\"681\" height=\"989\" \/><\/p>\n<p>Aujourd\u2019hui, en 2023, au milieu des ruines fumantes de la R\u00e9publique libanaise, serait-il possible de s\u2019inspirer du mod\u00e8le de 1861 que nous venons d\u2019\u00e9voquer ? Le d\u00e9fi pos\u00e9 n\u2019est pas de repartir \u00e0 z\u00e9ro pour refaire l\u2019\u00c9tat mais de mettre le malade en<strong>\u00a0convalescence durant une p\u00e9riode transitoire<\/strong>, avant qu\u2019il ne puisse redevenir autonome et disposer de toutes ses forces.<br \/>\nOn se doit, en toute honn\u00eatet\u00e9 et r\u00e9alisme de reconna\u00eetre que\u00a0<strong>tous les m\u00e9canismes constitutionnels sont aujourd\u2019hui inop\u00e9rants<\/strong>. La situation ressemble \u00e9trangement \u00e0 celle de la p\u00e9riode 1840-1860. D\u2019un c\u00f4t\u00e9, il y a une puissance h\u00e9g\u00e9monique, l\u2019Iran des Mollahs en lieu et place de l\u2019Empire ottoman. Cette puissance exerce son influence d\u00e9terminante par le biais d\u2019une milice de mercenaires libanais enti\u00e8rement \u00e0 son service. En face, on note l\u2019existence d\u2019un groupe de cinq \u00c9tats qui se disent amis du Liban et qui viennent de se r\u00e9unir \u00e0 Paris. Ce nouveau groupe des cinq inclut les USA, la France, l\u2019Egypte, l\u2019Arabie Saoudite et le Qatar en lieu et place de la France, la Russie, la Grande Bretagne, l\u2019Autriche et la Prusse au XIX\u00b0 s. Il s\u2019agit donc d\u2019un club arabo-occidental. La r\u00e9cente rencontre de Beijing entre les Saoudiens et les Iraniens ainsi que leur d\u00e9claration finale pourraient, peut-\u00eatre, ouvrir la voie \u00e0 un\u00a0<strong>nouveau r\u00e8glement organique pour le Liban<\/strong>. Le groupe des cinq est l\u00e0 pour garantir une bonne sortie de crise. L\u2019Iran des Mollahs est l\u00e0 pour s\u2019assurer de la non-hostilit\u00e9 de tout gouverneur, n\u00e9cessairement chr\u00e9tien, qui pourrait administrer temporairement le Liban. Un conseil nomm\u00e9 pourrait\u00a0<strong>gouverner par d\u00e9crets-lois<\/strong>. La p\u00e9riode transitoire de convalescence serait ainsi mise \u00e0 profit pour entreprendre les r\u00e9formes structurelles urgentes, relancer l\u2019\u00e9conomie et, surtout, r\u00e9habiliter la justice. Suite \u00e0 quoi, la vie constitutionnelle reprendrait normalement. Entretemps, le peuple libanais aura eu droit \u00e0 conna\u00eetre l\u2019identit\u00e9 de ses tortionnaires et \u00e0 les voir \u00e9quitablement jug\u00e9s.<\/p>\n<p>\u00c0 d\u00e9faut d\u2019un nouveau Mutasarrifat de convalescence, la guerre civile permanente et la mont\u00e9e aux extr\u00eames iront en crescendo. Le Liban de 1920 a disparu. Il appartient aux libanais de 2023 de constituer enfin leur unit\u00e9 politique, loin des clanismes f\u00e9odaux et communautaires traditionnels.<\/p>\n<p>acourban@gmail.com<\/p>\n<p>\u2014\u2014\u2014\u2014\u2014\u2014\u2014\u2014\u2014\u2014<br \/>\n<strong>(1):\u00a0\u00a0<\/strong>\u00a0Georges Corm, Liban :\u00a0<em>Les guerres de l\u2019Europe et de l\u2019Orient,<\/em>\u00a0Gallimard, 1992 (r\u00e9impression)<\/p>\n<div class=\"clearfix\"><a href=\"https:\/\/icibeyrouth.com\/liban\/200686\">Ici Beyrouth<\/a><\/div>\n<footer class=\"article-footer hiba\"><\/footer>\n<\/div>\n","protected":false},"excerpt":{"rendered":"<p>Rien ne va plus. Les rouages internes de la vie publique libanaise sont tous gripp\u00e9s. Le pays est comme suspendu tel un gibier de potence. La rupture verticale qui a tranch\u00e9 le pays, apr\u00e8s l\u2019assassinat de Rafik Hariri en 2005, entre un camp du 8-Mars (pro-iranien) et un camp du 14-Mars (pro-arabe et pro-occidental) peut-elle<\/p>\n","protected":false},"author":33,"featured_media":103901,"comment_status":"open","ping_status":"open","sticky":false,"template":"","format":"standard","meta":{"_uf_show_specific_survey":0,"_uf_disable_surveys":false,"footnotes":""},"categories":[37],"tags":[],"class_list":{"0":"post-103895","1":"post","2":"type-post","3":"status-publish","4":"format-standard","5":"has-post-thumbnail","7":"category-alaune-fr"},"aioseo_notices":[],"_links":{"self":[{"href":"https:\/\/middleeasttransparent.com\/fr\/wp-json\/wp\/v2\/posts\/103895","targetHints":{"allow":["GET"]}}],"collection":[{"href":"https:\/\/middleeasttransparent.com\/fr\/wp-json\/wp\/v2\/posts"}],"about":[{"href":"https:\/\/middleeasttransparent.com\/fr\/wp-json\/wp\/v2\/types\/post"}],"author":[{"embeddable":true,"href":"https:\/\/middleeasttransparent.com\/fr\/wp-json\/wp\/v2\/users\/33"}],"replies":[{"embeddable":true,"href":"https:\/\/middleeasttransparent.com\/fr\/wp-json\/wp\/v2\/comments?post=103895"}],"version-history":[{"count":0,"href":"https:\/\/middleeasttransparent.com\/fr\/wp-json\/wp\/v2\/posts\/103895\/revisions"}],"wp:featuredmedia":[{"embeddable":true,"href":"https:\/\/middleeasttransparent.com\/fr\/wp-json\/wp\/v2\/media\/103901"}],"wp:attachment":[{"href":"https:\/\/middleeasttransparent.com\/fr\/wp-json\/wp\/v2\/media?parent=103895"}],"wp:term":[{"taxonomy":"category","embeddable":true,"href":"https:\/\/middleeasttransparent.com\/fr\/wp-json\/wp\/v2\/categories?post=103895"},{"taxonomy":"post_tag","embeddable":true,"href":"https:\/\/middleeasttransparent.com\/fr\/wp-json\/wp\/v2\/tags?post=103895"}],"curies":[{"name":"wp","href":"https:\/\/api.w.org\/{rel}","templated":true}]}}