{"id":103775,"date":"2023-03-08T22:01:40","date_gmt":"2023-03-08T21:01:40","guid":{"rendered":"https:\/\/middleeasttransparent.com\/?p=103775"},"modified":"2023-03-08T22:01:40","modified_gmt":"2023-03-08T21:01:40","slug":"un-pretre-maronite-nomme-secretaire-du-dicastere-des-eglises-orientales","status":"publish","type":"post","link":"https:\/\/middleeasttransparent.com\/fr\/un-pretre-maronite-nomme-secretaire-du-dicastere-des-eglises-orientales\/","title":{"rendered":"Un pr\u00eatre maronite nomm\u00e9 secr\u00e9taire du Dicast\u00e8re des \u00c9glises orientales"},"content":{"rendered":"<h3><span style=\"color: #666699;\">Jusqu&rsquo;ici recteur de l&rsquo;Universit\u00e9 Antonine de Baabda, au Liban, le p\u00e8re Michel Jalakh \u00e9tait aussi \u00e9tait secr\u00e9taire g\u00e9n\u00e9ral du Conseil des Eglises du Moyen-Orient<\/span><\/h3>\n<p>&nbsp;<\/p>\n<div class=\"title__separator\"><\/div>\n<div class=\"article__text\">\n<p><strong>Le p\u00e8re Michel Jalakh<\/strong>, O.A.M., pr\u00eatre maronite libanais, jusqu&rsquo;\u00e0 pr\u00e9sent recteur de l&rsquo;Universit\u00e9 Antonine de Baabda, au Liban, a \u00e9t\u00e9 nomm\u00e9 ce mercredi 15 f\u00e9vrier par le Pape Fran\u00e7ois comme nouveau secr\u00e9taire du Dicast\u00e8re pour les Eglises Orientales.<\/p>\n<p>N\u00e9 le 27 ao\u00fbt 1966 \u00e0 Baouchrieh (Liban), il a fait sa premi\u00e8re profession religieuse dans l&rsquo;Ordre Antonien Maronite le 15 ao\u00fbt 1983 et a \u00e9t\u00e9 ordonn\u00e9 pr\u00eatre le 21 avril 1991. De d\u00e9cembre 2000 \u00e0 juillet 2008, il a \u00e9t\u00e9 attach\u00e9 de secr\u00e9tariat \u00e0 l&rsquo;ancienne Congr\u00e9gation pour les \u00c9glises orientales. Il a re\u00e7u son doctorat en eccl\u00e9siologie de l&rsquo;Institut pontifical oriental de Rome (Italie) en 2008.<\/p>\n<p>De 2013 \u00e0 2018, il a \u00e9t\u00e9 secr\u00e9taire g\u00e9n\u00e9ral du Conseil des \u00c9glises du Moyen-Orient et membre de la Commission des relations \u0153cum\u00e9niques de l&rsquo;Assembl\u00e9e des patriarches et \u00e9v\u00eaques catholiques au Liban. Ma\u00eetre de conf\u00e9rences \u00e0 l&rsquo;universit\u00e9 Antonine de Baabda, il en est devenu le recteur en 2017.<\/p>\n<p>Le 21 novembre 2022, le Pape Fran\u00e7ois\u00a0<a href=\"https:\/\/www.vaticannews.va\/fr\/pape\/news\/2022-11\/le-pape-nomme-mgr-gugerotti-au-dicastere-eglises-orientales.html\">avait nomm\u00e9 le nouveau pr\u00e9fet du Dicast\u00e8re pour les \u00c9glises orientales<\/a>\u00a0: Mgr Claudio Gugerotti, 67 ans, jusqu&rsquo;alors nonce apostolique en Grande-Bretagne. Le pr\u00e9lat a commenc\u00e9 son service le 16 janvier.<\/p>\n<p><a href=\"https:\/\/www.vaticannews.va\/fr\/vatican\/news\/2023-02\/nomination-pape-francois-maronite-eglises-orientales.html\">Vatican News<\/a><\/p>\n<\/div>\n<p>&nbsp;<\/p>\n<h2 class=\"post-title item fn\"><a href=\"https:\/\/wp.me\/p6sGh8-qZ2\">Mgr Gugerotti nomm\u00e9 pr\u00e9fet du dicast\u00e8re pour les \u00c9glises orientales<\/a><\/h2>\n<p>&nbsp;<\/p>\n","protected":false},"excerpt":{"rendered":"<p>Jusqu&rsquo;ici recteur de l&rsquo;Universit\u00e9 Antonine de Baabda, au Liban, le p\u00e8re Michel Jalakh \u00e9tait aussi \u00e9tait secr\u00e9taire g\u00e9n\u00e9ral du Conseil des Eglises du Moyen-Orient &nbsp; Le p\u00e8re Michel Jalakh, O.A.M., pr\u00eatre maronite libanais, jusqu&rsquo;\u00e0 pr\u00e9sent recteur de l&rsquo;Universit\u00e9 Antonine de Baabda, au Liban, a \u00e9t\u00e9 nomm\u00e9 ce mercredi 15 f\u00e9vrier par le Pape Fran\u00e7ois comme<\/p>\n","protected":false},"author":689,"featured_media":103777,"comment_status":"open","ping_status":"open","sticky":false,"template":"","format":"standard","meta":{"_uf_show_specific_survey":0,"_uf_disable_surveys":false,"footnotes":""},"categories":[22],"tags":[],"class_list":{"0":"post-103775","1":"post","2":"type-post","3":"status-publish","4":"format-standard","5":"has-post-thumbnail","7":"category-actualites-fr"},"aioseo_notices":[],"_links":{"self":[{"href":"https:\/\/middleeasttransparent.com\/fr\/wp-json\/wp\/v2\/posts\/103775","targetHints":{"allow":["GET"]}}],"collection":[{"href":"https:\/\/middleeasttransparent.com\/fr\/wp-json\/wp\/v2\/posts"}],"about":[{"href":"https:\/\/middleeasttransparent.com\/fr\/wp-json\/wp\/v2\/types\/post"}],"author":[{"embeddable":true,"href":"https:\/\/middleeasttransparent.com\/fr\/wp-json\/wp\/v2\/users\/689"}],"replies":[{"embeddable":true,"href":"https:\/\/middleeasttransparent.com\/fr\/wp-json\/wp\/v2\/comments?post=103775"}],"version-history":[{"count":0,"href":"https:\/\/middleeasttransparent.com\/fr\/wp-json\/wp\/v2\/posts\/103775\/revisions"}],"wp:featuredmedia":[{"embeddable":true,"href":"https:\/\/middleeasttransparent.com\/fr\/wp-json\/wp\/v2\/media\/103777"}],"wp:attachment":[{"href":"https:\/\/middleeasttransparent.com\/fr\/wp-json\/wp\/v2\/media?parent=103775"}],"wp:term":[{"taxonomy":"category","embeddable":true,"href":"https:\/\/middleeasttransparent.com\/fr\/wp-json\/wp\/v2\/categories?post=103775"},{"taxonomy":"post_tag","embeddable":true,"href":"https:\/\/middleeasttransparent.com\/fr\/wp-json\/wp\/v2\/tags?post=103775"}],"curies":[{"name":"wp","href":"https:\/\/api.w.org\/{rel}","templated":true}]}}