{"id":103728,"date":"2023-03-07T21:13:57","date_gmt":"2023-03-07T20:13:57","guid":{"rendered":"https:\/\/middleeasttransparent.com\/?p=103728"},"modified":"2023-03-07T21:13:57","modified_gmt":"2023-03-07T20:13:57","slug":"mgr-gugerotti-nomme-prefet-du-dicastere-pour-les-eglises-orientales","status":"publish","type":"post","link":"https:\/\/middleeasttransparent.com\/fr\/mgr-gugerotti-nomme-prefet-du-dicastere-pour-les-eglises-orientales\/","title":{"rendered":"Mgr Gugerotti nomm\u00e9 pr\u00e9fet du dicast\u00e8re pour les \u00c9glises orientales"},"content":{"rendered":"<h3><span style=\"color: #666699;\">L&rsquo;archev\u00eaque italien de 67 ans, jusqu&rsquo;\u00e0 pr\u00e9sent nonce apostolique en Grande-Bretagne, a \u00e9t\u00e9 nomm\u00e9 lundi 21 novembre \u00e0 la t\u00eate du dicast\u00e8re par le Pape Fran\u00e7ois. Il y succ\u00e8dera au cardinal Leonardo Sandri qui quitte son poste pour raison d&rsquo;\u00e2ge.<\/span><\/h3>\n<div class=\"title__separator\"><\/div>\n<div class=\"article__text\">\n<p>&nbsp;<\/p>\n<p>Apr\u00e8s 15 ans, le dicast\u00e8re pour les \u00c9glises orientales change de responsable. Nomm\u00e9 pr\u00e9fet en juin 2007 par Beno\u00eet XVI puis confirm\u00e9 par Fran\u00e7ois en 2014, le cardinal argentin <strong>Leonardo Sandri<\/strong>, qui vient d&rsquo;avoir 79 ans, ne sera plus \u00e0 la t\u00eate du dicast\u00e8re \u00e0 partir de la mi-janvier. Il c\u00e8de sa place \u00e0 Mgr Claudio Gugerotti, 67 ans, nomm\u00e9 ce lundi par le Saint-P\u00e8re.<\/p>\n<h3><b>Ses \u00e9tudes et le d\u00e9but de son minist\u00e8re<\/b><\/h3>\n<p>N\u00e9 \u00e0 V\u00e9rone en 1955, Claudio Gugerotti a rejoint la Pieuse Soci\u00e9t\u00e9 de Don Nicola Mazza et a \u00e9t\u00e9 ordonn\u00e9 en 1982. \u00c0 l&rsquo;universit\u00e9 Ca&rsquo; Foscari de Venise, il obtient une licence en langues et litt\u00e9ratures orientales, suivie d\u2019une licence en liturgie \u00e0 l&rsquo;Ath\u00e9n\u00e9e pontifical Saint Anselme et d\u2019un doctorat en sciences eccl\u00e9siastiques orientales \u00e0 l&rsquo;Institut pontifical oriental. En tant que conf\u00e9rencier, il enseigne dans les universit\u00e9s de Venise, de Padoue et de Rome, ainsi qu&rsquo;\u00e0 l\u2019universit\u00e9 pontificale Gr\u00e9gorienne et \u00e0 l&rsquo;Institut pontifical oriental.<\/p>\n<h3><b>Nonce en Asie centrale<\/b><\/h3>\n<div>\n<aside class=\"article__readmore\">\n<div class=\"teaser--labelEvidence teaser teaser--type-article \">\n<article>\n<div class=\"teaser__labelWrapper\">\n<div class=\"teaser__label\"><\/div>\n<\/div>\n<div class=\"teaser__contentWrapper\"><\/div>\n<\/article>\n<\/div>\n<\/aside>\n<\/div>\n<p>C&rsquo;est au sein de la Congr\u00e9gation pour les \u00c9glises orientales, anc\u00eatre de l\u2019actuel dicast\u00e8re, que Mgr Gugerotti a commenc\u00e9 \u00e0 servir le Saint-Si\u00e8ge en 1985, ce qui a abouti \u00e0 sa nomination comme sous-secr\u00e9taire de la m\u00eame Congr\u00e9gation en 1997. Il a \u00e9t\u00e9 consultant aupr\u00e8s du Bureau des c\u00e9l\u00e9brations liturgiques pontificales de 1990 \u00e0 2001, ann\u00e9e au cours de laquelle il a \u00e9t\u00e9 \u00e9lu archev\u00eaque titulaire de Ravello en d\u00e9cembre, puis a re\u00e7u la cons\u00e9cration \u00e9piscopale des mains de Jean-Paul II en 2002. S\u2019en suivent deux d\u00e9cennies au service de la diplomatie du Saint-Si\u00e8ge.<\/p>\n<p>I<strong>l sera nonce apostolique en G\u00e9orgie, en Arm\u00e9nie et en Azerba\u00efdjan<\/strong>. En 2011, Beno\u00eet XVI l&rsquo;affecte \u00e0 la <strong>Bi\u00e9lorussie<\/strong>, tandis que le Pape Fran\u00e7ois l&rsquo;envoie en <strong>Ukraine<\/strong> en 2015, puis en <strong>Grande-Bretagne<\/strong> en 2020.<\/p>\n<h3><b>Publications<\/b><\/h3>\n<p>Outre de nombreux articles et essais, Mgr Gugerotti est l&rsquo;auteur de plusieurs volumes dans lesquels il condense son exp\u00e9rience et ses \u00e9tudes, dont\u00a0<i>La liturgie arm\u00e9nienne d&rsquo;ordination et l&rsquo;\u00e8re cilicienne. R\u00e9sultats rituels d&rsquo;une th\u00e9ologie de la communion entre les \u00c9glises<\/i>\u00a0(Rome 2001);<i>\u00a0L&rsquo;homme nouveau, un \u00eatre liturgique<\/i>\u00a0(Rome 2005), \u00e9galement traduit en roumain et en ukrainien,\u00a0<i>Caucase et ses environs<\/i>\u00a0(Rome 2012) et\u00a0<i>Reflets d&rsquo;Orient<\/i>\u00a0(Bose 2012).<\/p>\n<\/div>\n<div id=\"banner-donazioni\" class=\"article_banner\"><a href=\"https:\/\/www.vaticannews.va\/fr\/pape\/news\/2022-11\/le-pape-nomme-mgr-gugerotti-au-dicastere-eglises-orientales.html\">Vatican News<\/a><\/div>\n","protected":false},"excerpt":{"rendered":"<p>L&rsquo;archev\u00eaque italien de 67 ans, jusqu&rsquo;\u00e0 pr\u00e9sent nonce apostolique en Grande-Bretagne, a \u00e9t\u00e9 nomm\u00e9 lundi 21 novembre \u00e0 la t\u00eate du dicast\u00e8re par le Pape Fran\u00e7ois. Il y succ\u00e8dera au cardinal Leonardo Sandri qui quitte son poste pour raison d&rsquo;\u00e2ge. &nbsp; Apr\u00e8s 15 ans, le dicast\u00e8re pour les \u00c9glises orientales change de responsable. Nomm\u00e9 pr\u00e9fet<\/p>\n","protected":false},"author":689,"featured_media":103731,"comment_status":"open","ping_status":"open","sticky":false,"template":"","format":"standard","meta":{"_uf_show_specific_survey":0,"_uf_disable_surveys":false,"footnotes":""},"categories":[22],"tags":[],"class_list":{"0":"post-103728","1":"post","2":"type-post","3":"status-publish","4":"format-standard","5":"has-post-thumbnail","7":"category-actualites-fr"},"aioseo_notices":[],"_links":{"self":[{"href":"https:\/\/middleeasttransparent.com\/fr\/wp-json\/wp\/v2\/posts\/103728","targetHints":{"allow":["GET"]}}],"collection":[{"href":"https:\/\/middleeasttransparent.com\/fr\/wp-json\/wp\/v2\/posts"}],"about":[{"href":"https:\/\/middleeasttransparent.com\/fr\/wp-json\/wp\/v2\/types\/post"}],"author":[{"embeddable":true,"href":"https:\/\/middleeasttransparent.com\/fr\/wp-json\/wp\/v2\/users\/689"}],"replies":[{"embeddable":true,"href":"https:\/\/middleeasttransparent.com\/fr\/wp-json\/wp\/v2\/comments?post=103728"}],"version-history":[{"count":0,"href":"https:\/\/middleeasttransparent.com\/fr\/wp-json\/wp\/v2\/posts\/103728\/revisions"}],"wp:featuredmedia":[{"embeddable":true,"href":"https:\/\/middleeasttransparent.com\/fr\/wp-json\/wp\/v2\/media\/103731"}],"wp:attachment":[{"href":"https:\/\/middleeasttransparent.com\/fr\/wp-json\/wp\/v2\/media?parent=103728"}],"wp:term":[{"taxonomy":"category","embeddable":true,"href":"https:\/\/middleeasttransparent.com\/fr\/wp-json\/wp\/v2\/categories?post=103728"},{"taxonomy":"post_tag","embeddable":true,"href":"https:\/\/middleeasttransparent.com\/fr\/wp-json\/wp\/v2\/tags?post=103728"}],"curies":[{"name":"wp","href":"https:\/\/api.w.org\/{rel}","templated":true}]}}