{"id":103135,"date":"2023-02-16T22:07:08","date_gmt":"2023-02-16T21:07:08","guid":{"rendered":"https:\/\/middleeasttransparent.com\/?p=103135"},"modified":"2023-02-16T22:07:08","modified_gmt":"2023-02-16T21:07:08","slug":"iran-la-base-souterraine-pour-avions-de-chasse-geolocalisee-par-les-internautes","status":"publish","type":"post","link":"https:\/\/middleeasttransparent.com\/fr\/iran-la-base-souterraine-pour-avions-de-chasse-geolocalisee-par-les-internautes\/","title":{"rendered":"Iran\u00a0: la base souterraine pour avions de chasse g\u00e9olocalis\u00e9e par les internautes"},"content":{"rendered":"<div class=\"fig-wrapper fig-zone-main fig-heading-article etx-relative\">\n<div class=\"etx-player\" data-play-btn-radius=\"4px\" data-play-btn-align=\"-10px\" data-play-btn-icon=\"straight-full\" data-enable-ads=\"true\" data-ads-channel-id=\"039f2e6b-916b-444b-9d6f-058fa9dc3164\" data-ads-keywords=\"International\" data-content-tier=\"free\" data-main-color=\"#163860\" data-play-btn-color=\"#fff\" data-track-bg-color=\"#d3e7ff\" data-time-color=\"#727272\" data-credit-text-color=\"#727272\" data-listen-article-text=\"\u00c9couter cet article\" data-showdisabled=\"true\" data-version=\"2023-02-16T16:18:45+01:00\" data-information-tooltip=\"true\" data-api-key=\"fbEE0ViWcQ5oP5oxq0WuN67lobSf4P21c09VMPPd\" data-hide-credits=\"true\" data-v=\"2.2.8\">\n<div class=\"facade-container \">\n<div class=\"facade-container-track\">\n<h3 class=\"facade-progress\"><span style=\"color: #666699;\">L&rsquo;arm\u00e9e iranienne avait d\u00e9voil\u00e9 au d\u00e9but du mois de f\u00e9vrier sa premi\u00e8re base souterraine capable d&rsquo;accueillir des avions de chasse et de r\u00e9sister \u00e0 d&rsquo;\u00e9ventuels bombardements am\u00e9ricains.<\/span><\/h3>\n<\/div>\n<\/div>\n<\/div>\n<\/div>\n<div class=\"fig-ad-content fig-ad-content--native_atf\">\n<div data-figtag=\"native_atf\"><\/div>\n<\/div>\n<div class=\"fig-content-body\" data-agora-base-url=\"https:\/\/connect.lefigaro.fr\" data-component=\"fig-content-body\" data-context=\"was @visible\" data-id=\"bGVmaWdhcm8uZnJfX2M0YzE0ODA4LTYyMDMtMTFlZC04ZmYwLWEwMzY5ZjkxZjMwNF9fTmV3c0ZsYXNo\" data-module=\"fig-body\" data-premium=\"false\">\n<p class=\"fig-paragraph\">L&rsquo;Arm\u00e9e de l&rsquo;air iranienne avait diffus\u00e9 des images au d\u00e9but du mois de f\u00e9vrier de sa nouvelle base souterraine baptis\u00e9 Aigle-44. Ayant la capacit\u00e9 de recevoir des avions de chasse, des bombardiers et des drones, la t\u00e9l\u00e9vision d&rsquo;\u00c9tat avait vant\u00e9 une base au c\u0153ur des montagnes Zagros, \u00ab<em>\u00e0 plusieurs centaines de m\u00e8tres de profondeur<\/em>\u00bb, sans pour autant r\u00e9v\u00e9ler l&#8217;emplacement exact de la nouvelle installation.<\/p>\n<div class=\"fig-newsletter-box fig-container\">\n<div data-module=\"fig-newsletter-box\" data-context=\"was @visible\" data-url=\"https:\/\/static.lefigaro.fr\/agora\/widget-newsletter\/fignewsletter-short-ttl.js\" data-variant=\"article\" data-site-name=\"lefigaro\"><\/div>\n<\/div>\n<p class=\"fig-paragraph\">Mais les analyses issues du renseignement d&rsquo;origine sources ouvertes (OSINT) ont permis de localiser pr\u00e9ciser cette nouvelle base secr\u00e8te, comme l&rsquo;indique le\u00a0<em>Blog de la D\u00e9fense<\/em>. \u00ab<em>La base a\u00e9rienne souterraine pas si secr\u00e8te de l&rsquo;Iran<\/em>\u00bb, a notamment d\u00e9clar\u00e9 sur Twitter Joseph Dempsey, chercheur en d\u00e9fense \u00e0 l&rsquo;Institut international d&rsquo;\u00e9tudes strat\u00e9giques en fournissant des coordonn\u00e9es GPS.<\/p>\n<div class=\"fig-tweet\" data-module=\"fig-tweet\" data-context=\"was @nearlyvisible\">\n<div class=\"fig-embed\">\n<div class=\"twitter-tweet twitter-tweet-rendered\"><iframe id=\"twitter-widget-0\" class=\"\" title=\"Twitter Tweet\" src=\"https:\/\/platform.twitter.com\/embed\/Tweet.html?creatorScreenName=Figaro_Inter&amp;dnt=false&amp;embedId=twitter-widget-0&amp;features=eyJ0ZndfdGltZWxpbmVfbGlzdCI6eyJidWNrZXQiOltdLCJ2ZXJzaW9uIjpudWxsfSwidGZ3X2ZvbGxvd2VyX2NvdW50X3N1bnNldCI6eyJidWNrZXQiOnRydWUsInZlcnNpb24iOm51bGx9LCJ0ZndfdHdlZXRfZWRpdF9iYWNrZW5kIjp7ImJ1Y2tldCI6Im9uIiwidmVyc2lvbiI6bnVsbH0sInRmd19yZWZzcmNfc2Vzc2lvbiI6eyJidWNrZXQiOiJvbiIsInZlcnNpb24iOm51bGx9LCJ0Zndfc2hvd19idXNpbmVzc192ZXJpZmllZF9iYWRnZSI6eyJidWNrZXQiOiJvbiIsInZlcnNpb24iOm51bGx9LCJ0ZndfbWl4ZWRfbWVkaWFfMTU4OTciOnsiYnVja2V0IjoidHJlYXRtZW50IiwidmVyc2lvbiI6bnVsbH0sInRmd19leHBlcmltZW50c19jb29raWVfZXhwaXJhdGlvbiI6eyJidWNrZXQiOjEyMDk2MDAsInZlcnNpb24iOm51bGx9LCJ0ZndfZHVwbGljYXRlX3NjcmliZXNfdG9fc2V0dGluZ3MiOnsiYnVja2V0Ijoib24iLCJ2ZXJzaW9uIjpudWxsfSwidGZ3X3ZpZGVvX2hsc19keW5hbWljX21hbmlmZXN0c18xNTA4MiI6eyJidWNrZXQiOiJ0cnVlX2JpdHJhdGUiLCJ2ZXJzaW9uIjpudWxsfSwidGZ3X3Nob3dfYmx1ZV92ZXJpZmllZF9iYWRnZSI6eyJidWNrZXQiOiJvbiIsInZlcnNpb24iOm51bGx9LCJ0ZndfbGVnYWN5X3RpbWVsaW5lX3N1bnNldCI6eyJidWNrZXQiOnRydWUsInZlcnNpb24iOm51bGx9LCJ0Zndfc2hvd19nb3ZfdmVyaWZpZWRfYmFkZ2UiOnsiYnVja2V0Ijoib24iLCJ2ZXJzaW9uIjpudWxsfSwidGZ3X3Nob3dfYnVzaW5lc3NfYWZmaWxpYXRlX2JhZGdlIjp7ImJ1Y2tldCI6Im9uIiwidmVyc2lvbiI6bnVsbH0sInRmd190d2VldF9lZGl0X2Zyb250ZW5kIjp7ImJ1Y2tldCI6Im9uIiwidmVyc2lvbiI6bnVsbH19&amp;frame=false&amp;hideCard=false&amp;hideThread=true&amp;id=1623301386069852160&amp;lang=fr&amp;origin=https%3A%2F%2Fwww.lefigaro.fr%2Finternational%2Firan-la-base-souterraine-pour-avions-de-chasse-geolocalisee-par-les-internautes-20230216&amp;sessionId=315114f57cadbe78c68559f818c00e9d90a4d3b6&amp;siteScreenName=Figaro_Inter&amp;theme=light&amp;widgetsVersion=aaf4084522e3a%3A1674595607486&amp;width=550px\" frameborder=\"0\" scrolling=\"no\" allowfullscreen=\"allowfullscreen\" data-mce-fragment=\"1\"><\/iframe><\/div>\n<\/div>\n<\/div>\n<p class=\"fig-paragraph\">\u00c0 partir des images officielles fournies par l&rsquo;Iran et o\u00f9 l&rsquo;on aper\u00e7oit certaines entr\u00e9es de la base a\u00e9rienne souterraine, l&rsquo;expert a ainsi recoup\u00e9 avec des images satellites la localisation probable de la base.<\/p>\n<p class=\"fig-paragraph\">En mai 2022, l&rsquo;Iran avait d\u00e9j\u00e0 montr\u00e9 pour la premi\u00e8re fois les images d&rsquo;une base de drones situ\u00e9e dans les montagnes de Zagros, dans l&rsquo;ouest du pays. \u00ab<em>Aigle-44 est l&rsquo;une des nombreuses bases a\u00e9riennes tactiques souterraines de l&rsquo;Arm\u00e9e de l&rsquo;air construites dans diff\u00e9rentes r\u00e9gions du pays au cours des derni\u00e8res ann\u00e9es<\/em>\u00bb, a pr\u00e9cis\u00e9 au d\u00e9but du mois l&rsquo;agence Irna.<\/p>\n<figure class=\"fig-media fig-media--type-vid\" data-media-type=\"VID\" data-media-id=\"758cc71e-ad64-11ed-a91c-42010a05f00d\">\n<div class=\"fig-embed\">\n<div class=\"playerWrapper widget-video-styles-vkus6d e1pxm5ag0\">\n<div class=\"jwplayer__player isLoading isUnMuted widget-video-styles-1ev0ie7 e1in5aob0\">\n<div id=\"widget-video-DtGpZ6d4\" class=\"jwplayer jw-reset jw-state-setup jw-stretch-uniform jw-flag-aspect-mode\" tabindex=\"0\" role=\"application\" aria-label=\"Video Player\">\n<div class=\"jw-wrapper jw-reset\">\n<div class=\"jw-hidden-accessibility\"><\/div>\n<\/div>\n<div class=\"afs_ads ad-placement\"><\/div>\n<\/div>\n<\/div>\n<\/div>\n<\/div>\n<\/figure>\n<h2 id=\"subhead-7769bd02-27e4-46c6-96d7-b71018687001\" class=\"fig-body-heading\">Avions de combat Azarakhsh<\/h2>\n<p class=\"fig-paragraph\">L&rsquo;arm\u00e9e de l&rsquo;air iranienne est \u00e9quip\u00e9e essentiellement d&rsquo;avions de combat russes MiG et Soukho\u00ef datant de l&rsquo;\u00e9poque sovi\u00e9tique, de quelques appareils chinois, et de F4 et F5 am\u00e9ricains d&rsquo;avant la r\u00e9volution islamique de 1979. Ces derni\u00e8res ann\u00e9es, le pays a fabriqu\u00e9 des avions de combat Azarakhsh, une version indig\u00e8ne du F-5.<\/p>\n<figure class=\"fig-media fig-media--type-photo \">\n<div class=\"fig-media__container fig-placeholder fig-i-e6224ebcbf243aa55bbf72bc2d95729b fig-lazy fig-placeholder--with-dimensions fig-placeholder--transparent\" style=\"box-sizing: border-box; border: 0px; font-style: inherit; font-variant: inherit; font-weight: inherit; font-stretch: inherit; line-height: inherit; font-family: inherit; font-size: 16px; margin: 0px auto; padding: 0px; vertical-align: baseline; max-width: 100%; position: relative; cursor: pointer; width: 704px;\" role=\"button\" data-module=\"fig-photo\" data-context=\"was @visible\" data-modal-image=\"&lt;img srcset=&quot;https:\/\/i.f1g.fr\/media\/cms\/1194x804\/2023\/02\/16\/ba09ef4fb7c1e14e6d1add79c6f129ab6aa3f2ba6b11ec437c15e6d31eaa1cf0.jpg, https:\/\/i.f1g.fr\/media\/cms\/704x704\/2023\/02\/16\/ba09ef4fb7c1e14e6d1add79c6f129ab6aa3f2ba6b11ec437c15e6d31eaa1cf0.jpg, https:\/\/i.f1g.fr\/media\/cms\/320x395\/2023\/02\/16\/ba09ef4fb7c1e14e6d1add79c6f129ab6aa3f2ba6b11ec437c15e6d31eaa1cf0.jpg&quot; sizes=&quot;(min-width: 64em) 1194px, (min-width: 48em) and (max-width: 63.99em) 704px, 100vw&quot; class=&quot;fig-media-modal__image&quot; alt=&quot;&quot;\/&gt;\" data-modal-image-credit=\"WANA NEWS AGENCY \/ REUTERS\" aria-label=\"Agrandir l'image\">\n<p><img class=\"fig-media-photo fig-img--complete\" srcset=\"https:\/\/i.f1g.fr\/media\/cms\/704x469\/2023\/02\/16\/ba09ef4fb7c1e14e6d1add79c6f129ab6aa3f2ba6b11ec437c15e6d31eaa1cf0.jpg 702w\" alt=\"\" \/><\/p>\n<div class=\"fig-media__button\"><\/div>\n<\/div><figcaption class=\"fig-media__legend\">Une entr\u00e9e de la base.\u00a0<span class=\"fig-media__credits\">WANA NEWS AGENCY \/ REUTERS<\/span><\/figcaption><\/figure>\n<p class=\"fig-paragraph\">L&rsquo;Iran a \u00e9galement commenc\u00e9 \u00e0 d\u00e9velopper des programmes de drones dans les ann\u00e9es 1980 lors de la guerre Iran-Irak (1980-1988). D\u00e9but f\u00e9vrier, un site militaire du minist\u00e8re de la D\u00e9fense \u00e0 Ispahan (centre) avait \u00e9t\u00e9 vis\u00e9 par des drones quadricopt\u00e8res, qui n&rsquo;avaient pas fait de victimes, seulement des \u00ab<em>d\u00e9g\u00e2ts mineurs<\/em>\u00bb selon le minist\u00e8re.<\/p>\n<p class=\"fig-paragraph\">L&rsquo;ambassadeur d&rsquo;Iran aux Nations unies a ensuite accus\u00e9 Isra\u00ebl d&rsquo;\u00eatre \u00ab<em>responsable<\/em>\u00bb de cette attaque, qui fait suite \u00e0 une s\u00e9rie de sabotages et d&rsquo;assassinats attribu\u00e9s \u00e0 ce pays. Les deux pays se livrent depuis des ann\u00e9es une guerre larv\u00e9e, Isra\u00ebl accusant l&rsquo;Iran &#8212; qui d\u00e9ment &#8212; de vouloir acqu\u00e9rir la bombe atomique.<\/p>\n<\/div>\n","protected":false},"excerpt":{"rendered":"<p>L&rsquo;arm\u00e9e iranienne avait d\u00e9voil\u00e9 au d\u00e9but du mois de f\u00e9vrier sa premi\u00e8re base souterraine capable d&rsquo;accueillir des avions de chasse et de r\u00e9sister \u00e0 d&rsquo;\u00e9ventuels bombardements am\u00e9ricains. L&rsquo;Arm\u00e9e de l&rsquo;air iranienne avait diffus\u00e9 des images au d\u00e9but du mois de f\u00e9vrier de sa nouvelle base souterraine baptis\u00e9 Aigle-44. Ayant la capacit\u00e9 de recevoir des avions<\/p>\n","protected":false},"author":97,"featured_media":103140,"comment_status":"open","ping_status":"open","sticky":false,"template":"","format":"standard","meta":{"_uf_show_specific_survey":0,"_uf_disable_surveys":false,"footnotes":""},"categories":[37],"tags":[],"class_list":{"0":"post-103135","1":"post","2":"type-post","3":"status-publish","4":"format-standard","5":"has-post-thumbnail","7":"category-alaune-fr"},"aioseo_notices":[],"_links":{"self":[{"href":"https:\/\/middleeasttransparent.com\/fr\/wp-json\/wp\/v2\/posts\/103135","targetHints":{"allow":["GET"]}}],"collection":[{"href":"https:\/\/middleeasttransparent.com\/fr\/wp-json\/wp\/v2\/posts"}],"about":[{"href":"https:\/\/middleeasttransparent.com\/fr\/wp-json\/wp\/v2\/types\/post"}],"author":[{"embeddable":true,"href":"https:\/\/middleeasttransparent.com\/fr\/wp-json\/wp\/v2\/users\/97"}],"replies":[{"embeddable":true,"href":"https:\/\/middleeasttransparent.com\/fr\/wp-json\/wp\/v2\/comments?post=103135"}],"version-history":[{"count":0,"href":"https:\/\/middleeasttransparent.com\/fr\/wp-json\/wp\/v2\/posts\/103135\/revisions"}],"wp:featuredmedia":[{"embeddable":true,"href":"https:\/\/middleeasttransparent.com\/fr\/wp-json\/wp\/v2\/media\/103140"}],"wp:attachment":[{"href":"https:\/\/middleeasttransparent.com\/fr\/wp-json\/wp\/v2\/media?parent=103135"}],"wp:term":[{"taxonomy":"category","embeddable":true,"href":"https:\/\/middleeasttransparent.com\/fr\/wp-json\/wp\/v2\/categories?post=103135"},{"taxonomy":"post_tag","embeddable":true,"href":"https:\/\/middleeasttransparent.com\/fr\/wp-json\/wp\/v2\/tags?post=103135"}],"curies":[{"name":"wp","href":"https:\/\/api.w.org\/{rel}","templated":true}]}}