{"id":102789,"date":"2023-02-01T05:21:38","date_gmt":"2023-02-01T04:21:38","guid":{"rendered":"https:\/\/middleeasttransparent.com\/?p=102789"},"modified":"2023-02-01T23:25:43","modified_gmt":"2023-02-01T22:25:43","slug":"augmenter-limmigration-de-travail-avec-six-millions-de-chomeurs-est-ce-bien-responsable","status":"publish","type":"post","link":"https:\/\/middleeasttransparent.com\/fr\/augmenter-limmigration-de-travail-avec-six-millions-de-chomeurs-est-ce-bien-responsable\/","title":{"rendered":"Augmenter l\u2019immigration de travail avec six millions de ch\u00f4meurs, est-ce bien responsable\u00a0?"},"content":{"rendered":"<header class=\"header-article\">\n<figure>\n<div>\n<div><\/div>\n<\/div>\n<\/figure>\n<\/header>\n<section id=\"section-article\">\n<div id=\"section-articleContent\">\n<p class=\"article_element introduction\"><strong>Le projet de loi immigration devrait \u00eatre pr\u00e9sent\u00e9 en Conseil des ministres aujourd\u2019hui. L\u2019universitaire, ancien professeur d\u2019histoire \u00e9conomique contemporaine en pr\u00e9pa HEC et auteur de nombreux ouvrages remarqu\u00e9s &#8211; On a cass\u00e9 la R\u00e9publique. 150 ans d\u2019histoire de la nation (Tallandier, 2020), L\u2019IMPASSE DE la m\u00e9tropolisation (Gallimard, coll. \u00ab Le D\u00e9bat \u00bb, 2021) et La France qui d\u00e9classe. De la d\u00e9sindustrialisation \u00e0 la crise sanitaire (Texto, 2022) -, explique pourquoi il doute fortement de la justesse des choix de l\u2019ex\u00e9cutif. Derri\u00e8re l\u2019argument des emplois non pourvus, singulier compte tenu du ch\u00f4mage de masse qui persiste en France, l\u2019accroissemen du nombre de consommateurs reste l\u2019objectif premier des pouvoirs publics, estime l\u2019auteur.<\/strong><\/p>\n<p>&nbsp;<\/p>\n<h3><span style=\"color: #666699;\">Les classes populaires fran\u00e7aises n\u2019ont pas disparu, alors que le travail manuel a \u00e9t\u00e9 d\u00e9qualifi\u00e9 et disqualifi\u00e9 par des revenus trop faibles et l\u2019impossibilit\u00e9 de se loger dans les m\u00e9tropoles. Sur ces entrefaites, le gouvernement propose \u00e0 l\u2019hiver 2022 un vingt-neuvi\u00e8me projet de loi sur l\u2019immigration depuis 1980. Vise-t-il l\u2019expulsion des d\u00e9linquants sous OQTF, la r\u00e9gularisation du million d\u2019ill\u00e9gaux vivant en m\u00e9tropole selon l\u2019hypoth\u00e8se la plus plausible (en 2018, un rapport parlementaire les estimait entre 150\u00a0000 et 400 000 dans la seule Seine-Saint-Denis), ou l\u2019accroissement de l\u2019immigration du travail \u00e0 la demande du patronat, sachant que certains employeurs peu scrupuleux \u00ab\u00a0b\u00e9n\u00e9ficient\u00a0\u00bb d\u00e9j\u00e0 du travail au noir\u00a0?<\/span><\/h3>\n<p>&nbsp;<\/p>\n<p class=\"article_element paragraph\"><strong>Au pays des six millions de ch\u00f4meurs \u00e0 temps complet ou partiel, \u00e0 quoi s\u2019ajoutent sept millions d\u2019adultes d\u2019\u00e2ge actif assist\u00e9s ou oisifs, la chose \u00e9tonne<\/strong>. Rappelons en effet que les six millions de ch\u00f4meurs officiels des cinq cat\u00e9gories de P\u00f4le emploi appartiennent aux 29,6\u00a0millions d\u2019\u00ab\u00a0actifs\u00a0\u00bb\u00a0; et qu\u2019\u00e0 cela s\u2019ajoutent sept millions de Fran\u00e7ais &#8211;\u00a0dont 3\u00a0millions de jeunes dits \u00ab\u00a0ni en emploi, ni en \u00e9tudes, ni en formation\u00a0\u00bb (situation d\u00e9sign\u00e9e par l\u2019acronyme anglais Neet, pour \u00ab\u00a0Not in education, employment or training\u00a0\u00bb)\u00a0&#8211; en \u00e2ge et condition d\u2019\u00eatre actifs et soustraits au march\u00e9 de l\u2019emploi (<a href=\"https:\/\/www.lefigaro.fr\/vox\/economie\/pierre-vermeren-comment-l-economie-francaise-est-devenue-un-village-potemkine-20221010\">voir la tribune de Pierre Vermeren \u00ab\u00a0Comment l\u2019\u00e9conomie fran\u00e7aise est devenue un village Potemkine\u00a0\u00bb, nos \u00e9ditions du 11\u00a0octobre 2022<\/a>).<\/p>\n<p class=\"article_element paragraph\"><strong>Le plus vraisemblable est qu\u2019\u00e0 la suite de ses pr\u00e9d\u00e9cesseurs, et contre l\u2019avis des citoyens fran\u00e7ais selon les \u00e9tudes d\u2019opinion, le gouvernement p\u00e9rennise, voire intensifie, l\u2019immigration. Pourquoi\u00a0?<\/strong><\/p>\n<p class=\"article_element paragraph\">Partons de quelques observations\u00a0: la cohabitation entre nos opulentes m\u00e9tropoles et l\u2019abandon de pans entiers de la France p\u00e9riph\u00e9rique\u00a0: il suffit au hasard de visiter la Haute-Marne, l\u2019Aisne ou le Tarn-et-Garonne, sans parler des DOM\u00a0; la coexistence des \u00ab\u00a0m\u00e9tiers en tension\u00a0\u00bb et des emplois non pourvus, et de millions d\u2019inactifs et de ch\u00f4meurs\u00a0; l\u2019intensification de l\u2019immigration estudiantine (400\u00a0000 \u00e9tudiants \u00e9trangers pr\u00e9sents en France en 2021) dans une universit\u00e9 sans moyens, alors que certains \u00e9tudiants peinent \u00e0 vivre d\u00e9cemment -parfois m\u00eame \u00e0 se loger- et donc \u00e0 \u00e9tudier\u00a0; enfin, le surinvestissement dans le BTP &#8211;\u00a0notre derni\u00e8re grande industrie\u00a0&#8211; depuis quarante ans, alors que les m\u00e9tropoles sont inabordables, que les classes populaires sont chass\u00e9es de nombreuses communes par les prix, et que les logements manquent pour une population qui n\u2019augmente presque plus.<\/p>\n<p class=\"article_element paragraph\"><strong>Ce cumul d\u2019impasses interroge.<\/strong><\/p>\n<p class=\"article_element paragraph\">Il r\u00e9sulte a minima des causes et circonstances suivantes\u00a0: <strong>l\u2019indiff\u00e9rence<\/strong> &#8211;\u00a0\u00e0 tout le moins <strong>l\u2019ignorance<\/strong>\u00a0&#8211; <strong>des dirigeants nationaux \u00e0 l\u2019\u00e9gard des Fran\u00e7ais des classes populaires<\/strong> et moyennes\u00a0; un consensus id\u00e9ologique chez de nombreux dirigeants, cadres et retrait\u00e9s, autour d\u2019une conscience postnationale, postindustrielle et mondialis\u00e9e\u00a0; la croyance mill\u00e9nariste dans les bienfaits d\u2019une construction europ\u00e9enne pass\u00e9e aux mains de l\u2019Allemagne sans qu\u2019on en prenne la mesure\u00a0; l\u2019aveuglement de nos dirigeants sur leur capacit\u00e9 \u00e0 sauver l\u2019Afrique ind\u00e9pendamment de toute connaissance de ce continent et de ses habitants (l\u2019utopie \u00e9lectrificatrice de Jean-Louis Borloo en fut un symbole, quand notre parc nucl\u00e9aire national entrait en hibernation programm\u00e9e).<\/p>\n<p class=\"article_element paragraph\"><strong>Quels sont les \u00e9tages de cette fus\u00e9e\u00a0?<\/strong><\/p>\n<p class=\"article_element paragraph\"><strong>Le premier est celui de la d\u00e9sindustrialisation du pays<\/strong> et de l\u2019utopie du tout-tertiaire. Comme les \u00c9tats-Unis, nous avons divis\u00e9 par deux en trente ans notre PIB et nos emplois industriels. \u00c0 ceci pr\u00e8s que Clinton a investi dans les \u00ab\u00a0autoroutes de l\u2019information\u00a0\u00bb, la plus grande (mais aussi polluante et \u00e9nerg\u00e9tivore) infrastructure de l\u2019histoire, qui permet \u00e0 l\u2019industrie \u00e9lectronique am\u00e9ricaine et aux Gafa de dominer le monde &#8211;\u00a0en captant \u00e0 notre d\u00e9triment des milliers de brillants ing\u00e9nieurs.<\/p>\n<p class=\"article_element paragraph\"><strong>Le deuxi\u00e8me est le tout-consommation<\/strong>. Nos dirigeants ont d\u00e9cid\u00e9 que l\u2019\u00e9talon de notre nouvelle \u00e9conomie ne serait plus l\u2019innovation, la productivit\u00e9, la sauvegarde de notre production ni l\u2019emploi, mais <strong>le pouvoir d\u2019acha<\/strong>t. Chaque citoyen, mineur ou \u00e9tranger vivant en France, est regard\u00e9 comme une unit\u00e9 \u00e9conomique \u00e0 cajoler. Nous sommes pass\u00e9s d\u2019un pays de citoyens &#8211;\u00a0dot\u00e9s d\u2019une solide \u00e9ducation \u00e0 la libert\u00e9 par le savoir et l\u2019ind\u00e9pendance \u00e9conomique\u00a0&#8211; \u00e0 une soci\u00e9t\u00e9 de consommateurs. Depuis les ann\u00e9es\u00a01970, citoyens fran\u00e7ais, \u00e9trangers pr\u00e9sents en France, travailleurs et retrait\u00e9s se sont fondus dans l\u2019unique cat\u00e9gorie du consommateur. Toute unit\u00e9 \u00e9tant interchangeable, le travail d\u2019\u00e9ducation et de formation a cess\u00e9 d\u2019\u00eatre essentiel.<\/p>\n<p class=\"article_element paragraph\"><strong>Le troisi\u00e8me est l\u2019immigration internationale de masse<\/strong>, qui a la particularit\u00e9 en France, m\u00eame pour sa part extraeurop\u00e9enne, de remonter \u00e0 la Grande Guerre.<\/p>\n<p class=\"article_element paragraph\">Qu\u2019importe d\u00e8s lors que les consommateurs soient cultiv\u00e9s, \u00e9duqu\u00e9s ou ignares, qu\u2019ils participent ou non \u00e0 la vie citoyenne et associative, qu\u2019ils soient \u00e9trangers ou nationaux, qu\u2019ils travaillent ou pas\u00a0: la priorit\u00e9 de la nation est leur solvabilit\u00e9. La croissance de la consommation est le graal de notre soci\u00e9t\u00e9. Qu\u2019on en juge.<\/p>\n<p class=\"article_element paragraph\">La plupart des normes impos\u00e9es que l\u2019on pr\u00e9sente comme li\u00e9es \u00e0 la s\u00e9curit\u00e9 des personnes, de l\u2019environnement, des travailleurs, ou \u00e0 toute cause vertueuse, sont le fruit de l\u2019intense lobbying de fournisseurs qui cherchent \u00e0 \u00e9couler leurs produits. Une fois la norme \u00e9tablie, l\u2019\u00c9tat intervient par la contrainte (par exemple en rendant des maisons habit\u00e9es inlouables) et solvabilise les insolvables (pour l\u2019isolation, le chauffage \u00e9lectrique ou la voiture), ce qui aggrave son d\u00e9ficit et enrichit ses pr\u00eateurs. <strong>Qu\u2019il le veuille ou non, le consommateur est oblig\u00e9 de d\u00e9penser, d\u00fbt-on le financer \u00e0 perte<\/strong>. Perte publique, mais b\u00e9n\u00e9fices priv\u00e9s.<\/p>\n<p class=\"article_element paragraph\">Cette spirale de la d\u00e9pense contrainte, parfois habill\u00e9e en \u00ab\u00a0investissement\u00a0\u00bb afin de la rendre vertueuse, est appliqu\u00e9e aux consommateurs, aux entreprises, \u00e0 l\u2019\u00c9tat et aux collectivit\u00e9s locales. Elle est le seul moyen de consolider les b\u00e9n\u00e9fices et les marges des secteurs \u00e9conomiques subsistants\u00a0: les banques, les t\u00e9l\u00e9coms, les transports, l\u2019industrie du BTP et les \u00e9quipementiers, mais aussi des services marchands (grande distribution) et non marchands (la sant\u00e9 ou la silver \u00e9conomie). <strong>Ce syst\u00e8me non solvable &#8211;\u00a0car sous-productif<\/strong>\u00a0&#8211; est structurellement en d\u00e9ficit, et l\u2019\u00e9conomie d\u2019endettement est devenue la r\u00e8gle. Dette publique et dette priv\u00e9e cumul\u00e9es atteignaient, en 2021, 361\u00a0% du PIB fran\u00e7ais, selon la Banque des r\u00e8glements internationaux.<\/p>\n<p class=\"article_element paragraph\">Suivant cette logique de la pente \u00e0 sens unique, quand la natalit\u00e9 fran\u00e7aise s\u2019est effondr\u00e9e, dans les ann\u00e9es 1970, \u00e0 la suite de l\u2019\u00e9volution des m\u0153urs et de r\u00e9formes de soci\u00e9t\u00e9, le d\u00e9ficit des naissances a \u00e9t\u00e9 compens\u00e9 par une hausse lente mais ininterrompue de l\u2019immigration, d\u00e9connect\u00e9e du travail, puisque la priorit\u00e9 manifeste est devenue l\u2019accroissement du nombre des consommateurs.<\/p>\n<p class=\"article_element paragraph\">La sant\u00e9 publique et l\u2019\u00e9conomie sociale ont pris le pas sur l\u2019\u00e9cole et la formation de l\u2019esprit\u00a0: leurs deux vertus sont de maintenir en forme des consommateurs dont l\u2019existence est marchandis\u00e9e &#8211;\u00a0ou valoris\u00e9e\u00a0-, de la procr\u00e9ation (assist\u00e9e) \u00e0 l\u2019Ehpad\u00a0; et de stabiliser leur pouvoir d\u2019achat. Cette singuli\u00e8re op\u00e9ration f\u00e9d\u00e8re des convergences id\u00e9ologiques et d\u2019int\u00e9r\u00eats tout \u00e0 fait inattendues, qui vont du patronat le plus rude aux syndicats de salari\u00e9s, et du pape \u00e0 La France insoumise.<\/p>\n<p class=\"article_element paragraph\"><strong>Ainsi, une partie importante des patrons des plus grandes entreprises pousse en faveur d\u2019un flux d\u2019immigration continu qui nourrit la faible croissance fran\u00e7aise tributaire du volume de la populatio<\/strong>n (plus d\u2019unit\u00e9s de consommation vaut plus de croissance). Certes, le patron du Medef reconna\u00eet qu\u2019il revient \u00e0 l\u2019\u00c9tat de d\u00e9finir la politique migratoire, mais de nombreuses f\u00e9d\u00e9rations sectorielles r\u00e9clament de nouveaux flux \u00e0 grand renfort de communication publique.<\/p>\n<p class=\"article_element paragraph\"><strong>L\u2019existence de \u00ab\u00a0m\u00e9tiers sous tension\u00a0\u00bb (concept efficace de marketing \u00e9conomique)<\/strong> est la cons\u00e9quence d\u2019un syst\u00e8me qui repose sur la n\u00e9cessit\u00e9 de consommer co\u00fbte que co\u00fbte (aller au restaurant, se d\u00e9placer ou acheter un manga &#8211;\u00a0le passe culture est d\u2019ailleurs devenu leur fourrier sans aucune ambition culturelle). La fragile cha\u00eene de la consommation ne doit pas s\u2019arr\u00eater, qui repose sur de nombreux soutiers mobilisables 24\u00a0heures sur 24 (routiers, manutentionnaires, porteurs \u00e0 v\u00e9lo). D\u2019ailleurs, sauf exception comme la p\u00e9nurie de m\u00e9decins (numerus clausus et f\u00e9minisation obligent, puisque le temps de travail des femmes m\u00e9decins, majoritaires, s\u2019av\u00e8re bien moins long) ou d\u2019ing\u00e9nieurs (qui sont capt\u00e9s par la finance), l\u2019immigration du travail recherche des bras plus que des cerveaux. Car les bras font d\u00e9faut dans les m\u00e9tropoles o\u00f9 le logement abordable et d\u00e9cent est inexistant pour les travailleurs pauvres sans enfants, sauf \u00e0 vivre collectivement.<\/p>\n<p class=\"article_element paragraph\"><strong>Cette situation a contribu\u00e9 \u00e0 la disparition du peuple de Paris au tournant du XXIe\u00a0si\u00e8cle, un des plus grands ph\u00e9nom\u00e8nes sociologiques de notre temps.<\/strong> <strong>Avec lui, la gouaille, l\u2019humour et l\u2019impertinence ont quitt\u00e9 les rues de la capitale<\/strong>. <strong>Ce peuple, dont le dernier acte politique a \u00e9t\u00e9 d\u2019\u00e9lire Jacques Chirac<\/strong>, a \u00e9t\u00e9 invit\u00e9 \u00e0 quitter la capitale et la petite couronne. On s\u2019\u00e9tonne souvent que La France insoumise ou les mouvements sociaux peinent \u00e0 rassembler plus de 30\u00a0000\u00a0 \u00e0 40\u00a0000\u00a0manifestants lors des rendez-vous sociaux \u00e0 Paris, mais comment le peuple disparu pourrait-il y manifester (sauf \u00e0 venir de province comme sous les \u00ab\u00a0gilets jaunes\u00a0\u00bb) &#8211;\u00a0c\u2019est \u00e9videmment diff\u00e9rent si cadres et \u00e9tudiants sont de la partie\u00a0? Le peuple parisien aliment\u00e9 par les provinciaux a \u00e9t\u00e9 remplac\u00e9 par de nouvelles populations\u00a0: les cadres (60\u00a0% des Parisiens ont un master contre 20\u00a0% des Fran\u00e7ais), les \u00e9tudiants, les domiens, tr\u00e8s pr\u00e9sents dans la fonction publique, et les immigr\u00e9s de diverses g\u00e9n\u00e9rations qui partagent le parc social avec une minorit\u00e9 de fonctionnaires.<\/p>\n<p class=\"article_element paragraph\">Quand la riche population parisienne a besoin de recourir \u00e0 de la main-d\u2019\u0153uvre \u00e0 bas co\u00fbt, qu\u2019il s\u2019agisse du gardiennage d\u2019immeubles, du portage des repas \u00e0 domicile pour les \u00e9tudiants et jeunes cadres ais\u00e9s, de l\u2019assistance aux personnes d\u00e9pendantes, des travaux de nettoyage des domiciles ou des bureaux, la main-d\u2019\u0153uvre disponible est souvent issue de l\u2019immigration r\u00e9cente. Celle-ci accepte tout salaire et toutes conditions de travail (y compris clandestin), alors que le peuple historique est parti et que les enfants d\u2019immigr\u00e9s n\u00e9s en France sont engag\u00e9s ailleurs\u00a0: dans un processus d\u2019ascension sociale, ou dans toute autre activit\u00e9, car ils refusent g\u00e9n\u00e9ralement les rudes conditions accept\u00e9es par leurs parents (comme un travail de nuit pour 1\u00a0500\u00a0euros dans une des villes les plus ch\u00e8res du monde). Quand le patronat de la restauration ou des entreprises de services d\u00e9plore les emplois non pourvus, sait-il qu\u2019en province des natifs se battraient pour eux &#8211;\u00a0sauf si des revenus de substitution \u00e9quivalaient\u00a0? Mais c\u2019est \u00e0 Paris et dans les m\u00e9tropoles que les classes ais\u00e9es rassembl\u00e9es r\u00e9clament la main-d\u2019\u0153uvre dont elles ont besoin.<\/p>\n<p class=\"article_element paragraph\">Le plus simple, pour les pouvoirs publics, est d\u2019augmenter l\u2019immigration du travail, m\u00eame clandestine, puisqu\u2019elle trouve \u00e0 s\u2019employer dans les \u00e9conomies formelle et informelle\u00a0; <strong>ajoutons que l\u2019\u00e9conomie criminelle, en constante recherche de main-d\u2019\u0153uvre, est aussi \u00e0 l\u2019aff\u00fbt<\/strong>. Enfin, dans ce pays en profonde d\u00e9pression d\u00e9mographique, la surnatalit\u00e9 des migrants, l\u2019arriv\u00e9e de leurs conjoints et de leur fratrie (\u00e0 laquelle Emmanuel Macron a \u00e9largi le regroupement familial pour les \u00ab\u00a0r\u00e9fugi\u00e9s\u00a0\u00bb mineurs ou pr\u00e9sum\u00e9s tels) sont un autre moyen d\u2019accro\u00eetre le nombre des consommateurs\u00a0; <strong>mineurs et r\u00e9fugi\u00e9s interdits de travailler sont d\u2019ailleurs solvabilis\u00e9s par les d\u00e9partements ou l\u2019\u00c9tat (pour un co\u00fbt annuel tr\u00e8s sup\u00e9rieur au smic<\/strong> pour un employeur).<\/p>\n<p class=\"article_element paragraph\"><strong>Ainsi coexistent un fort taux de ch\u00f4mage chez les immigr\u00e9s install\u00e9s (le double des nationaux)<\/strong> et un appel d\u2019air vers les primo-arrivants, m\u00eame non francophones. \u00c0 salaire et travail \u00e9gal, le m\u00eame emploi dans la restauration est souvent pourvu par des natifs en province, et par des primo-arrivants \u00e0 Paris, Lyon ou Bordeaux. Avec vingt ans de retard, Paris s\u2019est londonis\u00e9. Le faible niveau des bas salaires, d\u00e9sincitatif, pousse en ce sens, malgr\u00e9 un co\u00fbt du travail \u00e9lev\u00e9 &#8211;\u00a0puisque chaque actif occup\u00e9 fait vivre 2,9 personnes par son travail. Le couplage aides sociales-travail clandestin assure un revenu \u00e9gal voire sup\u00e9rieur \u00e0 l\u2019emploi formel, sans la contrainte d\u2019avoir un patron.<\/p>\n<p>&nbsp;<\/p>\n<p class=\"article_element paragraph\">\u00a0La situation actuelle r\u00e9sulte d\u2019une conjonction de choix d\u00e9lib\u00e9r\u00e9s, anciens ou r\u00e9cents, et de leurs cons\u00e9quences. Personne n\u2019a cong\u00e9di\u00e9 le peuple historique de Paris, mais il est parti. Pour pourvoir les emplois en souffrance par des nationaux inemploy\u00e9s, il existe bien des solutions : d\u00e9centralisation, r\u00e9industrialisation, plans de formations cibl\u00e9s &#8211; notamment dans les m\u00e9tiers de bouche ou l\u2019agriculture, o\u00f9 les fili\u00e8res ont \u00e9t\u00e9 lamin\u00e9es -, r\u00e9serve de la moiti\u00e9 du parc social aux travailleurs pauvres et aux petits fonctionnaires, r\u00e9activation des d\u00e9suets foyers de jeunes travailleurs, ouverture de l\u2019\u00e9ventail entre revenus du travail et allocations, salaires nets \u00e9gaux ou sup\u00e9rieurs \u00e0 2 000 euros pour les temps pleins, etc. Tout cela toucherait \u00e0 la fois \u00e0 notre mod\u00e8le social et \u00e0 sa nouvelle \u00e9conomie. Aussi, \u00e0 situation inchang\u00e9e, accro\u00eetre le nombre des consommateurs est le plus simple. Co\u00fbte que co\u00fbte. \u25a0<\/p>\n<\/div>\n<p><a href=\"https:\/\/www.lefigaro.fr\/vox\/economie\/pierre-vermeren-augmenter-l-immigration-de-travail-avec-six-millions-de-chomeurs-est-ce-bien-responsable-20230131\">LE Figaro<\/a><\/p>\n<\/section>\n<p><!--more--><\/p>\n","protected":false},"excerpt":{"rendered":"<p>Le projet de loi immigration devrait \u00eatre pr\u00e9sent\u00e9 en Conseil des ministres aujourd\u2019hui. L\u2019universitaire, ancien professeur d\u2019histoire \u00e9conomique contemporaine en pr\u00e9pa HEC et auteur de nombreux ouvrages remarqu\u00e9s &#8211; On a cass\u00e9 la R\u00e9publique. 150 ans d\u2019histoire de la nation (Tallandier, 2020), L\u2019IMPASSE DE la m\u00e9tropolisation (Gallimard, coll. \u00ab Le D\u00e9bat \u00bb, 2021) et La<\/p>\n","protected":false},"author":234,"featured_media":102796,"comment_status":"open","ping_status":"open","sticky":false,"template":"","format":"standard","meta":{"_uf_show_specific_survey":0,"_uf_disable_surveys":false,"footnotes":""},"categories":[37],"tags":[],"class_list":{"0":"post-102789","1":"post","2":"type-post","3":"status-publish","4":"format-standard","5":"has-post-thumbnail","7":"category-alaune-fr"},"aioseo_notices":[],"_links":{"self":[{"href":"https:\/\/middleeasttransparent.com\/fr\/wp-json\/wp\/v2\/posts\/102789","targetHints":{"allow":["GET"]}}],"collection":[{"href":"https:\/\/middleeasttransparent.com\/fr\/wp-json\/wp\/v2\/posts"}],"about":[{"href":"https:\/\/middleeasttransparent.com\/fr\/wp-json\/wp\/v2\/types\/post"}],"author":[{"embeddable":true,"href":"https:\/\/middleeasttransparent.com\/fr\/wp-json\/wp\/v2\/users\/234"}],"replies":[{"embeddable":true,"href":"https:\/\/middleeasttransparent.com\/fr\/wp-json\/wp\/v2\/comments?post=102789"}],"version-history":[{"count":0,"href":"https:\/\/middleeasttransparent.com\/fr\/wp-json\/wp\/v2\/posts\/102789\/revisions"}],"wp:featuredmedia":[{"embeddable":true,"href":"https:\/\/middleeasttransparent.com\/fr\/wp-json\/wp\/v2\/media\/102796"}],"wp:attachment":[{"href":"https:\/\/middleeasttransparent.com\/fr\/wp-json\/wp\/v2\/media?parent=102789"}],"wp:term":[{"taxonomy":"category","embeddable":true,"href":"https:\/\/middleeasttransparent.com\/fr\/wp-json\/wp\/v2\/categories?post=102789"},{"taxonomy":"post_tag","embeddable":true,"href":"https:\/\/middleeasttransparent.com\/fr\/wp-json\/wp\/v2\/tags?post=102789"}],"curies":[{"name":"wp","href":"https:\/\/api.w.org\/{rel}","templated":true}]}}