{"id":102772,"date":"2023-02-01T18:13:42","date_gmt":"2023-02-01T17:13:42","guid":{"rendered":"https:\/\/middleeasttransparent.com\/?p=102772"},"modified":"2023-02-01T18:13:42","modified_gmt":"2023-02-01T17:13:42","slug":"prier-sur-le-mont-du-temple-la-mission-des-extremistes-religieux","status":"publish","type":"post","link":"https:\/\/middleeasttransparent.com\/fr\/prier-sur-le-mont-du-temple-la-mission-des-extremistes-religieux\/","title":{"rendered":"Prier sur le mont du Temple, la mission des extr\u00e9mistes religieux"},"content":{"rendered":"<header class=\"header-article\">\n<figure>\n<div>\n<div><\/div>\n<\/div>\n<\/figure>\n<\/header>\n<section id=\"section-article\">\n<div id=\"section-articleContent\">\n<p class=\"article_element paragraph\"><span style=\"color: #0000ff;\">correspondant \u00e0 J\u00e9rusalem<\/span><\/p>\n<h3><span style=\"color: #666699;\">LA PLUIE glaciale qui s\u2019abat ce matin sur J\u00e9rusalem n\u2019emp\u00eachera pas le rabbin Yehuda Levi d\u2019aller prier sur l\u2019esplanade des Mosqu\u00e9es. Pour lui, comme pour les fid\u00e8les qui, depuis sept ans, l\u2019accompagnent deux fois par jour, quotidiennement, \u00e0 l\u2019exception des vendredis et samedis, il ne s\u2019agit pas de se rendre sur l\u2019\u00ab\u00a0esplanade des Mosqu\u00e9es\u00a0\u00bb, lieu en principe strictement r\u00e9serv\u00e9 \u00e0 l\u2019exercice du culte musulman, mais de r\u00e9aliser une \u00ab\u00a0ascension\u00a0\u00bb vers le \u00ab\u00a0mont du Temple\u00a0\u00bb.<\/span><\/h3>\n<\/div>\n<p>&nbsp;<\/p>\n<div id=\"section-articleContent\">\n<p class=\"article_element paragraph\">Le sanctuaire du D\u00f4me du \u00adRocher et la mosqu\u00e9e al-Aqsa, lieux saints de l\u2019Islam, sont situ\u00e9s l\u00e0 m\u00eame o\u00f9 se tinrent les deux temples de J\u00e9rusalem\u00a0: celui construit par Salomon, puis celui d\u2019H\u00e9rode, d\u00e9truit en 70 par les l\u00e9gions romaines. Le c\u00e9l\u00e8bre d\u00f4me dor\u00e9 abrite l\u2019endroit o\u00f9 auraient eu lieu des \u00e9v\u00e9nements fondamentaux relat\u00e9s dans la Bible\u00a0: la cr\u00e9ation d\u2019Adam, le combat fratricide d\u2019Abel et de Ca\u00efn, la ligature d\u2019Isaac par Abraham. \u00ab\u00a0<strong>C\u2019est un endroit choisi par Dieu, l\u00e0 o\u00f9 le monde spirituel rencontre le monde physique\u00a0\u00bb, explique le rabbin Levi\u00a0: le lieu le plus sacr\u00e9 du juda\u00efsme.<\/strong><\/p>\n<\/div>\n<p><img fetchpriority=\"high\" decoding=\"async\" class=\"size-full wp-image-102780 aligncenter\" src=\"https:\/\/middleeasttransparent.com\/wp-content\/uploads\/2023\/02\/ESTOUEST.png\" alt=\"\" width=\"369\" height=\"330\" \/><\/p>\n<div id=\"section-articleContent\">\n<p class=\"article_element paragraph\">Il y a quelques jours, Itamar Ben Gvir, le nouveau ministre isra\u00e9lien de la S\u00e9curit\u00e9 nationale, s\u2019est lui aussi rendu sur le mont du Temple. Les treize minutes qu\u2019il y a pass\u00e9es ont d\u00e9clench\u00e9 un toll\u00e9 mondial\u00a0: condamnations des \u00c9tats-Unis, de la France, de la plupart des pays arabes, r\u00e9union du Conseil de \u00ads\u00e9curit\u00e9 de l\u2019ONU. Pour les musulmans, pour le roi de Jordanie qui en a conserv\u00e9 la garde malgr\u00e9 la conqu\u00eate du mont par les troupes de Moshe Dayan, en 1967, et pour les Palestiniens, la violation du statu quo en vertu duquel le lieu est exclusivement r\u00e9serv\u00e9 \u00e0 l\u2019islam est un casus belli. C\u2019est pourtant ce \u00e0 quoi s\u2019emploient quotidiennement le rabbin Yehuda Levi et ses amis.<strong> Selon eux, l\u2019interdiction qui leur est faite rel\u00e8ve de l\u2019apartheid<\/strong>.<\/p>\n<p class=\"article_element paragraph\">Apr\u00e8s avoir pass\u00e9 les d\u00e9tecteurs de m\u00e9taux et s\u2019\u00eatre assur\u00e9 qu\u2019aucun de ses camarades n\u2019avait apport\u00e9 d\u2019objet \u00e0 connotation religieuse, le voici qui monte la longue rampe de bois qui le conduit au sommet du Mur des lamentations\u00a0: pour les non-musulmans, il s\u2019agit de l\u2019unique voie d\u2019acc\u00e8s \u00e0 l\u2019esplanade. Une solide \u00e9quipe de policiers isra\u00e9liens attend le petit groupe de croyants qui entend s\u2019y rendre ce matin encore. Avant d\u2019y p\u00e9n\u00e9trer sous bonne escorte, certains s\u2019allongent de tout leur long. Malgr\u00e9 le froid et la pluie, l\u2019un d\u2019entre eux effectuera toute la d\u00e9ambulation pieds nus.<\/p>\n<p class=\"article_element paragraph\">Le rabbin, qui conna\u00eet chacun des policiers, salue amicalement les officiers. <strong>Carte en main, il indique l\u2019emplacement estim\u00e9 de l\u2019ancien temple. \u00a0Notre but, \u00e0 long \u00adterme, est sa reconstruction, explique-t-il. Pour y parvenir, nous voulons normaliser l\u2019exercice du culte juif sur le mont du Temple. Je ne suis pas un homme politique, je peux simplement agir spirituellement.<\/strong> Notre yeshiva (une \u00e9cole religieuse, NDLR) a \u00e9t\u00e9 cr\u00e9\u00e9e il y a sept ans pour encourager des groupes de personnes \u00e0 venir r\u00e9guli\u00e8rement prier sur le mont. Plus nous venons, plus nous gagnons de libert\u00e9. Regardez, ce qui se passe devant vous \u00e9tait encore inimaginable il y a seulement quelques ann\u00e9es\u00a0!\u00a0\u00a0\u00bb<\/p>\n<p class=\"article_element paragraph\">Le petit groupe s\u2019est en effet arr\u00eat\u00e9 et, \u00e0 quelques m\u00e8tres du D\u00f4me du Rocher, murmure une pri\u00e8re. Sous le regard des policiers, qui se sont \u00e9cart\u00e9s, deux hommes grimpent quelques marches et b\u00e9nissent les fid\u00e8les. \u00a0\u00ab\u00a0Ce sont des cohanim, explique le rabbin, des pr\u00eatres. Ce que vous voyez est le fruit de sept ann\u00e9es de travail sur le terrain qui nous permettent, pas \u00e0 pas, de gagner plus de libert\u00e9 pour prier ici.\u00a0\u00bb<\/p>\n<p class=\"article_element paragraph\">Les activit\u00e9s du rabbin Yehuda Levi ont pris un tournant il y a deux ans, quand il a fait la connaissance de Melissa Jane Kronfeld. Ensemble ils ont cr\u00e9\u00e9 High on the Har, une organisation qui promeut tr\u00e8s activement \u00ab\u00a0l\u2019ascension sur le mont\u00a0\u00bb. Tout comme lui, c\u2019est une Juive am\u00e9ricaine, originaire de New York. Cette brillante jeune femme, bard\u00e9e de dipl\u00f4mes, a fait son <em>aliyah<\/em> il y a cinq ans. Elle se dit \u00ab\u00a0grande fan\u00a0\u00bb d\u2019un autre <strong>rabbin, Yehuda Glick, qui est le premier \u00e0 avoir d\u00e9fendu le droit pour les Juifs \u00e0 venir prier sur le mont, ce pour quoi il a fait l\u2019objet d\u2019une tentative d\u2019assassinat en 2014<\/strong>, \u00e9chappant de peu \u00e0 la mort. Elle se pr\u00e9sente \u00e9galement comme une proche de la femme de Ben Gvir, Ayala, laquelle est impliqu\u00e9e dans une association militant dans le m\u00eame but.<\/p>\n<p class=\"article_element paragraph\">Avant les \u00e9lections l\u00e9gislatives de\u00a0novembre dernier, elle a \u00e9t\u00e9 \u00adcontact\u00e9e par l\u2019\u00e9quipe de campagne d\u2019Itamar Ben Gvir\u00a0: elle est fi\u00e8re d\u2019avoir contribu\u00e9 \u00e0 la victoire d\u2019Otzma Yehudit (Force juive), son parti, qui s\u2019est impos\u00e9 comme un des poids lourds de la nouvelle coalition au pouvoir. \u00ab\u00a0L\u2019ascension de Ben Gvir sur le mont du Temple, la semaine derni\u00e8re, a \u00e9t\u00e9 le point culminant de ma carri\u00e8re, s\u2019enthousiasme-t-elle. Vous savez, il y montait d\u00e9j\u00e0 tous les mois depuis des ann\u00e9es, et maintenant qu\u2019il est devenu ministre, il continue de le faire, c\u2019est aussi simple que \u00e7a. Mais cela a \u00addirig\u00e9 l\u2019attention du monde entier vers nous, on ne pouvait pas r\u00eaver mieux\u00a0!\u00a0\u00bb Pour elle, Ben Gvir est \u00ab\u00a0un h\u00e9ros juif, qui se bat pour les droits du peuple juif. Il repr\u00e9sente tout ce qui est bon pour ce pays. C\u2019est un homme en qui nous pouvons avoir confiance\u00a0: il ne va pas changer parce qu\u2019il est au pouvoir.\u00a0\u00bb Elle \u00adesp\u00e8re que, gr\u00e2ce \u00e0 lui, de plus en plus de Juifs viendront prier sur le mont du Temple. \u00ab\u00a0Il y a quelques ann\u00e9es, nous \u00e9tions entre 15 et 50 par jour. Maintenant, nous comptons entre 100 et 150 visiteurs quotidiennement\u00a0\u00bb, assure son parte\u00adnaire, le rabbin Yehuda Levi. \u00adEst-ce la pluie\u00a0? Ce matin-l\u00e0, ils n\u2019\u00e9taient pas plus de quinze. <strong>Les convictions de ces Juifs qui travaillent \u00e0 cr\u00e9er les conditions propices \u00e0 la venue du messie portent un nom\u00a0: sionisme religieux<\/strong>. Cette tendance est loin de faire l\u2019unanimit\u00e9 dans le juda\u00efsme\u00a0: <strong>la venue de Ben Gvir sur l\u2019esplanade des \u00adMosqu\u00e9es a\u00a0\u00e9t\u00e9 s\u00e9v\u00e8rement critiqu\u00e9e par des\u00a0rabbins ultraorthodoxes, qui l\u2019interdisent \u00e0 leurs fid\u00e8les.<\/strong><\/p>\n<p class=\"article_element paragraph\">Le sionisme religieux trouve ses origines chez un rabbin\u00a0: Abraham Isaac Kook, le fondateur, il y a un si\u00e8cle \u00e0 J\u00e9rusalem, d\u2019une yeshiva toujours tr\u00e8s influente. Mais le legs du rabbin Kook fait lui-m\u00eame l\u2019objet de d\u00e9bats.<\/p>\n<p class=\"article_element paragraph\">Professeur d\u2019\u00e9tudes bibliques \u00e0 l\u2019universit\u00e9 h\u00e9bra\u00efque de J\u00e9rusalem, Israel Knohl a pass\u00e9 deux ans dans la yeshiva du rabbin Kook. \u00ab\u00a0Comment peut-on pr\u00e9parer la venue du messie, alors qu\u2019on n\u2019a aucune id\u00e9e de la fa\u00e7on dont cela se r\u00e9alisera\u00a0?\u00a0\u00bb, s\u2019interroge-t-il. \u00ab\u00a0Ce que fait Ben Gvir est tr\u00e8s dangereux, poursuit-il, et bien plus extr\u00e9miste que ce que professait le rabbin Kook. D\u2019ailleurs, il interdisait d\u2019aller sur le mont du Temple.\u00a0\u00bb Pr\u00e9cis\u00e9ment en raison de son caract\u00e8re sacr\u00e9.<\/p>\n<p class=\"article_element paragraph\">\u00ab\u00a0\u00c0 l\u2019\u00e9poque du Christ, le Temple structurait toute la vie quotidienne des Juifs, explique fr\u00e8re Olivier-Thomas Venard, un dominicain de l\u2019\u00c9cole biblique de J\u00e9rusalem.<strong> Malgr\u00e9 les diff\u00e9rences d\u2019\u00e9coles au sein du juda\u00efsme, ce qui faisait que vous \u00e9tiez juif, c\u2019\u00e9tait votre attachement au Temple.<\/strong> Symboliquement, il est rest\u00e9 central dans l\u2019organisation de la pri\u00e8re juive\u00a0: l\u00e0 sont les fondations spirituelles. Or, du point de vue des sionistes religieux, la pr\u00e9sence divine veut avoir \u201cson\u201d lieu pour y reposer, et le peuple de Dieu ne sera pas en paix sur sa terre tant que Dieu lui-m\u00eame n\u2019aura pas r\u00e9investi \u201cle lieu qu\u2019Il a choisi\u201d, comme dit la Torah.\u00bb<\/p>\n<p class=\"article_element paragraph\"><strong>Des sondages ont montr\u00e9 qu\u2019une portion non n\u00e9gligeable de la population isra\u00e9lienne n\u2019est pas hostile \u00e0 la reconstruction\u00a0: l\u2019id\u00e9e d\u2019un \u00ab\u00a0troisi\u00e8me Temple\u00a0\u00bb est devenue une inspiration qui cherche \u00e0 atteindre son accomplissement<\/strong>. Paradoxalement, ce qui, pour le monde entier, pourrait \u00eatre le d\u00e9clencheur d\u2019une nouvelle guerre mondiale est, au contraire, pour beaucoup en Isra\u00ebl, <strong>une des conditions les plus importantes de la paix\u00a0!<\/strong><\/p>\n<p class=\"article_element paragraph\">Pour les musulmans, c\u2019est la guerre, au contraire, qui finira par arriver. Professeur de th\u00e9ologie \u00adislamique et fonctionnaire du Waqf, l\u2019administration en charge des lieux de culte, Mustafa Abu Sway regarde avec inqui\u00e9tude ces Juifs qui viennent prier sur l\u2019esplanade des \u00adMosqu\u00e9es, le troi\u00adsi\u00e8me lieu saint de l\u2019islam, rappelle-t-il. \u00ab\u00a0Qu\u00e9 sera sera\u00a0\u00bb, lance-t-il, fataliste, avant d\u2019expliquer que le roi de Jordanie, gardien du lieu saint, vient d\u2019y autoriser une nouvelle pratique\u00a0: chaque jour d\u00e9sormais, deux \u00adgroupes de fid\u00e8les se retrouveront sous le D\u00f4me du \u00adRocher pour y \u00adr\u00e9citer l\u2019int\u00e9gralit\u00e9 du Coran.<\/p>\n<p><a href=\"https:\/\/www.lefigaro.fr\/international\/prier-sur-le-mont-du-temple-la-mission-des-extremistes-religieux-a-jerusalem-20230111\">LE Figaro<\/a><\/p>\n<\/div>\n<\/section>\n","protected":false},"excerpt":{"rendered":"<p>correspondant \u00e0 J\u00e9rusalem LA PLUIE glaciale qui s\u2019abat ce matin sur J\u00e9rusalem n\u2019emp\u00eachera pas le rabbin Yehuda Levi d\u2019aller prier sur l\u2019esplanade des Mosqu\u00e9es. Pour lui, comme pour les fid\u00e8les qui, depuis sept ans, l\u2019accompagnent deux fois par jour, quotidiennement, \u00e0 l\u2019exception des vendredis et samedis, il ne s\u2019agit pas de se rendre sur l\u2019\u00ab\u00a0esplanade<\/p>\n","protected":false},"author":988,"featured_media":102776,"comment_status":"open","ping_status":"open","sticky":false,"template":"","format":"standard","meta":{"_uf_show_specific_survey":0,"_uf_disable_surveys":false,"footnotes":""},"categories":[37],"tags":[],"class_list":{"0":"post-102772","1":"post","2":"type-post","3":"status-publish","4":"format-standard","5":"has-post-thumbnail","7":"category-alaune-fr"},"aioseo_notices":[],"_links":{"self":[{"href":"https:\/\/middleeasttransparent.com\/fr\/wp-json\/wp\/v2\/posts\/102772","targetHints":{"allow":["GET"]}}],"collection":[{"href":"https:\/\/middleeasttransparent.com\/fr\/wp-json\/wp\/v2\/posts"}],"about":[{"href":"https:\/\/middleeasttransparent.com\/fr\/wp-json\/wp\/v2\/types\/post"}],"author":[{"embeddable":true,"href":"https:\/\/middleeasttransparent.com\/fr\/wp-json\/wp\/v2\/users\/988"}],"replies":[{"embeddable":true,"href":"https:\/\/middleeasttransparent.com\/fr\/wp-json\/wp\/v2\/comments?post=102772"}],"version-history":[{"count":0,"href":"https:\/\/middleeasttransparent.com\/fr\/wp-json\/wp\/v2\/posts\/102772\/revisions"}],"wp:featuredmedia":[{"embeddable":true,"href":"https:\/\/middleeasttransparent.com\/fr\/wp-json\/wp\/v2\/media\/102776"}],"wp:attachment":[{"href":"https:\/\/middleeasttransparent.com\/fr\/wp-json\/wp\/v2\/media?parent=102772"}],"wp:term":[{"taxonomy":"category","embeddable":true,"href":"https:\/\/middleeasttransparent.com\/fr\/wp-json\/wp\/v2\/categories?post=102772"},{"taxonomy":"post_tag","embeddable":true,"href":"https:\/\/middleeasttransparent.com\/fr\/wp-json\/wp\/v2\/tags?post=102772"}],"curies":[{"name":"wp","href":"https:\/\/api.w.org\/{rel}","templated":true}]}}