{"id":10271,"date":"2016-03-18T10:31:12","date_gmt":"2016-03-18T09:31:12","guid":{"rendered":"http:\/\/middleeasttransparent.com\/?p=10271"},"modified":"2016-05-09T19:31:05","modified_gmt":"2016-05-09T18:31:05","slug":"fifa-en-2015-blatter-a-touche-36-millions-de-dollars","status":"publish","type":"post","link":"https:\/\/middleeasttransparent.com\/fr\/fifa-en-2015-blatter-a-touche-36-millions-de-dollars\/","title":{"rendered":"FIFA\u00a0: en\u00a02015, Blatter a touch\u00e9 3,6\u00a0millions de dollars"},"content":{"rendered":"<p class=\"tt2\"><a href=\"http:\/\/www.lemonde.fr\/football\/article\/2016\/03\/17\/fifa-en-2015-blatter-a-touche-3-6-millions-de-dollars_4885273_1616938.html#hTYRmvXEoSjlWbp5.99\"><span id=\"publisher\" data-source=\"Le Monde.fr\">Le Monde.fr<\/span> <\/a><\/p>\n<p class=\"tt2\"><em>\u00ab\u00a0Qu\u2019est-ce que \u00e7a peut faire, de conna\u00eetre le salaire du pr\u00e9sident de la FIFA\u00a0?\u00a0\u00bb <\/em>Au cours de son long r\u00e8gne \u00e0 la t\u00eate de la F\u00e9d\u00e9ration internationale de football (1998-2015), le SuisseJoseph\u00a0Blatter avait toujours balay\u00e9, au fil des interviews, les questions insistantes sur son salaire. Jeudi\u00a017\u00a0mars, l\u2019instance mondiale a d\u00e9voil\u00e9 les \u00e9moluments touch\u00e9s en\u00a02015 par son ancien patron, suspendu six ans pour un versement de 2\u00a0millions de francs suisses (1,8\u00a0million d\u2019euros) fait, en f\u00e9vrier\u00a02011, \u00e0 son ancien ami et successeur annonc\u00e9 Michel Platini. Selon le rapport financier annuel de l\u2019organisation fa\u00eeti\u00e8re du ballon rond, le Valaisan, \u00e2g\u00e9 de 80\u00a0ans, a touch\u00e9 3,63\u00a0millions de dollars (3,2\u00a0millions d\u2019euros), dont 2,964\u00a0millions de salaire fixe et 435\u00a0000 de compensation variable.<\/p>\n<div id=\"articleBody\" class=\"contenu_article js_article_body\">\n<p>Radi\u00e9 par son comit\u00e9 d\u2019\u00e9thique, le patriarche a b\u00e9n\u00e9fici\u00e9 de son salaire et de son appartement de fonction \u00e0 Zurich jusqu\u2019au congr\u00e8s du 26\u00a0f\u00e9vrier et l\u2019\u00e9lection de son successeur, <a href=\"http:\/\/www.lemonde.fr\/football\/article\/2016\/02\/27\/le-plan-b-gianni-infantino-s-empare-de-la-fifa_4872705_1616938.html\">Gianni Infantino<\/a>. En novembre, Christian Constantin, pr\u00e9sident du club suisse du FC\u00a0Sion et intime de Sepp Blatter, avait jug\u00e9 le salaire du patron de la FIFA <em>\u00ab\u00a0d\u00e9raisonnable\u00a0\u00bb<\/em>, l\u2019\u00e9valuant \u00e0 8\u00a0millions d\u2019euros par an. En f\u00e9vrier, l\u2019ancien patron du foot mondial avait estim\u00e9 qu\u2019il vivait <em>\u00ab\u00a0confortablement\u00a0\u00bb.<\/em><\/p>\n<p><em>\u00ab\u00a0M.\u00a0Platini doit <a class=\"lien_interne conjug\" title=\"Conjugaison du verbe \u00eatre\" href=\"http:\/\/conjugaison.lemonde.fr\/conjugaison\/auxiliaire\/%C3%AAtre\/\" target=\"_blank\">\u00eatre<\/a> plus riche que moi, car on lui a donn\u00e9 80\u00a0000\u00a0francs suisses <\/em>[73\u00a0000\u00a0euros]<em> d\u2019amende et \u00e0 moi seulement 50\u00a0000\u00a0francs suisses<\/em>[46\u00a0000\u00a0euros]<em>. C\u2019est quand m\u00eame dr\u00f4le\u00a0\u00bb<\/em>, <a href=\"http:\/\/www.lemonde.fr\/football\/article\/2015\/12\/22\/joseph-blatter-avec-platini-on-etait-trop-forts-on-veut-nous-enlever-tous-les-deux_4836740_1616938.html\">confiait, perfide, Sepp Blatter, en d\u00e9cembre, au <em>Monde<\/em><\/a>. Il venait alors tout juste d\u2019\u00eatre suspendu huit ans par son comit\u00e9 d\u2019\u00e9thique (peine all\u00e9g\u00e9e de deux ans depuis), <a href=\"http:\/\/www.lemonde.fr\/football\/article\/2015\/12\/11\/fifa-suspension-maintenue-pour-michel-platini_4829582_1616938.html\">\u00e0 l\u2019instar du pr\u00e9sident de l\u2019UEFA et ex-num\u00e9ro\u00a010 des Bleus.<\/a><\/p>\n<h2 class=\"intertitre\">2,214\u00a0millions de dollars pour J\u00e9r\u00f4me Valcke<\/h2>\n<p>Selon le rapport financier de la FIFA, le Fran\u00e7ais J\u00e9r\u00f4me Valcke, ex-secr\u00e9taire g\u00e9n\u00e9ral de l\u2019organisation (2007-2015) a touch\u00e9 2,12\u00a0millions de dollars en\u00a02015 (1,87\u00a0million d\u2019euros), dont 1,5\u00a0million de salaire fixe et 300\u00a0000 de compensation variable. Mis \u00e0 pied en septembre, <a href=\"http:\/\/www.lemonde.fr\/football\/article\/2016\/02\/12\/fifa-l-ex-numero-2-jerome-valcke-suspendu-douze-ans_4864492_1616938.html\">l\u2019ex-bras droit de Sepp Blatter a \u00e9t\u00e9 radi\u00e9 pour douze ans<\/a>, en f\u00e9vrier, pour <a class=\"lien_interne conjug\" title=\"Conjugaison du verbe avoir\" href=\"http:\/\/conjugaison.lemonde.fr\/conjugaison\/auxiliaire\/avoir\/\" target=\"_blank\">avoir<\/a> enfreint sept chapitres du code d\u2019\u00e9thique de la FIFA.<\/p>\n<p>Comme elle l\u2019avait fait en septembre \u00e0 l\u2019encontre de l\u2019ancien dirigeant du foot mondial, le parquet f\u00e9d\u00e9ral suisse a ouvert, jeudi, une proc\u00e9dure p\u00e9nale contre J\u00e9r\u00f4me Valcke pour <em>\u00ab\u00a0soup\u00e7ons de gestion d\u00e9loyale multiple et d\u2019autres d\u00e9lits\u00a0\u00bb.<\/em> Des perquisitions et des auditions ont \u00e9t\u00e9 effectu\u00e9es, mais le quinquag\u00e9naire n\u2019a pas \u00e9t\u00e9 plac\u00e9 en d\u00e9tention.<\/p>\n<p>Par ailleurs, on apprend dans le rapport financier\u00a02015 que chaque membre du comit\u00e9 ex\u00e9cutif de la FIFA touche une r\u00e9mun\u00e9ration de 300\u00a0000\u00a0dollars par an. En tant que patron de la commission des <a class=\"lien_interne rub\" title=\"Toute l\u2019actualit\u00e9 finances\" href=\"http:\/\/www.lemonde.fr\/finance\/\">finances<\/a> de la F\u00e9d\u00e9ration internationale, <a href=\"http:\/\/www.lemonde.fr\/football\/article\/2015\/10\/09\/fifa-issa-hayatou-un-interimaire-controverse_4786451_1616938.html\">le Camerounais Issa Hayatou<\/a> \u2013\u00a0ex-pr\u00e9sident par int\u00e9rim de la FIFA\u00a0\u2013 re\u00e7oit annuellement 500\u00a0000\u00a0dollars. L\u2019enveloppe salariale allou\u00e9e \u00e0 l\u2019\u00e9quipe dirigeante de la FIFA \u00e9tait de 27,9\u00a0millions de dollars en\u00a02015. Patron de la commission d\u2019audit et de conformit\u00e9, l\u2019Italo-Suisse Domenico Scala touche, lui, 200\u00a0000\u00a0dollars par an.<\/p>\n<h2 class=\"intertitre\"><strong>Pertes historiques de 122\u00a0millions de dollars pour la FIFA en\u00a02015<\/strong><\/h2>\n<p>Dans son rapport financier, la FIFA fait <a class=\"lien_interne conjug\" title=\"Conjugaison du verbe savoir\" href=\"http:\/\/conjugaison.lemonde.fr\/conjugaison\/troisieme-groupe\/savoir\/\" target=\"_blank\">savoir<\/a> qu\u2019elle a perdu, pour la premi\u00e8re fois depuis\u00a02002, 122\u00a0millions de dollars (108\u00a0millions d\u2019euros) en\u00a02015.<em>\u00ab\u00a0Une ann\u00e9e tr\u00e8s difficile\u00a0\u00bb<\/em>, selon l\u2019instance, durant laquelle elle a \u00e9t\u00e9 min\u00e9e par une <a href=\"http:\/\/www.lemonde.fr\/football\/article\/2016\/02\/26\/fifa-une-election-en-terrain-mine_4872039_1616938.html\">litanie de scandales de corruption<\/a>. Les revenus de la F\u00e9d\u00e9ration sont par ailleurs \u00e9valu\u00e9s \u00e0 1,15\u00a0milliard de dollars (1,02\u00a0milliard d\u2019euros) et ses d\u00e9penses sont estim\u00e9es \u00e0 1,27\u00a0milliard de dollars (1,13\u00a0milliard d\u2019euros). Au 31\u00a0d\u00e9cembre\u00a02015, la FIFA \u00e9tait assise sur une r\u00e9serve financi\u00e8re de 1,34\u00a0milliard de dollars (1,18\u00a0milliard d\u2019euros). Un an auparavant, l\u2019instance se pr\u00e9valait d\u2019un tr\u00e9sor de guerre de 1,52\u00a0milliard de dollars (1,34\u00a0milliard d\u2019euros).<\/p>\n<p>Ce jeudi, le comit\u00e9 ex\u00e9cutif de la FIFA a d\u00e9cid\u00e9 d\u2019accro\u00eetre de 517\u00a0millions de dollars de budget d\u00e9volu au <a class=\"lien_interne rub\" title=\"Toute l\u2019actualit\u00e9 d\u00e9veloppement\" href=\"http:\/\/www.lemonde.fr\/developpement\/\">d\u00e9veloppement<\/a> du football pour la p\u00e9riode 2015-2018. Cet ajustement doit \u00eatre approuv\u00e9 par les 209\u00a0pays membres du congr\u00e8s de la F\u00e9d\u00e9ration internationale, \u00e0 Mexico, les 12\u00a0et 13\u00a0mai. En raison des promesses de campagne de Gianni Infantino, cette enveloppe atteint d\u00e9sormais 1,41\u00a0milliard de dollars (1,25\u00a0milliard d\u2019euros).<\/p>\n<div class=\"btn_lecture_zen btn_offre_decouverte_zen\"><\/div>\n<\/div>\n<div class=\"bg_gris_moyen signature\">\n<ul class=\"liste_bordure\">\n<li class=\"clearfix\"><span class=\"identite\"><a class=\"gras\" href=\"http:\/\/www.lemonde.fr\/journaliste\/remi-dupre\/\" target=\"_blank\">R\u00e9mi Dupr\u00e9<\/a><br \/>\n<span class=\"txt_gris_clair\">Journaliste au <a href=\"http:\/\/www.lemonde.fr\/football\/article\/2016\/03\/17\/fifa-en-2015-blatter-a-touche-3-6-millions-de-dollars_4885273_1616938.html#hTYRmvXEoSjlWbp5.99\">Monde<\/a><\/span><\/span><\/li>\n<\/ul>\n<\/div>\n","protected":false},"excerpt":{"rendered":"<p>Le Monde.fr \u00ab\u00a0Qu\u2019est-ce que \u00e7a peut faire, de conna\u00eetre le salaire du pr\u00e9sident de la FIFA\u00a0?\u00a0\u00bb Au cours de son long r\u00e8gne \u00e0 la t\u00eate de la F\u00e9d\u00e9ration internationale de football (1998-2015), le SuisseJoseph\u00a0Blatter avait toujours balay\u00e9, au fil des interviews, les questions insistantes sur son salaire. Jeudi\u00a017\u00a0mars, l\u2019instance mondiale a d\u00e9voil\u00e9 les \u00e9moluments touch\u00e9s<\/p>\n","protected":false},"author":296,"featured_media":10272,"comment_status":"open","ping_status":"open","sticky":false,"template":"","format":"standard","meta":{"_uf_show_specific_survey":0,"_uf_disable_surveys":false,"footnotes":""},"categories":[361],"tags":[],"class_list":{"0":"post-10271","1":"post","2":"type-post","3":"status-publish","4":"format-standard","5":"has-post-thumbnail","7":"category-sport-international"},"aioseo_notices":[],"_links":{"self":[{"href":"https:\/\/middleeasttransparent.com\/fr\/wp-json\/wp\/v2\/posts\/10271","targetHints":{"allow":["GET"]}}],"collection":[{"href":"https:\/\/middleeasttransparent.com\/fr\/wp-json\/wp\/v2\/posts"}],"about":[{"href":"https:\/\/middleeasttransparent.com\/fr\/wp-json\/wp\/v2\/types\/post"}],"author":[{"embeddable":true,"href":"https:\/\/middleeasttransparent.com\/fr\/wp-json\/wp\/v2\/users\/296"}],"replies":[{"embeddable":true,"href":"https:\/\/middleeasttransparent.com\/fr\/wp-json\/wp\/v2\/comments?post=10271"}],"version-history":[{"count":0,"href":"https:\/\/middleeasttransparent.com\/fr\/wp-json\/wp\/v2\/posts\/10271\/revisions"}],"wp:featuredmedia":[{"embeddable":true,"href":"https:\/\/middleeasttransparent.com\/fr\/wp-json\/wp\/v2\/media\/10272"}],"wp:attachment":[{"href":"https:\/\/middleeasttransparent.com\/fr\/wp-json\/wp\/v2\/media?parent=10271"}],"wp:term":[{"taxonomy":"category","embeddable":true,"href":"https:\/\/middleeasttransparent.com\/fr\/wp-json\/wp\/v2\/categories?post=10271"},{"taxonomy":"post_tag","embeddable":true,"href":"https:\/\/middleeasttransparent.com\/fr\/wp-json\/wp\/v2\/tags?post=10271"}],"curies":[{"name":"wp","href":"https:\/\/api.w.org\/{rel}","templated":true}]}}