{"id":102617,"date":"2023-01-25T21:31:38","date_gmt":"2023-01-25T20:31:38","guid":{"rendered":"https:\/\/middleeasttransparent.com\/?p=102617"},"modified":"2023-01-25T21:31:38","modified_gmt":"2023-01-25T20:31:38","slug":"pour-une-foi-libre-au-pays-des-ayatollahs","status":"publish","type":"post","link":"https:\/\/middleeasttransparent.com\/fr\/pour-une-foi-libre-au-pays-des-ayatollahs\/","title":{"rendered":"Pour une foi libre au pays des ayatollahs"},"content":{"rendered":"<header class=\"header-article\">\n<figure>\n<div>\n<div>\n<h2><strong>Dabrina BET-TAMRAZ\u00a0 PASTEURE iranienne\u00a0 \u00a0 \u00a0 \u00a0 \u00a0 Cette \u00e9vang\u00e9lique assyrienne, d\u00e9sormais exil\u00e9e en Suisse, milite sans rel\u00e2che pour la libert\u00e9 de culte en Iran.<\/strong><\/h2>\n<div><\/div>\n<\/div>\n<\/div>\n<\/figure>\n<\/header>\n<section id=\"section-article\">\n<div id=\"section-articleContent\">\n<p>&nbsp;<\/p>\n<h3><span style=\"color: #666699;\">\u00c0 37\u00a0ans, Dabrina Bet-Tamraz a la foi chevill\u00e9e au corps et une inlassable d\u00e9termination pour d\u00e9fendre les minorit\u00e9s chr\u00e9tiennes victimes de r\u00e9pression dans son pays natal, l\u2019Iran. \u00ab\u2009Ce que je demande aux autorit\u00e9s, c\u2019est qu\u2019elles nous laissent pratiquer librement notre foi, sans \u00eatre interrog\u00e9s, arr\u00eat\u00e9s, oppress\u00e9s\u2026\u2009\u00bb, d\u00e9clare la jeune femme, exil\u00e9e en Suisse depuis 2010.<\/span><\/h3>\n<p>&nbsp;<\/p>\n<p>&nbsp;<\/p>\n<p class=\"article_element paragraph\">Son combat s\u2019enracine dans des drames qu\u2019elle a v\u00e9cus, depuis sa naissance en 1985 \u00e0 T\u00e9h\u00e9ran, \u00ab\u2009juste apr\u00e8s la R\u00e9volution de 1979 ayant impos\u00e9 une nouvelle identit\u00e9 populaire, fond\u00e9e sur un syst\u00e8me de croyances chiites\u2009\u00bb. Elle comprend d\u00e8s l\u2019enfance que ses parents sont soumis \u00ab\u2009\u00e0 une pression particuli\u00e8re\u2009\u00bb. Motif de surveillance accrue, ces derniers sont pasteurs d\u2019une paroisse pentec\u00f4tiste assyrienne, issus d\u2019une lign\u00e9e confessionnelle (1) comptant un nombre marginal de fid\u00e8les \u2013\u2009beaucoup ayant, depuis, fui le pays pour l\u2019Europe ou les \u00c9tats-Unis.<\/p>\n<p class=\"article_element paragraph\">En R\u00e9publique islamique, \u00ab\u2009notre \u00c9glise attirait de plus en plus de croyants, dont un grand nombre de musulmans convertis. Mais la politique a commenc\u00e9 \u00e0 se durcir\u2009\u00bb, retrace Dabrina. Interdiction de c\u00e9l\u00e9brer les cultes en farsi, de faire de l\u2019\u00e9vang\u00e9lisation aupr\u00e8s des musulmans, accusations visant les \u00e9vang\u00e9liques d\u2019\u00eatre des \u00ab\u2009terroristes sionistes\u2009\u00bb\u2026<\/p>\n<p class=\"article_element paragraph\">En 2009, quatre ans apr\u00e8s l\u2019\u00e9lection du pr\u00e9sident ultra-conservateur Ahmadinejad, le couperet tombe\u2009: les autorit\u00e9s r\u00e9clament la fermeture de leur paroisse. Cette m\u00eame ann\u00e9e, Dabrina \u00e9tudie la psychologie \u00e0 l\u2019universit\u00e9 de T\u00e9h\u00e9ran. Des agents du minist\u00e8re du renseignement viennent l\u2019interroger, la soup\u00e7onnant d\u2019entrave \u00ab\u2009\u00e0 la s\u00e9curit\u00e9 nationale\u2009\u00bb. Des arrestations comme celle-ci, il y en aura d\u2019autres, en des lieux diff\u00e9rents. \u00ab\u2009Ils m\u2019ont dit qu\u2019ils d\u00e9truiraient ma vie si je ne coop\u00e9rais pas en donnant des noms de pasteurs \u00e9vang\u00e9liques et de convertis. Ils m\u2019ont dit que, si j\u2019aidais, d\u2019autres paroisses ne seraient pas ferm\u00e9es\u2026\u2009\u00bb Dabrina plie donc, avant de parvenir \u00e0 s\u2019enfuir en Europe.<\/p>\n<p class=\"article_element paragraph\">Laissant derri\u00e8re elle les siens \u2013\u2009dont ses parents Victor et Shamiram, r\u00e9fugi\u00e9s \u00e0 l\u2019\u00e9tranger depuis 2020 apr\u00e8s avoir \u00e9t\u00e9 expos\u00e9s \u00e0 de lourdes peines de prison pour organisation d\u2019offices en farsi\u2009\u2013, Dabrina ne l\u00e2che pas pour autant son combat pour la d\u00e9fense des chr\u00e9tiens iraniens. Combat qui la m\u00e8ne r\u00e9guli\u00e8rement devant le Conseil des droits de l\u2019homme de l\u2019ONU, ou devant le d\u00e9partement d\u2019\u00c9tat des \u00c9tats-Unis. Des leviers, parmi tant d\u2019autres. Mardi 17\u00a0janvier, elle intervenait avec l\u2019ONG \u00e9vang\u00e9lique Portes Ouvertes, qui rendait public son \u00ab\u2009index mondial annuel de pers\u00e9cution des chr\u00e9tiens\u2009\u00bb.<\/p>\n<p class=\"article_element paragraph\">L\u2019inqui\u00e9tude perce dans sa voix \u00e0 l\u2019\u00e9vocation des affrontements qui secouent l\u2019Iran. \u00ab\u2009Les autorit\u00e9s r\u00e9agissent tr\u00e8s violemment aux manifestations, tirant sur les gens, organisant des proc\u00e8s sans avocats, pronon\u00e7ant des sanctions tr\u00e8s s\u00e9v\u00e8res \u2013\u2009dont la peine de mort\u2026, s\u2019insurge-t-elle. On ne doit jamais s\u2019habituer \u00e0 cette oppression.\u2009\u00bb Dabrina cite un verset biblique\u2009: \u00ab\u2009Tous reconna\u00eetront que vous \u00eates mes disciples, si vous avez de l\u2019amour les uns pour les autres\u2009\u00bb (Jn 13, 35). \u00ab\u2009Malgr\u00e9 nos diff\u00e9rences, nos faiblesses, professe-t-elle, c\u2019est en \u00e9tant unis que nous pourrons porter haut le combat pour la justice sociale, le respect des droits de l\u2019homme et de la libert\u00e9 de culte.\u2009\u00bb<\/p>\n<p><a href=\"https:\/\/www.la-croix.com\/Religion\/Dabrina-Bet-Tamraz-foi-libre-pays-ayatollahs-2023-01-20-1201251539\">La Croix<\/a><\/p>\n<\/div>\n<\/section>\n","protected":false},"excerpt":{"rendered":"<p>Dabrina BET-TAMRAZ\u00a0 PASTEURE iranienne\u00a0 \u00a0 \u00a0 \u00a0 \u00a0 Cette \u00e9vang\u00e9lique assyrienne, d\u00e9sormais exil\u00e9e en Suisse, milite sans rel\u00e2che pour la libert\u00e9 de culte en Iran. &nbsp; \u00c0 37\u00a0ans, Dabrina Bet-Tamraz a la foi chevill\u00e9e au corps et une inlassable d\u00e9termination pour d\u00e9fendre les minorit\u00e9s chr\u00e9tiennes victimes de r\u00e9pression dans son pays natal, l\u2019Iran. \u00ab\u2009Ce que<\/p>\n","protected":false},"author":983,"featured_media":102621,"comment_status":"open","ping_status":"open","sticky":false,"template":"","format":"standard","meta":{"_uf_show_specific_survey":0,"_uf_disable_surveys":false,"footnotes":""},"categories":[37],"tags":[],"class_list":{"0":"post-102617","1":"post","2":"type-post","3":"status-publish","4":"format-standard","5":"has-post-thumbnail","7":"category-alaune-fr"},"aioseo_notices":[],"_links":{"self":[{"href":"https:\/\/middleeasttransparent.com\/fr\/wp-json\/wp\/v2\/posts\/102617","targetHints":{"allow":["GET"]}}],"collection":[{"href":"https:\/\/middleeasttransparent.com\/fr\/wp-json\/wp\/v2\/posts"}],"about":[{"href":"https:\/\/middleeasttransparent.com\/fr\/wp-json\/wp\/v2\/types\/post"}],"author":[{"embeddable":true,"href":"https:\/\/middleeasttransparent.com\/fr\/wp-json\/wp\/v2\/users\/983"}],"replies":[{"embeddable":true,"href":"https:\/\/middleeasttransparent.com\/fr\/wp-json\/wp\/v2\/comments?post=102617"}],"version-history":[{"count":0,"href":"https:\/\/middleeasttransparent.com\/fr\/wp-json\/wp\/v2\/posts\/102617\/revisions"}],"wp:featuredmedia":[{"embeddable":true,"href":"https:\/\/middleeasttransparent.com\/fr\/wp-json\/wp\/v2\/media\/102621"}],"wp:attachment":[{"href":"https:\/\/middleeasttransparent.com\/fr\/wp-json\/wp\/v2\/media?parent=102617"}],"wp:term":[{"taxonomy":"category","embeddable":true,"href":"https:\/\/middleeasttransparent.com\/fr\/wp-json\/wp\/v2\/categories?post=102617"},{"taxonomy":"post_tag","embeddable":true,"href":"https:\/\/middleeasttransparent.com\/fr\/wp-json\/wp\/v2\/tags?post=102617"}],"curies":[{"name":"wp","href":"https:\/\/api.w.org\/{rel}","templated":true}]}}