{"id":102485,"date":"2023-01-17T19:39:47","date_gmt":"2023-01-17T18:39:47","guid":{"rendered":"https:\/\/middleeasttransparent.com\/?p=102485"},"modified":"2023-01-17T20:17:44","modified_gmt":"2023-01-17T19:17:44","slug":"lombre-de-la-guerre-en-ukraine-plane-sur-leglise-orthodoxe-de-chypre","status":"publish","type":"post","link":"https:\/\/middleeasttransparent.com\/fr\/lombre-de-la-guerre-en-ukraine-plane-sur-leglise-orthodoxe-de-chypre\/","title":{"rendered":"L&rsquo;ombre de la guerre en Ukraine plane sur l&rsquo;Eglise orthodoxe de Chypre"},"content":{"rendered":"<div class=\"articlePage_articleHeader-DS-EntryPoint1-1 viewsHeaderWrapper viewsHeaderWrapperGradientMasthead\">\n<div data-t=\"{&quot;n&quot;:&quot;Masthead&quot;}\">\n<div class=\"viewsHeaderContainer-DS-EntryPoint1-1 newViewsHeaderDesignMode-DS-EntryPoint1-1 viewsHeaderContainerGradientBackground-DS-EntryPoint1-1 viewsHeaderContainerGradientBackgroundNoSeparator-DS-EntryPoint1-1 viewsHeaderContainerGradientBackgroundNewRR-DS-EntryPoint1-1\">\n<div class=\"viewsHeader-DS-EntryPoint1-1 viewsHeaderNoHeroImage-DS-EntryPoint1-1 centerAligned-DS-EntryPoint1-1 viewsHeaderInset-DS-EntryPoint1-1\">\n<div class=\"viewsHeaderMaxWidthWrapper-DS-EntryPoint1-1\">\n<div class=\"viewsHeaderContent-DS-EntryPoint1-1\">\n<div class=\"viewsHeaderContentVertical-DS-EntryPoint1-1\">\n<div class=\"viewsHeaderInfo-DS-EntryPoint1-1 \">\n<div class=\"viewsHeaderInfoLeft-DS-EntryPoint1-1\">\n<div class=\"viewsInfo gradientBackground viewsInset viewsInfoFullWidth enableNewRR\">\n<div class=\"viewsTitle\">\n<p><em>(Photo prise le 8 janvier 2023 montrant l&rsquo;intronisation de l&rsquo;archev\u00eaque Georgios dans la cath\u00e9drale Apostlos Varnava dans la capitale chypriot<\/em><em>)<\/em><\/p>\n<p>&nbsp;<\/p>\n<h3><\/h3>\n<h3><span style=\"color: #666699;\">Quand la puissante Eglise grecque-orthodoxe de Chypre a intronis\u00e9 son nouveau chef ce mois-ci, un \u00e9v\u00eaque s&rsquo;est tenu \u00e0 l&rsquo;\u00e9cart pour protester en silence contre un diff\u00e9rend d\u00e9clench\u00e9 par la guerre men\u00e9e par la Russie en Ukraine.<\/span><\/h3>\n<p>&nbsp;<\/p>\n<\/div>\n<\/div>\n<\/div>\n<\/div>\n<\/div>\n<\/div>\n<\/div>\n<\/div>\n<\/div>\n<\/div>\n<\/div>\n<div class=\"articlePage_articleContentContainer-DS-EntryPoint1-1 dwellTimeStartAllowed-AA16qF1O\">\n<div class=\"articlePage_contentWrapper-DS-EntryPoint1-1 articlePage_contentWrapper_fullArticle-DS-EntryPoint1-1 articlePage_contentWrapper_reducedMargin-DS-EntryPoint1-1 articlePage_contentWrapper_enableRR-DS-EntryPoint1-1\">\n<div class=\"articlePage_absoluteContentWrapper-DS-EntryPoint1-1\">\n<div data-t=\"{&quot;n&quot;:&quot;ArticleBody&quot;,&quot;t&quot;:13}\">\n<div role=\"main\">\n<section class=\"articlePage_section-DS-EntryPoint1-1 articlePageBodySection articlePage_section_continueReading-DS-EntryPoint1-1 articlePage_enableNewRR-DS-EntryPoint1-1\" data-col=\"c4\">\n<article>\n<div class=\"views-article-body articlePage_body-DS-EntryPoint1-1\" data-test-id=\"test-article\">\n<div class=\"article-image-slot\" data-image-href=\"https:\/\/www.msn.com\/fr-fr\/actualite\/monde\/lombre-de-la-guerre-en-ukraine-plane-sur-leglise-orthodoxe-de-chypre\/ar-AA16qF1O?fullscreen=true#image=1\" data-doc-id=\"cms\/api\/amp\/image\/AA16qK2M\" data-rendered=\"true\">\n<div class=\"article-image-container \" data-t=\"{&quot;n&quot;:&quot;OpenModal&quot;,&quot;t&quot;:13}\">\n<div class=\"image-caption-container content-small-text \"><\/div>\n<\/div>\n<div><\/div>\n<\/div>\n<p data-t=\"{&quot;n&quot;:&quot;blueLinks&quot;}\">Neophytos de Morfou, du c\u00f4t\u00e9 de Moscou dans le cadre du schisme eccl\u00e9siastique entre la Russie et l&rsquo;Ukraine, a d\u00e9clar\u00e9 qu&rsquo;il pr\u00e9f\u00e9rait prier seul pendant la c\u00e9r\u00e9monie d&rsquo;intronisation de l&rsquo;archev\u00eaque Georgios.<\/p>\n<p data-t=\"{&quot;n&quot;:&quot;blueLinks&quot;}\">Depuis le d\u00e9but de la guerre en Ukraine il y a bient\u00f4t un an, les \u00e9v\u00eaques orthodoxes ukrainiens consid\u00e9r\u00e9s comme pro-russes sont \u00ab\u00a0menac\u00e9s et pers\u00e9cut\u00e9s\u00a0\u00bb par les forces alli\u00e9es au pr\u00e9sident Volodymyr Zelensky, a affirm\u00e9 Neophytos de Morfou, connu \u00e0 Chypre pour son franc-parler sur nombre de sujets controvers\u00e9s. Une position qui le met en d\u00e9saccord avec Georgios, 73 ans, \u00e9lu pour succ\u00e9der \u00e0 Chrysostomos II, d\u00e9c\u00e9d\u00e9 d&rsquo;un cancer \u00e0 81 ans en novembre.<\/p>\n<div class=\"article-clear-div\"><\/div>\n<div class=\"article-image-slot\" data-image-href=\"https:\/\/www.msn.com\/fr-fr\/actualite\/monde\/lombre-de-la-guerre-en-ukraine-plane-sur-leglise-orthodoxe-de-chypre\/ar-AA16qF1O?fullscreen=true#image=2\" data-doc-id=\"cms\/api\/amp\/image\/AA16qCuU\" data-rendered=\"true\">\n<div class=\"article-image-container \" data-t=\"{&quot;n&quot;:&quot;OpenModal&quot;,&quot;t&quot;:13}\">\n<figure id=\"attachment_102490\" aria-describedby=\"caption-attachment-102490\" style=\"width: 600px\" class=\"wp-caption aligncenter\"><img fetchpriority=\"high\" decoding=\"async\" class=\"size-medium wp-image-102490\" src=\"https:\/\/middleeasttransparent.com\/wp-content\/uploads\/2023\/01\/neophytos-600x400.png\" alt=\"\" width=\"600\" height=\"400\" srcset=\"https:\/\/middleeasttransparent.com\/wp-content\/uploads\/2023\/01\/neophytos-600x400.png 600w, https:\/\/middleeasttransparent.com\/wp-content\/uploads\/2023\/01\/neophytos.png 768w\" sizes=\"(max-width: 600px) 100vw, 600px\" \/><figcaption id=\"caption-attachment-102490\" class=\"wp-caption-text\"><strong>Photo prise le 3 f\u00e9vrier 2021 montrant l&rsquo;\u00e9v\u00eaque Neophytos de Morfou dans son bureau \u00e0 Evrychou, pr\u00e8s de la capitale chypriote Nicosie\u00a9\u00a0Iakovos Hatzistavrou<\/strong><\/figcaption><\/figure>\n<div class=\"image-caption-container content-small-text \"><\/div>\n<\/div>\n<div><\/div>\n<\/div>\n<p data-t=\"{&quot;n&quot;:&quot;blueLinks&quot;}\">Ce d\u00e9saccord met en lumi\u00e8re l&rsquo;impact plus large de la guerre en Ukraine sur l&rsquo;\u00eele m\u00e9diterran\u00e9enne, Etat membre de l&rsquo;UE qui entretient depuis longtemps des liens culturels, religieux et commerciaux \u00e9troits avec la Russie.<\/p>\n<div class=\"article-image-slot\" data-image-href=\"https:\/\/www.msn.com\/fr-fr\/actualite\/monde\/lombre-de-la-guerre-en-ukraine-plane-sur-leglise-orthodoxe-de-chypre\/ar-AA16qF1O?fullscreen=true#image=3\" data-doc-id=\"cms\/api\/amp\/image\/AA16qsqb\" data-rendered=\"true\">\n<div class=\"article-image-container \" data-t=\"{&quot;n&quot;:&quot;OpenModal&quot;,&quot;t&quot;:13}\">\n<p>&nbsp;<\/p>\n<div class=\"image-caption-container content-small-text \">\n<figure id=\"attachment_102492\" aria-describedby=\"caption-attachment-102492\" style=\"width: 600px\" class=\"wp-caption alignnone\"><img decoding=\"async\" class=\"size-medium wp-image-102492\" src=\"https:\/\/middleeasttransparent.com\/wp-content\/uploads\/2023\/01\/introni-600x400.png\" alt=\"\" width=\"600\" height=\"400\" srcset=\"https:\/\/middleeasttransparent.com\/wp-content\/uploads\/2023\/01\/introni-600x400.png 600w, https:\/\/middleeasttransparent.com\/wp-content\/uploads\/2023\/01\/introni.png 768w\" sizes=\"(max-width: 600px) 100vw, 600px\" \/><figcaption id=\"caption-attachment-102492\" class=\"wp-caption-text\"><strong>Photo prise le 8 janvier 2023 montrant l&rsquo;intronisation de l&rsquo;archev\u00eaque Georgios dans la cath\u00e9drale Apostlos Varnava dans la capitale chypriote Nicosie<\/strong><\/figcaption><\/figure>\n<\/div>\n<div><\/div>\n<\/div>\n<\/div>\n<p data-t=\"{&quot;n&quot;:&quot;blueLinks&quot;}\">Chypre abrite une importante diaspora russe. L&rsquo;opinion publique y est davantage pro-russe que dans presque tous les autres pays de l&rsquo;UE, selon une enqu\u00eate r\u00e9alis\u00e9e en d\u00e9cembre par le Parlement europ\u00e9en.<\/p>\n<p class=\"continue-read-break\" data-t=\"{&quot;n&quot;:&quot;blueLinks&quot;}\"><strong>&#8211; \u00ab\u00a0Grande influence\u00a0\u00bb &#8211;<\/strong><\/p>\n<p class=\"\" data-t=\"{&quot;n&quot;:&quot;blueLinks&quot;}\">Chypre a toutefois adopt\u00e9 l&rsquo;ensemble des sanctions de l&rsquo;UE contre Moscou et cess\u00e9 les vols directs avec la Russie, tout en accueillant de nombreux r\u00e9fugi\u00e9s ukrainiens.<\/p>\n<div class=\"article-clear-div\"><\/div>\n<p class=\"\" data-t=\"{&quot;n&quot;:&quot;blueLinks&quot;}\">\u00ab\u00a0L&rsquo;\u00e9lection du nouvel archev\u00eaque est importante pour Chypre\u00a0\u00bb, rel\u00e8ve le th\u00e9ologien Theodoros Kyriakou. Car l&rsquo;Eglise exerce une influence majeure sur le gouvernement chypriote, dont l&rsquo;autorit\u00e9 s&rsquo;exerce sur les deux tiers sud de l&rsquo;\u00eele. L&rsquo;autre tiers, autoproclam\u00e9 R\u00e9publique turque de Chypre-Nord (RTCN), est reconnu par la seule Turquie qui l&rsquo;occupe depuis la guerre de 1974.<\/p>\n<div class=\"intra-article-module intra-article-ad-half\" data-t=\"{&quot;n&quot;:&quot;intraArticle&quot;,&quot;t&quot;:13}\">\n<div class=\"native-ad-container native-ad-half \">\n<div class=\"article no-content-indicator image-pos-end\">\n<div class=\"text\">\n<div class=\"actions\">\n<div class=\" end-actions\"><\/div>\n<\/div>\n<\/div>\n<\/div>\n<\/div>\n<\/div>\n<p class=\"\" data-t=\"{&quot;n&quot;:&quot;blueLinks&quot;}\">L&rsquo;Eglise de Chypre conserve une forte influence conservatrice sur la vie sociale et politique et repr\u00e9sente un acteur \u00e9conomique majeur, avec de vastes propri\u00e9t\u00e9s fonci\u00e8res et des participations dans le secteur des boissons et bancaire, notamment.<\/p>\n<p class=\"\" data-t=\"{&quot;n&quot;:&quot;blueLinks&quot;}\">Les principaux dirigeants politiques et militaires de Chypre ont assist\u00e9 en masse \u00e0 l&rsquo;intronisation de Georgios le 8 janvier dans la capitale Nicosie. Mais le patriarche russe Kirill, proche soutien du pr\u00e9sident Vladimir Poutine, n&rsquo;a envoy\u00e9 aucun repr\u00e9sentant officiel.<\/p>\n<p class=\"\" data-t=\"{&quot;n&quot;:&quot;blueLinks&quot;}\">Les relations sont glaciales depuis que l&rsquo;Eglise chypriote s&rsquo;est rang\u00e9e en 2020, avant m\u00eame le d\u00e9but de la guerre, du c\u00f4t\u00e9 de la nouvelle Eglise orthodoxe d&rsquo;Ukraine, reconnue par le patriarche de Constantinople Bartholom\u00e9e, le plus prestigieux dignitaire des Eglises orthodoxes.<\/p>\n<p class=\"\" data-t=\"{&quot;n&quot;:&quot;blueLinks&quot;}\">Le conflit russo-ukrainien a provoqu\u00e9 \u00e0 la fois un examen de conscience et une discorde au sein du haut clerg\u00e9 chypriote. En novembre, l&rsquo;\u00e9v\u00eaque Isaias de Tamasos, nagu\u00e8re fervent partisan de la Russie, a d\u00e9clar\u00e9 \u00e0 la radio d&rsquo;Etat que sa \u00ab\u00a0position avait chang\u00e9 apr\u00e8s la premi\u00e8re bombe tomb\u00e9e en Ukraine\u00a0\u00bb.<\/p>\n<p class=\"\" data-t=\"{&quot;n&quot;:&quot;blueLinks&quot;}\">Pour sa part, Georgios a soutenu son pr\u00e9d\u00e9cesseur au sujet de l&rsquo;Ukraine et soulign\u00e9 l&rsquo;autorit\u00e9 de Bartholom\u00e9e, mais il a d\u00e9clar\u00e9 vouloir r\u00e9tablir l&rsquo;harmonie au sein de la famille orthodoxe.<\/p>\n<p class=\"\" data-t=\"{&quot;n&quot;:&quot;blueLinks&quot;}\"><strong>&#8211; \u00ab\u00a0Un vrai probl\u00e8me\u00a0\u00bb &#8211;<\/strong><\/p>\n<p class=\"\" data-t=\"{&quot;n&quot;:&quot;blueLinks&quot;}\">Le th\u00e9ologien et ancien membre du Parlement europ\u00e9en Andreas Pitsillides a d\u00e9clar\u00e9 \u00e0 la radio Politis que \u00ab\u00a0le d\u00e9funt archev\u00eaque avait constitu\u00e9 une \u00e9quipe d&rsquo;eccl\u00e9siastiques au sein du Saint-Synode qui partageait sa position sur plusieurs sujets, notamment la question ukrainienne\u00a0\u00bb.<\/p>\n<p class=\"\" data-t=\"{&quot;n&quot;:&quot;blueLinks&quot;}\">Les tensions avec la Russie pourraient avoir un impact majeur sur l&rsquo;\u00eele dans les domaines religieux, politique et \u00e9conomique, a d\u00e9clar\u00e9 Achilleas Demetriades, avocat et candidat ind\u00e9pendant \u00e0 la pr\u00e9sidentielle de f\u00e9vrier \u00e0 Chypre.<\/p>\n<p class=\"\" data-t=\"{&quot;n&quot;:&quot;blueLinks&quot;}\">En tant que membre permanent du Conseil de s\u00e9curit\u00e9 de l&rsquo;ONU, la Russie pourrait bloquer le renouvellement de la force de maintien de la paix de l&rsquo;ONU qui patrouille le long de la Ligne verte qui divise l&rsquo;\u00eele, a observ\u00e9 M. Demetriades.<\/p>\n<p class=\"\" data-t=\"{&quot;n&quot;:&quot;blueLinks&quot;}\">\u00ab\u00a0La Russie est un gros probl\u00e8me pour Chypre, en particulier pour l&rsquo;application des sanctions de l&rsquo;UE, car cela affecte les affaires\u00a0\u00bb, a-t-il d\u00e9clar\u00e9 \u00e0 l&rsquo;AFP.<\/p>\n<p class=\"\" data-t=\"{&quot;n&quot;:&quot;blueLinks&quot;}\"><strong>D\u00e9sormais, dit-il, les investissements russes affluent dans la RTCN, faute de sanctions impos\u00e9es par la Turquie, contrairement \u00e0 l&rsquo;UE:\u00a0\u00ab\u00a0C&rsquo;est un vrai probl\u00e8me\u00a0\u00bb.<\/strong><\/p>\n<\/div>\n<\/article>\n<\/section>\n<\/div>\n<\/div>\n<\/div>\n<\/div>\n<\/div>\n","protected":false},"excerpt":{"rendered":"<p>(Photo prise le 8 janvier 2023 montrant l&rsquo;intronisation de l&rsquo;archev\u00eaque Georgios dans la cath\u00e9drale Apostlos Varnava dans la capitale chypriot) &nbsp; Quand la puissante Eglise grecque-orthodoxe de Chypre a intronis\u00e9 son nouveau chef ce mois-ci, un \u00e9v\u00eaque s&rsquo;est tenu \u00e0 l&rsquo;\u00e9cart pour protester en silence contre un diff\u00e9rend d\u00e9clench\u00e9 par la guerre men\u00e9e par la<\/p>\n","protected":false},"author":980,"featured_media":102494,"comment_status":"open","ping_status":"open","sticky":false,"template":"","format":"standard","meta":{"_uf_show_specific_survey":0,"_uf_disable_surveys":false,"footnotes":""},"categories":[37],"tags":[],"class_list":{"0":"post-102485","1":"post","2":"type-post","3":"status-publish","4":"format-standard","5":"has-post-thumbnail","7":"category-alaune-fr"},"aioseo_notices":[],"_links":{"self":[{"href":"https:\/\/middleeasttransparent.com\/fr\/wp-json\/wp\/v2\/posts\/102485","targetHints":{"allow":["GET"]}}],"collection":[{"href":"https:\/\/middleeasttransparent.com\/fr\/wp-json\/wp\/v2\/posts"}],"about":[{"href":"https:\/\/middleeasttransparent.com\/fr\/wp-json\/wp\/v2\/types\/post"}],"author":[{"embeddable":true,"href":"https:\/\/middleeasttransparent.com\/fr\/wp-json\/wp\/v2\/users\/980"}],"replies":[{"embeddable":true,"href":"https:\/\/middleeasttransparent.com\/fr\/wp-json\/wp\/v2\/comments?post=102485"}],"version-history":[{"count":0,"href":"https:\/\/middleeasttransparent.com\/fr\/wp-json\/wp\/v2\/posts\/102485\/revisions"}],"wp:featuredmedia":[{"embeddable":true,"href":"https:\/\/middleeasttransparent.com\/fr\/wp-json\/wp\/v2\/media\/102494"}],"wp:attachment":[{"href":"https:\/\/middleeasttransparent.com\/fr\/wp-json\/wp\/v2\/media?parent=102485"}],"wp:term":[{"taxonomy":"category","embeddable":true,"href":"https:\/\/middleeasttransparent.com\/fr\/wp-json\/wp\/v2\/categories?post=102485"},{"taxonomy":"post_tag","embeddable":true,"href":"https:\/\/middleeasttransparent.com\/fr\/wp-json\/wp\/v2\/tags?post=102485"}],"curies":[{"name":"wp","href":"https:\/\/api.w.org\/{rel}","templated":true}]}}