{"id":101999,"date":"2022-12-26T22:18:13","date_gmt":"2022-12-26T21:18:13","guid":{"rendered":"https:\/\/middleeasttransparent.com\/?p=101999"},"modified":"2022-12-26T22:20:01","modified_gmt":"2022-12-26T21:20:01","slug":"cette-librairie-emblematique-de-londres-va-bientot-fermer","status":"publish","type":"post","link":"https:\/\/middleeasttransparent.com\/fr\/cette-librairie-emblematique-de-londres-va-bientot-fermer\/","title":{"rendered":"Cette librairie embl\u00e9matique de Londres va bient\u00f4t fermer"},"content":{"rendered":"<div class=\"fig-wrapper fig-zone-main fig-content-metas-info\"><\/div>\n<div class=\"etx-player\" data-play-btn-radius=\"4px\" data-play-btn-align=\"-10px\" data-play-btn-icon=\"straight-full\" data-enable-ads=\"true\" data-ads-channel-id=\"039f2e6b-916b-444b-9d6f-058fa9dc3164\" data-ads-keywords=\"Voyage\" data-content-tier=\"free\" data-main-color=\"#163860\" data-play-btn-color=\"#fff\" data-track-bg-color=\"#d3e7ff\" data-time-color=\"#727272\" data-credit-text-color=\"#727272\" data-listen-article-text=\"\u00c9couter cet article\" data-showdisabled=\"true\" data-version=\"2022-12-20T11:05:14+01:00\" data-information-tooltip=\"true\" data-api-key=\"fbEE0ViWcQ5oP5oxq0WuN67lobSf4P21c09VMPPd\" data-hide-credits=\"true\">\n<div class=\"facade-container \">\n<div class=\"facade-container-track\">\n<div class=\"facade-progress\"><\/div>\n<\/div>\n<\/div>\n<\/div>\n<figure class=\"fig-media fig-media--type-photo fig-media__content-main \">\n<div class=\"fig-media__container fig-placeholder fig-i-67295b2a2035c340ed7bc6b4aa23a791 fig-placeholder--16-9 \" style=\"box-sizing: border-box; border: 0px; font-style: inherit; font-variant: inherit; font-weight: inherit; font-stretch: inherit; line-height: inherit; font-family: inherit; font-size: 16px; margin: 0px; padding: 0px; vertical-align: baseline; max-width: 100%; position: relative; cursor: pointer;\" role=\"button\" data-module=\"fig-photo\" data-context=\"was @visible\" data-modal-image=\"&lt;img srcset=&quot;https:\/\/i.f1g.fr\/media\/cms\/1194x804\/2022\/12\/20\/3de645c36ebb9e4d9d9984fed2f335e1a215beaad11519ed0095e72ceaeea46c.jpg, https:\/\/i.f1g.fr\/media\/cms\/704x704\/2022\/12\/20\/3de645c36ebb9e4d9d9984fed2f335e1a215beaad11519ed0095e72ceaeea46c.jpg, https:\/\/i.f1g.fr\/media\/cms\/320x395\/2022\/12\/20\/3de645c36ebb9e4d9d9984fed2f335e1a215beaad11519ed0095e72ceaeea46c.jpg&quot; sizes=&quot;(min-width: 64em) 1194px, (min-width: 48em) and (max-width: 63.99em) 704px, 100vw&quot; class=&quot;fig-media-modal__image&quot; alt=&quot;La c\u00e9l\u00e8bre librairie Al Saqi, \u00e0 Londres, va bient\u00f4t fermer ses portes.&quot;\/&gt;\" data-modal-image-credit=\"Isabel INFANTES \/ AFP\" aria-label=\"Agrandir l'image\"><\/div><figcaption class=\"fig-media__legend\"><span class=\"fig-media__credits\"><span class=\"fig-media__credits\"><span style=\"color: #0000ff;\">\u00a0Isabel INFANTES \/ AFP<\/span><\/span><\/span><\/p>\n<\/figcaption><\/figure>\n<h3><span style=\"color: #666699;\">Ouverte depuis 1978, la librairie Al Saqi cl\u00f4t un chapitre de son histoire, fragilis\u00e9e par le Brexit, la pand\u00e9mie et le chaos politique au Liban.<\/span><\/h3>\n<div class=\"fig-ad-content fig-ad-content--native_atf fig-ad-content--empty\"><\/div>\n<div><\/div>\n<div class=\"fig-content-body\" data-agora-base-url=\"https:\/\/connect.lefigaro.fr\" data-component=\"fig-content-body\" data-context=\"was @visible\" data-id=\"bGVmaWdhcm8uZnJfXzY3NzE1NjhkLTgwM2EtMTFlZC04ZmYwLWEwMzY5ZjkxZjMwNF9fTmV3c0ZsYXNo\" data-module=\"fig-body\" data-premium=\"false\">\n<p class=\"fig-paragraph\">Salwa Gaspard regarde avec tendresse les \u00e9tag\u00e8res en bois sombre sur lesquelles reposent des centaines de livres en arabe, en remet certains en place en \u00e9changeant quelques mots avec des clients. Dans quelques jours, sa librairie de\u00a0<a href=\"https:\/\/www.lefigaro.fr\/voyages\/dossier\/londres\" data-fig-type=\"Topic\" data-gtm-custom-categorie=\"navigation\" data-gtm-custom-action=\"crossclick\" data-gtm-custom-label=\"Contextuel\" data-gtm-event=\"customEventSPE\" data-fig-domain=\"LEFIGARO\">Londres<\/a>, connue des amateurs de lettres dans tout le\u00a0<a href=\"https:\/\/www.lefigaro.fr\/voyages\/guides\/dossier\/moyen-orient\" data-fig-type=\"Topic\" data-gtm-custom-categorie=\"navigation\" data-gtm-custom-action=\"crossclick\" data-gtm-custom-label=\"Contextuel\" data-gtm-event=\"customEventSPE\" data-fig-domain=\"LEFIGARO\">Moyen-Orient<\/a>, va fermer. La librairie Al Saqi n&rsquo;a pas surv\u00e9cu \u00e0 la pand\u00e9mie, au Brexit et au chaos politique et \u00e9conomique au\u00a0<a href=\"https:\/\/www.lefigaro.fr\/voyages\/dossier\/liban\" data-fig-type=\"Topic\" data-gtm-custom-categorie=\"navigation\" data-gtm-custom-action=\"crossclick\" data-gtm-custom-label=\"Contextuel\" data-gtm-event=\"customEventSPE\" data-fig-domain=\"LEFIGARO\">Liban<\/a>, d&rsquo;o\u00f9 la maison d&rsquo;\u00e9dition cr\u00e9\u00e9e par le couple imprime et exp\u00e9die la plupart de ses livres. Pourtant, depuis son ouverture en 1978 par Salwa Gaspard, son mari Andr\u00e9 et une amie du couple, le commerce, nich\u00e9 dans un immeuble blanc \u00e0 colonnades non loin de la gare de Paddington, \u00e9tait devenu un lieu incontournable.<\/p>\n<p class=\"fig-paragraph\">Pour les visiteurs du Moyen-Orient, il n&rsquo;y avait\u00a0<em>\u00abrien de culturel\u00bb\u00a0<\/em>\u00e0 Londres, se souvient Salwa Gaspard, alors le succ\u00e8s est vite arriv\u00e9.\u00a0<em>\u00abIls allaient sur Oxford Street\u00a0<\/em>(la grande rue commer\u00e7ante)<em>, \u00e0 Knightsbridge<\/em>\u00a0(le quartier du c\u00e9l\u00e8bre magasin Harrod&rsquo;s)\u00a0<em>et \u00e0 la librairie Al Saqi\u00bb,\u00a0<\/em>d\u00e9taille-t-elle. En arabe, Al Saqi d\u00e9signe la personne qui transporte de l&rsquo;eau dans le d\u00e9sert,\u00a0<em>\u00abun nom parfait\u00bb<\/em>, assure la libraire de 74 ans. Car le petit temple du livre vend aussi des essais en anglais sur le monde arabe pour favoriser\u00a0<em>\u00abune id\u00e9e du Moyen-Orient diff\u00e9rente des images violentes v\u00e9hicul\u00e9es par la t\u00e9l\u00e9vision ou dans les journaux\u00bb<\/em>, explique-t-elle.<\/p>\n<h3 id=\"subhead-50bece7f-1920-440e-b533-096549185a85\" class=\"fig-body-heading\">Une librairie \u00e0 la fois lieu de rencontres et \u00abrefuge\u00bb<\/h3>\n<p class=\"fig-paragraph\">Avec le succ\u00e8s, le couple cr\u00e9e une soci\u00e9t\u00e9 d&rsquo;\u00e9dition, d&rsquo;abord de traduction en anglais d&rsquo;auteurs arabes, comme\u00a0<em>Les croisades vues par les Arabes<\/em>\u00a0du Franco-Libanais Amin Maalouf, et quelques ann\u00e9es plus tard, une autre au Liban de livres en arabe. Pendant plus de 40 ans, nombreux sont les \u00e9crivains venus y pr\u00e9senter leurs ouvrages, \u00e0 l&rsquo;image du c\u00e9l\u00e8bre po\u00e8te syrien Adonis.<\/p>\n<p class=\"fig-paragraph\">Lieu de rencontre, \u00abrefuge\u00bb m\u00eame parfois pour des immigr\u00e9s d\u00e9racin\u00e9s par la guerre ou les crises \u00e9conomiques au Proche et au Moyen-Orient, la librairie Al Saqi a toujours d\u00e9fendu farouchement son ind\u00e9pendance et son esprit d&rsquo;ouverture.\u00a0<em>\u00abLes gens sentaient qu&rsquo;ils avaient ici des amis qui les comprendraient\u00bb<\/em>, parce que les \u00e9v\u00e8nements qui les touchaient\u00a0<em>\u00abse sont pass\u00e9s dans tellement de pays du Moyen-Orient\u00bb<\/em>, raconte Salwa Gaspard.<\/p>\n<figure class=\"fig-media fig-media--type-photo \">\n<div class=\"fig-media__container fig-placeholder fig-i-c553382646a275102224686cd585a4fb fig-lazy fig-placeholder--with-dimensions fig-placeholder--transparent\" style=\"box-sizing: border-box; border: 0px; font-style: inherit; font-variant: inherit; font-weight: inherit; font-stretch: inherit; line-height: inherit; font-family: inherit; font-size: 16px; margin: 0px auto; padding: 0px; vertical-align: baseline; max-width: 100%; position: relative; cursor: pointer; width: 704px;\" role=\"button\" data-module=\"fig-photo\" data-context=\"was @visible\" data-modal-image=\"&lt;img srcset=&quot;https:\/\/i.f1g.fr\/media\/cms\/1194x804\/2022\/12\/20\/00172eb64c324ba554e5a7be6d08f9dc2429ce5f19a61a87ff4616daecb10ed0.jpg, https:\/\/i.f1g.fr\/media\/cms\/704x704\/2022\/12\/20\/00172eb64c324ba554e5a7be6d08f9dc2429ce5f19a61a87ff4616daecb10ed0.jpg, https:\/\/i.f1g.fr\/media\/cms\/320x395\/2022\/12\/20\/00172eb64c324ba554e5a7be6d08f9dc2429ce5f19a61a87ff4616daecb10ed0.jpg&quot; sizes=&quot;(min-width: 64em) 1194px, (min-width: 48em) and (max-width: 63.99em) 704px, 100vw&quot; class=&quot;fig-media-modal__image&quot; alt=&quot;&quot;\/&gt;\" data-modal-image-credit=\"Isabel INFANTES \/ AFP\" aria-label=\"Agrandir l'image\">\n<p><em><img class=\"fig-media-photo fig-img--complete aligncenter\" srcset=\"https:\/\/i.f1g.fr\/media\/cms\/704x469\/2022\/12\/20\/00172eb64c324ba554e5a7be6d08f9dc2429ce5f19a61a87ff4616daecb10ed0.jpg 703w\" alt=\"\" \/><strong><span style=\"font-size: 14px;\">En 1978, Salwa Gaspard a ouvert la librairie Al Saqi, avec son mari Andr\u00e9 et une amie du couple.<\/span><span class=\"fig-media__credits\" style=\"font-size: 14px;\">\u00a0<\/span><\/strong><\/em><\/p>\n<\/div>\n<\/figure>\n<p class=\"fig-paragraph\">Et m\u00eame si les propri\u00e9taires ont toujours veill\u00e9 \u00e0 se tenir \u00e0 l&rsquo;\u00e9cart de la politique, la librairie n&rsquo;a pas \u00e9chapp\u00e9 aux soubresauts de la g\u00e9opolitique. \u00c0 ses risques et p\u00e9rils parfois, comme lors de la sortie des\u00a0<em>Versets sataniques<\/em>\u00a0de Salman Rushdie en 1988, o\u00f9 sa vitrine est bris\u00e9e.\u00a0<em>\u00abNous n&rsquo;avons jamais cru \u00e0 la censure. (&#8230;) nous ne voulions rien interdire\u00bb<\/em>, se souvient la libraire.<\/p>\n<p class=\"fig-paragraph\">Le couple a aussi \u00e9t\u00e9 pris \u00e0 partie lorsqu&rsquo;il a publi\u00e9 une traduction par l&rsquo;Isra\u00e9lien Abba Eban d&rsquo;une \u0153uvre de l&rsquo;auteur \u00e9gyptien Tawfiq al-Hakim.\u00a0<em>\u00abLes gens \u00e9taient scandalis\u00e9s (&#8230;) C&rsquo;\u00e9tait avant le processus de paix, mais c&rsquo;\u00e9tait juste l&rsquo;union intellectuelle entre un \u00c9gyptien et un Isra\u00e9lien\u00bb<\/em>.<\/p>\n<h3 id=\"subhead-47700365-8b2b-4b0f-87d8-3211b325a0cc\" class=\"fig-body-heading\">\u00c9motion sur les r\u00e9seaux sociaux<\/h3>\n<figure class=\"fig-media fig-media--type-photo \">\n<div class=\"fig-media__container fig-placeholder fig-i-6e20f74f5ebf0287940376323a1917d7 fig-lazy fig-placeholder--with-dimensions fig-placeholder--transparent\" style=\"box-sizing: border-box; border: 0px; font-style: inherit; font-variant: inherit; font-weight: inherit; font-stretch: inherit; line-height: inherit; font-family: inherit; font-size: 16px; margin: 0px auto; padding: 0px; vertical-align: baseline; max-width: 100%; position: relative; cursor: pointer; width: 704px;\" role=\"button\" data-module=\"fig-photo\" data-context=\"was @visible\" data-modal-image=\"&lt;img srcset=&quot;https:\/\/i.f1g.fr\/media\/cms\/1194x804\/2022\/12\/20\/141f195226ffa537cf813a2c8b6cf55d1259b7a2db5bd504d4c0af52fd442ff0.jpg, https:\/\/i.f1g.fr\/media\/cms\/704x704\/2022\/12\/20\/141f195226ffa537cf813a2c8b6cf55d1259b7a2db5bd504d4c0af52fd442ff0.jpg, https:\/\/i.f1g.fr\/media\/cms\/320x395\/2022\/12\/20\/141f195226ffa537cf813a2c8b6cf55d1259b7a2db5bd504d4c0af52fd442ff0.jpg&quot; sizes=&quot;(min-width: 64em) 1194px, (min-width: 48em) and (max-width: 63.99em) 704px, 100vw&quot; class=&quot;fig-media-modal__image&quot; alt=&quot;&quot;\/&gt;\" data-modal-image-credit=\"Isabel INFANTES \/ AFP\" aria-label=\"Agrandir l'image\">\n<p><img class=\"fig-media-photo fig-img--complete\" srcset=\"https:\/\/i.f1g.fr\/media\/cms\/704x469\/2022\/12\/20\/141f195226ffa537cf813a2c8b6cf55d1259b7a2db5bd504d4c0af52fd442ff0.jpg 703w\" alt=\"\" \/><\/p>\n<div class=\"fig-media__button\"><\/div>\n<\/div><figcaption class=\"fig-media__legend\">La librairie, ouverte en 1978, a \u00e9t\u00e9 un lieu de rencontre, mais aussi de refuge pour des immigr\u00e9s d\u00e9racin\u00e9s par la guerre ou les crises \u00e9conomiques au Proche et au Moyen-Orient.<span class=\"fig-media__credits\">\u00a0Isabel INFANTES \/ AFP<\/span><\/figcaption><\/figure>\n<p class=\"fig-paragraph\">L&rsquo;annonce de la fermeture de la librairie \u00e0 la fin du mois a suscit\u00e9 une avalanche de messages de tristesse. Ouissal Harize, dont le profil affiche le drapeau de l&rsquo;Alg\u00e9rie,\u00a0<em>\u00abremercie\u00bb<\/em>\u00a0sur Twitter la librairie\u00a0<em>\u00abd&rsquo;avoir \u00e9t\u00e9 une maison, loin de chez nous\u00bb<\/em>. Ou Nasri Atallah qui \u00e9voque\u00a0<em>\u00abun pilier de toute ma vie \u00e0 Londres, et de mon p\u00e8re avant moi\u00bb<\/em>.\u00a0<em>\u00abC&rsquo;\u00e9tait comme un sanctuaire \u00e0 Londres, donc c&rsquo;est une tr\u00e8s mauvaise nouvelle, vraiment\u00bb<\/em>, s&rsquo;\u00e9meut Farah Otozbeer, \u00e9tudiante \u00e9gyptienne de 24 ans, tout juste dipl\u00f4m\u00e9e de la London School of Economics et qui, de passage \u00e0 Londres pour recevoir son dipl\u00f4me, a tenu \u00e0 venir une derni\u00e8re fois. La librairie\u00a0<em>\u00aba toujours \u00e9t\u00e9 un endroit o\u00f9 les personnes arabophones venaient de tout le Moyen-Orient pour acheter des livres qu&rsquo;ils ne pouvaient pas acheter dans leurs pays\u00bb<\/em>, \u00e0 cause de la censure notamment. Mais elle a eu aussi un grand r\u00f4le pour\u00a0<em>\u00abtraduire la litt\u00e9rature et les essais en anglais et les diffuser \u00e0 un public anglophone\u00bb<\/em>, regrette Joseph Devine, employ\u00e9 anglais de la librairie et ancien \u00e9tudiant en arabe.<\/p>\n<p class=\"fig-paragraph\">Apr\u00e8s le Covid-19, la librairie esp\u00e9rait rebondir, mais la crise \u00e9conomie actuelle au Royaume-Uni, avec des co\u00fbts qui explosent, et la situation chaotique du Liban ont douch\u00e9 les espoirs de Salwa Gaspard.\u00a0<em>\u00abQuand nous avons fui le Liban, nous n&rsquo;avions pas de famille \u00e0 Londres. C&rsquo;\u00e9tait notre famille, les employ\u00e9s et m\u00eame certains clients sont devenus comme notre famille, et nous perdons tout cela aujourd&rsquo;hui\u00bb<\/em>.<\/p>\n<\/div>\n<p><a href=\"https:\/\/www.lefigaro.fr\/voyages\/cette-librairie-emblematique-de-londres-va-bientot-fermer-20221220\">Le Figaro<\/a><\/p>\n","protected":false},"excerpt":{"rendered":"<p>\u00a0Isabel INFANTES \/ AFP Ouverte depuis 1978, la librairie Al Saqi cl\u00f4t un chapitre de son histoire, fragilis\u00e9e par le Brexit, la pand\u00e9mie et le chaos politique au Liban. Salwa Gaspard regarde avec tendresse les \u00e9tag\u00e8res en bois sombre sur lesquelles reposent des centaines de livres en arabe, en remet certains en place en \u00e9changeant<\/p>\n","protected":false},"author":152,"featured_media":102001,"comment_status":"open","ping_status":"open","sticky":false,"template":"","format":"standard","meta":{"_uf_show_specific_survey":0,"_uf_disable_surveys":false,"footnotes":""},"categories":[37],"tags":[],"class_list":{"0":"post-101999","1":"post","2":"type-post","3":"status-publish","4":"format-standard","5":"has-post-thumbnail","7":"category-alaune-fr"},"aioseo_notices":[],"_links":{"self":[{"href":"https:\/\/middleeasttransparent.com\/fr\/wp-json\/wp\/v2\/posts\/101999","targetHints":{"allow":["GET"]}}],"collection":[{"href":"https:\/\/middleeasttransparent.com\/fr\/wp-json\/wp\/v2\/posts"}],"about":[{"href":"https:\/\/middleeasttransparent.com\/fr\/wp-json\/wp\/v2\/types\/post"}],"author":[{"embeddable":true,"href":"https:\/\/middleeasttransparent.com\/fr\/wp-json\/wp\/v2\/users\/152"}],"replies":[{"embeddable":true,"href":"https:\/\/middleeasttransparent.com\/fr\/wp-json\/wp\/v2\/comments?post=101999"}],"version-history":[{"count":0,"href":"https:\/\/middleeasttransparent.com\/fr\/wp-json\/wp\/v2\/posts\/101999\/revisions"}],"wp:featuredmedia":[{"embeddable":true,"href":"https:\/\/middleeasttransparent.com\/fr\/wp-json\/wp\/v2\/media\/102001"}],"wp:attachment":[{"href":"https:\/\/middleeasttransparent.com\/fr\/wp-json\/wp\/v2\/media?parent=101999"}],"wp:term":[{"taxonomy":"category","embeddable":true,"href":"https:\/\/middleeasttransparent.com\/fr\/wp-json\/wp\/v2\/categories?post=101999"},{"taxonomy":"post_tag","embeddable":true,"href":"https:\/\/middleeasttransparent.com\/fr\/wp-json\/wp\/v2\/tags?post=101999"}],"curies":[{"name":"wp","href":"https:\/\/api.w.org\/{rel}","templated":true}]}}