{"id":10170,"date":"2016-03-15T16:21:36","date_gmt":"2016-03-15T15:21:36","guid":{"rendered":"http:\/\/middleeasttransparent.com\/?p=10170"},"modified":"2016-05-09T19:25:04","modified_gmt":"2016-05-09T18:25:04","slug":"fifa-lenquete-sur-blatter-et-platini-passe-desormais-aussi-par-la-france","status":"publish","type":"post","link":"https:\/\/middleeasttransparent.com\/fr\/fifa-lenquete-sur-blatter-et-platini-passe-desormais-aussi-par-la-france\/","title":{"rendered":"FIFA : l\u2019enqu\u00eate sur Blatter et Platini passe d\u00e9sormais aussi par la France"},"content":{"rendered":"<p class=\"tt2\"><strong><span id=\"publisher\" data-source=\"Le Monde.fr\">Le Monde.fr<\/span>\u00a0<\/strong><\/p>\n<div class=\"toolbar\">\n<div class=\"conteneur_barre_outils\">\n<p class=\"barre_outils\"><strong>A la demande du Minist\u00e8re public de la Conf\u00e9d\u00e9ration helv\u00e9tique (MPC), le Parquet national financier (PNF), assist\u00e9 de l\u2019office central de lutte contre la corruption et les infractions financi\u00e8res et fiscales, a perquisitionn\u00e9, mardi 8\u00a0mars, le si\u00e8ge de la F\u00e9d\u00e9ration fran\u00e7aise de\u00a0<a class=\"lien_interne rub\" title=\"Toute l\u2019actualit\u00e9 football\" href=\"http:\/\/www.lemonde.fr\/football\/\">football<\/a> (FFF), boulevard de Grenelle, \u00e0 <a class=\"lien_interne rub\" title=\"Toute l\u2019actualit\u00e9 Paris\" href=\"http:\/\/www.lemonde.fr\/paris\/\">Paris<\/a>. En pr\u00e9sence de leurs confr\u00e8res suisses et sans\u00a0<a class=\"lien_interne conjug\" title=\"Conjugaison du verbe avoir\" href=\"http:\/\/conjugaison.lemonde.fr\/conjugaison\/auxiliaire\/avoir\/\" target=\"_blank\">avoir<\/a> pr\u00e9venu au pr\u00e9alable les cadres de la FFF, les enqu\u00eateurs sont arriv\u00e9s dans la matin\u00e9e dans les locaux et en sont repartis en d\u00e9but de soir\u00e9e.<\/strong><\/p>\n<\/div>\n<\/div>\n<div id=\"articleBody\" class=\"contenu_article js_article_body\">\n<p>Selon un communiqu\u00e9 du MPC publi\u00e9 mercredi 9\u00a0mars, cette op\u00e9ration a eu lieu dans le cadre de l\u2019affaire du <em>\u00ab\u200apaiement suspect\u200a<\/em>\u00bb de 2\u00a0millions de francs suisses (1,8\u00a0million d\u2019euros) effectu\u00e9 en f\u00e9vrier\u00a02011 par l\u2019ex-pr\u00e9sident de la F\u00e9d\u00e9ration internationale de football (<a class=\"lien_interne rub\" title=\"Toute l\u2019actualit\u00e9 FIFA\" href=\"http:\/\/www.lemonde.fr\/corruption-a-la-fifa\/\">FIFA<\/a>) Joseph \u00ab\u200aSepp\u200a\u00bb Blatter, \u00e0 son homologue de l\u2019UEFA, Michel Platini. Ce versement <em>\u00ab\u200ad\u00e9loyal\u200a\u00bb<\/em> a \u00e9t\u00e9 effectu\u00e9 <em>\u00ab\u200apr\u00e9tendument pour des travaux\u200a\u00bb<\/em> r\u00e9alis\u00e9s par l\u2019ex-num\u00e9ro\u00a010 des Bleus lorsqu\u2019il officiait (entre janvier\u00a01999 et juin\u00a02002) comme <a class=\"lien_interne conjug\" title=\"Conjugaison du verbe conseiller\" href=\"http:\/\/conjugaison.lemonde.fr\/conjugaison\/premier-groupe\/conseiller\/\" target=\"_blank\">conseiller<\/a> du patron du foot mondial.<\/p>\n<p>Le 24\u00a0septembre \u200a2015, le MPC avait ouvert une proc\u00e9dure p\u00e9nale \u00e0 l\u2019encontre de Joseph Blatter, au <a class=\"lien_interne conjug\" title=\"Conjugaison du verbe pouvoir\" href=\"http:\/\/conjugaison.lemonde.fr\/conjugaison\/troisieme-groupe\/pouvoir\/\" target=\"_blank\">pouvoir<\/a> de 1998 \u00e0 2015. Entendu par la <a class=\"lien_interne rub\" title=\"Toute l\u2019actualit\u00e9 justice\" href=\"http:\/\/www.lemonde.fr\/justice\/\">justice<\/a>\u00a0helv\u00e9tique comme <em>\u00ab\u200apersonne appel\u00e9e \u00e0 <a class=\"lien_interne conjug\" title=\"Conjugaison du verbe donner\" href=\"http:\/\/conjugaison.lemonde.fr\/conjugaison\/premier-groupe\/donner\/\" target=\"_blank\">donner<\/a> des renseignements\u200a\u00bb, <\/em>Michel Platini conserve \u00e0 ce jour ce statut semblable \u00e0 celui de t\u00e9moin assist\u00e9 en\u00a0<a class=\"lien_interne rub\" title=\"Toute l\u2019actualit\u00e9 France\" href=\"http:\/\/www.lemonde.fr\/europeennes-france\/\">France<\/a>. A l\u2019instar de son ancien ami Sepp Blatter, le dirigeant de la Conf\u00e9d\u00e9ration europ\u00e9enne a \u00e9t\u00e9 suspendu, le 21\u00a0d\u00e9cembre\u200a2015, pour huit ans pour \u00ab\u200aabus de position\u200a\u00bb, \u00ab\u200agestion d\u00e9loyale\u200a\u00bb et \u00ab\u200aconflit d\u2019int\u00e9r\u00eats\u200a\u00bb par le comit\u00e9 d\u2019\u00e9thique de la FIFA en vertu de ce fameux versement de 2011 <em>\u00ab\u200asans base l\u00e9gale dans le contrat sign\u00e9 par les deux parties le 25\u00a0ao\u00fbt\u200a1999.\u200a\u00bb<\/em><\/p>\n<h2 class=\"intertitre\">Proc\u00e8s-verbaux<\/h2>\n<p>Candidat \u00e0 la succession du patriarche <a class=\"lien_interne rub\" title=\"Toute l\u2019actualit\u00e9 suisse\" href=\"http:\/\/www.lemonde.fr\/suisse\/\">suisse<\/a>, Michel Platini a ainsi \u00e9t\u00e9 contraint de <a class=\"lien_interne conjug\" title=\"Conjugaison du verbe d\u00e9clarer\" href=\"http:\/\/conjugaison.lemonde.fr\/conjugaison\/premier-groupe\/d%C3%A9clarer\/\" target=\"_blank\">d\u00e9clarer<\/a> forfait, le 7\u00a0janvier. Le 24\u00a0f\u00e9vrier, la commission des recours de la FIFA a all\u00e9g\u00e9 de deux ans la sanction inflig\u00e9e au tandem au regard<em> \u00ab\u200ades services\u200a\u00bb<\/em> qu\u2019il a rendus au ballon rond.<\/p>\n<p>Selon le PNF, sensiblement moins enclin \u00e0 <a class=\"lien_interne conjug\" title=\"Conjugaison du verbe communiquer\" href=\"http:\/\/conjugaison.lemonde.fr\/conjugaison\/premier-groupe\/communiquer\/\" target=\"_blank\">communiquer<\/a> que le MPC, les enqu\u00eateurs ont saisi <em>\u00ab\u200ades documents utiles \u00e0 l\u2019<a class=\"lien_interne rub\" title=\"Toute l\u2019actualit\u00e9 enqu\u00eate\" href=\"http:\/\/www.lemonde.fr\/enquetes\/\">enqu\u00eate<\/a>\u200a\u00bb<\/em> au si\u00e8ge de la FFF. Ils ont notamment emport\u00e9 des <a class=\"lien_interne rub\" title=\"Toute l\u2019actualit\u00e9 proc\u00e8s\" href=\"http:\/\/www.lemonde.fr\/proces\/\">proc\u00e8s<\/a>-verbaux des r\u00e9unions des conseils f\u00e9d\u00e9raux auxquels \u00ab\u200aPlatoche\u200a\u00bb a assist\u00e9 en tant que vice-pr\u00e9sident de la F\u00e9d\u00e9ration (2001-2008). Par ailleurs, ils ont consign\u00e9 le bail de l\u2019ex-annexe parisienne de la FFF, sise place Andr\u00e9-Malraux, pr\u00e8s du Palais-Royal, que l\u2019institution louait. Entre 1998 et 2002, Michel Platini et ses collaborateurs Alain Leiblang et Odile Lanceau y disposaient d\u2019un bureau. Selon nos informations, le loyer de ce bureau \u00e9tait pay\u00e9 par la FFF puis refactur\u00e9 \u00e0 la FIFA.<\/p>\n<p class=\"lire\">Lire aussi : \u00a0 <a href=\"http:\/\/www.lemonde.fr\/football\/article\/2016\/02\/27\/le-plan-b-gianni-infantino-s-empare-de-la-fifa_4872705_1616938.html\">FIFA\u00a0: \u00ab\u00a0l\u2019incroyable destin\u00a0\u00bb de Gianni Infantino, la doublure devenue pr\u00e9sident<\/a><\/p>\n<p><em>\u00ab<\/em>\u200a<em>La FFF confirme cette mise \u00e0 disposition des autorit\u00e9s suisses et fran\u00e7aises visant les modalit\u00e9s de collaboration entre Michel Platini et la FIFA entre 1998 et 2002\u200a\u00bb<\/em>, assure l\u2019instance au <em>Monde.<\/em> Lors de leurs investigations, les autorit\u00e9s ont notamment demand\u00e9 si l\u2019ancien capitaine de l\u2019\u00e9quipe de France \u00e9tait \u00e0 l\u2019\u00e9poque r\u00e9mun\u00e9r\u00e9 par la F\u00e9d\u00e9ration fran\u00e7aise. Ce qui n\u2019\u00e9tait pas le cas. <em>\u00ab\u200aLa FFF n\u2019est pas concern\u00e9e par cette proc\u00e9dure, il s\u2019agit d\u2019un \u00e9l\u00e9ment parisien du dossier Platini-Blatter\u200a\u00bb<\/em>, souffle-t-on en interne. Si l\u2019ex-patron de la FIFA, qui a f\u00eat\u00e9 ses 80\u200aans jeudi 10\u00a0mars, s\u2019est dit <em>\u00ab\u200atr\u00e8s surpris\u200a\u00bb<\/em> par cette perquisition, les conseillers juridiques de Michel Platini se sont f\u00e9licit\u00e9s de <em>\u00ab\u200acette nouvelle \u00e9tape\u200a\u00bb<\/em>.<\/p>\n<p>Alors que son ancien secr\u00e9taire g\u00e9n\u00e9ral Gianni Infantino a \u00e9t\u00e9 \u00e9lu le 26\u00a0f\u00e9vrier \u00e0 la pr\u00e9sidence de la FIFA, le dirigeant suspendu de l\u2019UEFA a fait appel de sa radiation devant le Tribunal arbitral du <a class=\"lien_interne rub\" title=\"Toute l\u2019actualit\u00e9 sport\" href=\"http:\/\/www.lemonde.fr\/sport\/\">sport<\/a> (TAS). Selon nos informations, une audience pourrait avoir lieu \u00e0 <a class=\"lien_interne conjug\" title=\"Conjugaison du verbe partir\" href=\"http:\/\/conjugaison.lemonde.fr\/conjugaison\/troisieme-groupe\/partir\/\" target=\"_blank\">partir<\/a> de la deuxi\u00e8me quinzaine d\u2019avril. Les \u00ab\u200ajuges\u200a\u00bb de Lausanne devraient <a class=\"lien_interne conjug\" title=\"Conjugaison du verbe rendre\" href=\"http:\/\/conjugaison.lemonde.fr\/conjugaison\/troisieme-groupe\/rendre\/\" target=\"_blank\">rendre<\/a> leur d\u00e9cision avant le 10\u00a0juin et l\u2019ouverture de l\u2019<a class=\"lien_interne rub\" title=\"Toute l\u2019actualit\u00e9 Euro 2016\" href=\"http:\/\/www.lemonde.fr\/euro-2016\/\">Euro 2016<\/a>, organis\u00e9 en France. C<strong>onfront\u00e9e \u00e0 une vacance du pouvoir, l\u2019UEFA attend le verdict du TAS pour <a class=\"lien_interne conjug\" title=\"Conjugaison du verbe organiser\" href=\"http:\/\/conjugaison.lemonde.fr\/conjugaison\/premier-groupe\/organiser\/\" target=\"_blank\">organiser<\/a> une \u00e9ventuelle \u00e9lection et ainsi <a class=\"lien_interne conjug\" title=\"Conjugaison du verbe trouver\" href=\"http:\/\/conjugaison.lemonde.fr\/conjugaison\/premier-groupe\/trouver\/\" target=\"_blank\">trouver<\/a> un rempla\u00e7ant \u00e0 Michel Platini.<\/strong><strong>\u00a0<\/strong><\/p>\n<\/div>\n<div class=\"bg_gris_moyen signature\">\n<ul class=\"liste_bordure\">\n<li class=\"clearfix\"><span class=\"identite\"><a class=\"gras\" href=\"http:\/\/www.lemonde.fr\/journaliste\/remi-dupre\/\" target=\"_blank\">R\u00e9mi Dupr\u00e9<\/a><br \/>\n<span class=\"txt_gris_clair\">Journaliste au <a href=\"http:\/\/www.lemonde.fr\/football\/article\/2016\/03\/10\/l-enquete-sur-blatter-et-platini-passe-aussi-par-la-france_4880062_1616938.html#xtor=AL-32280270\">Monde<\/a><\/span><\/span><\/li>\n<\/ul>\n<\/div>\n","protected":false},"excerpt":{"rendered":"<p>Le Monde.fr\u00a0 A la demande du Minist\u00e8re public de la Conf\u00e9d\u00e9ration helv\u00e9tique (MPC), le Parquet national financier (PNF), assist\u00e9 de l\u2019office central de lutte contre la corruption et les infractions financi\u00e8res et fiscales, a perquisitionn\u00e9, mardi 8\u00a0mars, le si\u00e8ge de la F\u00e9d\u00e9ration fran\u00e7aise de\u00a0football (FFF), boulevard de Grenelle, \u00e0 Paris. En pr\u00e9sence de leurs confr\u00e8res<\/p>\n","protected":false},"author":296,"featured_media":10173,"comment_status":"open","ping_status":"open","sticky":false,"template":"","format":"standard","meta":{"_uf_show_specific_survey":0,"_uf_disable_surveys":false,"footnotes":""},"categories":[361],"tags":[],"class_list":{"0":"post-10170","1":"post","2":"type-post","3":"status-publish","4":"format-standard","5":"has-post-thumbnail","7":"category-sport-international"},"aioseo_notices":[],"_links":{"self":[{"href":"https:\/\/middleeasttransparent.com\/fr\/wp-json\/wp\/v2\/posts\/10170","targetHints":{"allow":["GET"]}}],"collection":[{"href":"https:\/\/middleeasttransparent.com\/fr\/wp-json\/wp\/v2\/posts"}],"about":[{"href":"https:\/\/middleeasttransparent.com\/fr\/wp-json\/wp\/v2\/types\/post"}],"author":[{"embeddable":true,"href":"https:\/\/middleeasttransparent.com\/fr\/wp-json\/wp\/v2\/users\/296"}],"replies":[{"embeddable":true,"href":"https:\/\/middleeasttransparent.com\/fr\/wp-json\/wp\/v2\/comments?post=10170"}],"version-history":[{"count":0,"href":"https:\/\/middleeasttransparent.com\/fr\/wp-json\/wp\/v2\/posts\/10170\/revisions"}],"wp:featuredmedia":[{"embeddable":true,"href":"https:\/\/middleeasttransparent.com\/fr\/wp-json\/wp\/v2\/media\/10173"}],"wp:attachment":[{"href":"https:\/\/middleeasttransparent.com\/fr\/wp-json\/wp\/v2\/media?parent=10170"}],"wp:term":[{"taxonomy":"category","embeddable":true,"href":"https:\/\/middleeasttransparent.com\/fr\/wp-json\/wp\/v2\/categories?post=10170"},{"taxonomy":"post_tag","embeddable":true,"href":"https:\/\/middleeasttransparent.com\/fr\/wp-json\/wp\/v2\/tags?post=10170"}],"curies":[{"name":"wp","href":"https:\/\/api.w.org\/{rel}","templated":true}]}}