{"id":101435,"date":"2022-12-05T20:18:20","date_gmt":"2022-12-05T19:18:20","guid":{"rendered":"https:\/\/middleeasttransparent.com\/?p=101435"},"modified":"2022-12-05T20:18:20","modified_gmt":"2022-12-05T19:18:20","slug":"le-regime-iranien-abolit-sa-police-des-moeurs","status":"publish","type":"post","link":"https:\/\/middleeasttransparent.com\/fr\/le-regime-iranien-abolit-sa-police-des-moeurs\/","title":{"rendered":"Le r\u00e9gime iranien abolit sa police des m\u0153urs"},"content":{"rendered":"<header class=\"header-article\">\n<figure>\n<div>\n<div><\/div>\n<\/div>\n<\/figure>\n<\/header>\n<div id=\"issue-bloc\">\n<div id=\"issue-bloc-content\">\n<h2 id=\"issue-bloc-btn\"><strong>Ce geste du pouvoir envers les femmes et les contestataires intervient \u00e0 la veille de trois jours de gr\u00e8ves et de manifestations.<\/strong><\/h2>\n<\/div>\n<p>&nbsp;<\/p>\n<\/div>\n<section id=\"section-article\">\n<div id=\"section-articleContent\">\n<p>&nbsp;<\/p>\n<h3><span style=\"color: #666699;\">C\u2019est un geste &#8211; le premier &#8211; du r\u00e9gime envers les manifestants. Mais il ne devrait pas suffire pour \u00e9teindre leur col\u00e8re. Dimanche, l\u2019agence de presse Isna a indiqu\u00e9 que la justice r\u00e9volutionnaire, en la personne du procureur g\u00e9n\u00e9ral, Mohammad Jafar Montazeri, avait annonc\u00e9 la veille que \u00ab la police des m\u0153urs \u00bb, \u00e0 l\u2019origine de la r\u00e9volte lanc\u00e9e depuis deux mois et demi contre le pouvoir, \u00ab a \u00e9t\u00e9 abolie par ceux qui l\u2019ont cr\u00e9\u00e9e \u00bb.<\/span><\/h3>\n<p>&nbsp;<\/p>\n<p>&nbsp;<\/p>\n<p class=\"article_element paragraph\">Connue sous le nom de \u00ab patrouilles d\u2019orientation \u00bb, cette police avait \u00e9t\u00e9 cr\u00e9\u00e9e sous le pr\u00e9sident ultra conservateur Mahmoud Ahmadinejad (2005-2013), pour \u00ab r\u00e9pandre la culture de la d\u00e9cence et du hidjab \u00bb, obligatoire en R\u00e9publique islamique d\u2019Iran, depuis plus de quarante ans.<\/p>\n<p class=\"article_element paragraph\">C\u2019est cette police des m\u0153urs qui avait arr\u00eat\u00e9 le 13 septembre Mahsa Amini, une Kurde iranienne de 22 ans, \u00e0 T\u00e9h\u00e9ran, en l\u2019accusant d\u2019avoir mal port\u00e9 le voile. Sa mort trois jours plus tard &#8211; apr\u00e8s avoir succomb\u00e9 \u00e0 un tabassage, selon sa famille &#8211; a d\u00e9clench\u00e9 une vague de manifestations durant lesquelles des femmes ont br\u00fbl\u00e9 leur foulard, en criant : \u00ab Femme, vie, libert\u00e9. \u00bb Depuis, elles ont \u00e9t\u00e9 rejointes par les \u00e9tudiants \u00e0 travers le pays, ainsi que par les habitants des provinces du Kurdistan et du Baloutchistan, dans <strong>un mouvement de contestation d\u2019une ampleur et d\u2019une dur\u00e9e in\u00e9dites depuis l\u2019av\u00e8nement du r\u00e9gime r\u00e9volutionnaire, en 1979.<\/strong><\/p>\n<p class=\"article_element paragraph\">Malgr\u00e9 la mort de plus de 400 manifestants, l\u2019arrestation de plus de 15\u00a0000\u00a0autres et une r\u00e9pression sanglante, notamment dans les provinces p\u00e9riph\u00e9riques, le r\u00e9gime n\u2019arrive pas \u00e0 \u00e9touffer la col\u00e8re populaire et le ras-le-bol de la population. Jusqu\u2019\u00e0 pr\u00e9sent, il n\u2019avait opt\u00e9 que pour la r\u00e9pression face \u00e0 ses opposants.<\/p>\n<p class=\"article_element paragraph\">\u00ab\u00a0C\u2019est une victoire pour les manifestants\u00a0\u00bb, estime depuis Londres Esfandyar Batmanghelidj, \u00e0 la t\u00eate d\u2019un think-tank, qui estime cependant que \u00ab\u00a0cette concession ne satisfera pas les demandes des contestataires qui sont plus profondes\u00a0\u00bb que le port du voile. Face \u00e0 un pouvoir incapable de se r\u00e9former au fil des ans, beaucoup d\u2019entre eux r\u00e9clament la chute du r\u00e9gime.<\/p>\n<p class=\"article_element paragraph\">M\u00eame si des divisions significatives ne sont pas apparues publiquement entre les responsables de la R\u00e9publique islamique, \u00ab\u00a0<strong>certains gardiens de la r\u00e9volution (la tr\u00e8s puissante unit\u00e9 d\u2019\u00e9lite en charge de la protection du r\u00e9gime) avaient critiqu\u00e9 la brigade de moralit\u00e9 pour ses comportements qui mettaient en danger la survie du r\u00e9gime<\/strong>\u00a0\u00bb, affirme l\u2019universitaire et sp\u00e9cialiste de l\u2019Iran, Jonathan Piron.<\/p>\n<p>&nbsp;<\/p>\n<h3><strong>Premi\u00e8re concession<\/strong><\/h3>\n<p class=\"article_element paragraph\">Avant l\u2019\u00e9lection du pr\u00e9sident ultra conservateur Ebrahim Raissi en juin 2021, il n\u2019\u00e9tait pas rare de voir des filles laisser tomber quelques instants leur foulard sur les \u00e9paules, ce qui ne leur attirait pas les foudres d\u2019une police religieuse, devenue, en revanche, plus intrusive depuis un an et demi. Le procureur g\u00e9n\u00e9ral a \u00e9galement annonc\u00e9 que le Parlement et une autre instance dirig\u00e9e par le pr\u00e9sident Raissi planchaient sur une modification de la loi sur le port du voile, sans pr\u00e9ciser dans quel sens le texte sera modifi\u00e9, d\u2019ici quinze jours.<\/p>\n<p class=\"article_element paragraph\">Selon certaines sources parlementaires, la police pourrait cesser toute arrestation et imposer des amendes pour non-respect du voile. Ces derni\u00e8res semaines, de plus en plus d\u2019Iraniennes, des jeunes en particulier, se prom\u00e8nent non voil\u00e9es, ni m\u00eame sans un simple foulard, sans que les forces de l\u2019ordre r\u00e9agissent.<\/p>\n<p class=\"article_element paragraph\">Ces annonces interviennent alors que des appels ont \u00e9t\u00e9 lanc\u00e9s pour trois journ\u00e9es de manifestations et de gr\u00e8ve \u00e0 partir de ce lundi. Pour Jonathan Piron, \u00ab\u00a0le r\u00e9gime cherche \u00e0 d\u00e9mobiliser les manifestants, mais comme il n\u2019y a aucune br\u00e8che en son sein, il ne reculera pas fondamentalement\u00a0\u00bb. Ses opposants viennent toutefois de montrer que la pression de la rue paie. Alors \u00ab\u00a0que leur mouvement a connu un certain tassement ces derniers jours\u00a0\u00bb, selon le chercheur Farhad Khosrokhavar, il sera int\u00e9ressant d\u2019examiner l\u2019impact de cette premi\u00e8re concession du pouvoir sur la mobilisation.<\/p>\n<p><a href=\"https:\/\/www.lefigaro.fr\/international\/iran-le-procureur-general-annonce-le-demantelement-de-la-police-des-moeurs-20221204\"><strong>LE FIGARO<\/strong><\/a><\/p>\n<\/div>\n<\/section>\n","protected":false},"excerpt":{"rendered":"<p>Ce geste du pouvoir envers les femmes et les contestataires intervient \u00e0 la veille de trois jours de gr\u00e8ves et de manifestations. &nbsp; &nbsp; C\u2019est un geste &#8211; le premier &#8211; du r\u00e9gime envers les manifestants. Mais il ne devrait pas suffire pour \u00e9teindre leur col\u00e8re. Dimanche, l\u2019agence de presse Isna a indiqu\u00e9 que la<\/p>\n","protected":false},"author":34,"featured_media":101438,"comment_status":"open","ping_status":"open","sticky":false,"template":"","format":"standard","meta":{"_uf_show_specific_survey":0,"_uf_disable_surveys":false,"footnotes":""},"categories":[37],"tags":[],"class_list":{"0":"post-101435","1":"post","2":"type-post","3":"status-publish","4":"format-standard","5":"has-post-thumbnail","7":"category-alaune-fr"},"aioseo_notices":[],"_links":{"self":[{"href":"https:\/\/middleeasttransparent.com\/fr\/wp-json\/wp\/v2\/posts\/101435","targetHints":{"allow":["GET"]}}],"collection":[{"href":"https:\/\/middleeasttransparent.com\/fr\/wp-json\/wp\/v2\/posts"}],"about":[{"href":"https:\/\/middleeasttransparent.com\/fr\/wp-json\/wp\/v2\/types\/post"}],"author":[{"embeddable":true,"href":"https:\/\/middleeasttransparent.com\/fr\/wp-json\/wp\/v2\/users\/34"}],"replies":[{"embeddable":true,"href":"https:\/\/middleeasttransparent.com\/fr\/wp-json\/wp\/v2\/comments?post=101435"}],"version-history":[{"count":0,"href":"https:\/\/middleeasttransparent.com\/fr\/wp-json\/wp\/v2\/posts\/101435\/revisions"}],"wp:featuredmedia":[{"embeddable":true,"href":"https:\/\/middleeasttransparent.com\/fr\/wp-json\/wp\/v2\/media\/101438"}],"wp:attachment":[{"href":"https:\/\/middleeasttransparent.com\/fr\/wp-json\/wp\/v2\/media?parent=101435"}],"wp:term":[{"taxonomy":"category","embeddable":true,"href":"https:\/\/middleeasttransparent.com\/fr\/wp-json\/wp\/v2\/categories?post=101435"},{"taxonomy":"post_tag","embeddable":true,"href":"https:\/\/middleeasttransparent.com\/fr\/wp-json\/wp\/v2\/tags?post=101435"}],"curies":[{"name":"wp","href":"https:\/\/api.w.org\/{rel}","templated":true}]}}