{"id":10111,"date":"2016-03-11T20:10:08","date_gmt":"2016-03-11T19:10:08","guid":{"rendered":"http:\/\/middleeasttransparent.com\/?p=10111"},"modified":"2016-03-11T20:10:08","modified_gmt":"2016-03-11T19:10:08","slug":"quand-roselyne-bachelot-agace-en-accusant-rafael-nadal-de-se-doper","status":"publish","type":"post","link":"https:\/\/middleeasttransparent.com\/fr\/quand-roselyne-bachelot-agace-en-accusant-rafael-nadal-de-se-doper\/","title":{"rendered":"Quand Roselyne Bachelot agace en accusant Rafael Nadal de se doper"},"content":{"rendered":"<h3 class=\"tt2\">\u00a0<span class=\"signature_article\">Par <span class=\"auteur txt2_120\"><a class=\"auteur\" href=\"http:\/\/www.lemonde.fr\/journaliste\/henri-seckel\/\" target=\"_blank\">Henri Seckel<\/a><\/span><\/span><\/h3>\n<div class=\"toolbar\">\n<div class=\"conteneur_barre_outils\">\n<h3 class=\"barre_outils\">Bonne nouvelle pour la cha\u00eene D8\u00a0: son \u00e9mission \u00ab\u00a0Le Grand 8\u00a0\u00bb est regard\u00e9e jusqu\u2019en <a class=\"lien_interne rub\" title=\"Toute l\u2019actualit\u00e9 Espagne\" href=\"http:\/\/www.lemonde.fr\/espagne\/\">Espagne<\/a>. Mauvaise nouvelle pour sa chroniqueuse, Roselyne Bachelot\u00a0: cela pourrait lui <a class=\"lien_interne conjug\" title=\"Conjugaison du verbe valoir\" href=\"http:\/\/conjugaison.lemonde.fr\/conjugaison\/troisieme-groupe\/valoir\/\" target=\"_blank\">valoir<\/a> un <a class=\"lien_interne rub\" title=\"Toute l\u2019actualit\u00e9 proc\u00e8s\" href=\"http:\/\/www.lemonde.fr\/proces\/\">proc\u00e8s<\/a>.<\/h3>\n<\/div>\n<\/div>\n<div id=\"articleBody\" class=\"contenu_article js_article_body\">\n<p>A l\u2019origine des ennuis de l\u2019ancienne ministre de la sant\u00e9 et des sports (2007-2010) du gouvernement Sarkozy, une d\u00e9claration \u00e0 l\u2019emporte-pi\u00e8ce, mardi 8\u00a0mars, sur le plateau du talk-show anim\u00e9 par Laurence Ferrari, o\u00f9 elle intervient quotidiennement. Interrog\u00e9e sur le contr\u00f4le positif de l\u2019ancienne num\u00e9ro\u00a01 mondiale Maria Sharapova, r\u00e9v\u00e9l\u00e9 la veille, Roselyne Bachelot s\u2019est agac\u00e9e du manque de transparence autour du <a class=\"lien_interne rub\" title=\"Toute l\u2019actualit\u00e9 dopage\" href=\"http:\/\/www.lemonde.fr\/dopage\/\">dopage<\/a> dans le <a class=\"lien_interne rub\" title=\"Toute l\u2019actualit\u00e9 tennis\" href=\"http:\/\/www.lemonde.fr\/tennis\/\">tennis<\/a>\u00a0: <em><em>\u00ab\u00a0On ne r\u00e9v\u00e8le pas les contr\u00f4les positifs (\u2026). Simplement, on apprend curieusement qu\u2019un joueur a une blessure qui le maintient des mois en dehors des courts. On sait \u00e0 peu pr\u00e8s que la fameuse blessure de Rafael Nadal qui a entra\u00een\u00e9 sept mois d\u2019arr\u00eat de comp\u00e9tition<\/em><\/em> [en\u00a02012-2013] <em><em>est tr\u00e8s certainement due \u00e0 un contr\u00f4le positif.\u00a0\u00bb<\/em><\/em><\/p>\n<p class=\"lire\">La charge a mis quelques jours \u00e0 <a class=\"lien_interne conjug\" title=\"Conjugaison du verbe traverser\" href=\"http:\/\/conjugaison.lemonde.fr\/conjugaison\/premier-groupe\/traverser\/\" target=\"_blank\">traverser<\/a> les Pyr\u00e9n\u00e9es, mais depuis, <a class=\"lien_interne rub\" title=\"Toute l\u2019actualit\u00e9 m\u00e9dias\" href=\"http:\/\/www.lemonde.fr\/actualite-medias\/\">m\u00e9dias<\/a>, sportifs et institutions sont \u00e0 l\u2019unisson pour <a class=\"lien_interne conjug\" title=\"Conjugaison du verbe d\u00e9fendre\" href=\"http:\/\/conjugaison.lemonde.fr\/conjugaison\/troisieme-groupe\/d%C3%A9fendre\/\" target=\"_blank\">d\u00e9fendre<\/a> Rafael Nadal, actuellement en Californie pour le tournoi d\u2019Indian Wells.<\/p>\n<h2 class=\"intertitre\">\u00ab\u00a0Une personne imb\u00e9cile comme celle-l\u00e0\u00a0\u00bb<\/h2>\n<p><img fetchpriority=\"high\" decoding=\"async\" class=\"alignnone size-full wp-image-10113\" src=\"http:\/\/middleeasttransparent.com\/wp-content\/uploads\/2016\/03\/4881444_6_a155_roselyne-bachelot-le-9-mai-2012_ffc5844c1bf789e92794a9caea690e90.jpg\" alt=\"4881444_6_a155_roselyne-bachelot-le-9-mai-2012_ffc5844c1bf789e92794a9caea690e90\" width=\"1068\" height=\"741\" srcset=\"https:\/\/middleeasttransparent.com\/wp-content\/uploads\/2016\/03\/4881444_6_a155_roselyne-bachelot-le-9-mai-2012_ffc5844c1bf789e92794a9caea690e90.jpg 1068w, https:\/\/middleeasttransparent.com\/wp-content\/uploads\/2016\/03\/4881444_6_a155_roselyne-bachelot-le-9-mai-2012_ffc5844c1bf789e92794a9caea690e90-600x416.jpg 600w, https:\/\/middleeasttransparent.com\/wp-content\/uploads\/2016\/03\/4881444_6_a155_roselyne-bachelot-le-9-mai-2012_ffc5844c1bf789e92794a9caea690e90-768x533.jpg 768w, https:\/\/middleeasttransparent.com\/wp-content\/uploads\/2016\/03\/4881444_6_a155_roselyne-bachelot-le-9-mai-2012_ffc5844c1bf789e92794a9caea690e90-1024x710.jpg 1024w\" sizes=\"(max-width: 1068px) 100vw, 1068px\" \/><\/p>\n<p>Toni Nadal, oncle et entra\u00eeneur du 5<sup>e<\/sup> joueur mondial, n\u2019y est pas all\u00e9 avec le dos de la raquette pour <a class=\"lien_interne conjug\" title=\"Conjugaison du verbe smasher\" href=\"http:\/\/conjugaison.lemonde.fr\/conjugaison\/premier-groupe\/smasher\/\" target=\"_blank\">smasher<\/a> les propos de Roselyne Bachelot\u00a0: <em><em>\u00ab\u00a0De nos jours, au lieu de <a class=\"lien_interne conjug\" title=\"Conjugaison du verbe d\u00e9montrer\" href=\"http:\/\/conjugaison.lemonde.fr\/conjugaison\/premier-groupe\/d%C3%A9montrer\/\" target=\"_blank\">d\u00e9montrer<\/a> la culpabilit\u00e9 de quelqu\u2019un, il faut d\u00e9montrer son innocence. Alors, une personne imb\u00e9cile comme celle-l\u00e0 peut <a class=\"lien_interne conjug\" title=\"Conjugaison du verbe dire\" href=\"http:\/\/conjugaison.lemonde.fr\/conjugaison\/troisieme-groupe\/dire\/\" target=\"_blank\">dire<\/a> n\u2019importe quelle horreur et <a class=\"lien_interne conjug\" title=\"Conjugaison du verbe voir\" href=\"http:\/\/conjugaison.lemonde.fr\/conjugaison\/troisieme-groupe\/voir\/\" target=\"_blank\">voir<\/a> ce que \u00e7a donne\u00a0\u00bb<\/em><\/em>, a-t-il dit \u00e0 la radio catalane Rac1, jeudi. Il a notamment annonc\u00e9 qu\u2019il envisageait de <a class=\"lien_interne conjug\" title=\"Conjugaison du verbe porter\" href=\"http:\/\/conjugaison.lemonde.fr\/conjugaison\/premier-groupe\/porter\/\" target=\"_blank\">porter<\/a> plainte.<\/p>\n<p>Le comit\u00e9 olympique espagnol a d\u00e9plor\u00e9, vendredi, <em><em>\u00ab\u00a0les d\u00e9clarations malheureuses et sans fondement\u00a0\u00bb<\/em> <\/em>de Roselyne Bachelot avant de <a class=\"lien_interne conjug\" title=\"Conjugaison du verbe souligner\" href=\"http:\/\/conjugaison.lemonde.fr\/conjugaison\/premier-groupe\/souligner\/\" target=\"_blank\">souligner<\/a> que le joueur neuf fois vainqueur de <a class=\"lien_interne rub\" title=\"Toute l\u2019actualit\u00e9 Roland-Garros\" href=\"http:\/\/www.lemonde.fr\/roland-garros\/\">Roland-Garros<\/a> s\u2019\u00e9tait <em><em>\u00ab\u00a0soumis \u00e0 d\u2019innombrables contr\u00f4les antidopage, toujours avec succ\u00e8s\u00a0\u00bb<\/em><\/em>.<\/p>\n<figure class=\"illustration_haut \">\u00a0<figcaption class=\"legende\" data-caption=\"Rafael Nadal lors d'une conf\u00e9rence de presse en marge du tournoi d'Indian Wells, en Californie, le 9 mars 2016.\"><\/figcaption>M\u00eame la F\u00e9d\u00e9ration internationale de tennis a jug\u00e9 utile de <a class=\"lien_interne conjug\" title=\"Conjugaison du verbe voler\" href=\"http:\/\/conjugaison.lemonde.fr\/conjugaison\/premier-groupe\/voler\/\" target=\"_blank\">voler<\/a> au secours de l\u2019ic\u00f4ne espagnole\u00a0: <em><em>\u00ab\u00a0Les accusations de Roselyne Bachelot contre Rafael Nadal sont non seulement surprenantes, mais encore erron\u00e9es<\/em><\/em>, a-t-elle fait <a class=\"lien_interne conjug\" title=\"Conjugaison du verbe savoir\" href=\"http:\/\/conjugaison.lemonde.fr\/conjugaison\/troisieme-groupe\/savoir\/\" target=\"_blank\">savoir<\/a>.<em><em> Les noms de tous les joueurs reconnus coupables d\u2019une violation du programme antidopage du tennis sont annonc\u00e9s publiquement.\u00a0\u00bb<\/em><\/em><\/p>\n<\/figure>\n<h2 class=\"intertitre\">\u00ab\u00a0Cela commence un peu \u00e0 me fatiguer\u00a0\u00bb<\/h2>\n<p>Enfin, \u00ab\u00a0Rafa\u00a0\u00bb a pu <a class=\"lien_interne conjug\" title=\"Conjugaison du verbe compter\" href=\"http:\/\/conjugaison.lemonde.fr\/conjugaison\/premier-groupe\/compter\/\" target=\"_blank\">compter<\/a> sur le soutien de <a class=\"lien_interne rub\" title=\"Toute l\u2019actualit\u00e9 personnalit\u00e9s\" href=\"http:\/\/www.lemonde.fr\/l-invite\/\">personnalit\u00e9s<\/a> d\u2019autres sports, comme Vicente Del Bosque, s\u00e9lectionneur de l\u2019\u00e9quipe national de <a class=\"lien_interne rub\" title=\"Toute l\u2019actualit\u00e9 football\" href=\"http:\/\/www.lemonde.fr\/football\/\">football<\/a>\u00a0: <em><em>\u00ab\u00a0Nous avons d\u2019excellents sportifs, parmi lesquels <\/em><\/em>\u201c<em><em>Rafa<\/em><\/em>\u201d<em><em> est l\u2019un des num\u00e9ros\u00a01, et tous ceux qui veulent <a class=\"lien_interne conjug\" title=\"Conjugaison du verbe d\u00e9valoriser\" href=\"http:\/\/conjugaison.lemonde.fr\/conjugaison\/premier-groupe\/d%C3%A9valoriser\/\" target=\"_blank\">d\u00e9valoriser<\/a> le <a class=\"lien_interne rub\" title=\"Toute l\u2019actualit\u00e9 sport\" href=\"http:\/\/www.lemonde.fr\/sport\/\">sport<\/a> se trompent. J\u2019esp\u00e8re que cela va s\u2019arranger, et que son nom ne sera pas entach\u00e9.\u00a0\u00bb<\/em><\/em><\/p>\n<figure class=\"illustration_haut \">image: http:\/\/s2.lemde.fr\/image2x\/2016\/03\/11\/534&#215;0\/4881443_6_2a4b_le-site-internet-du-quotidien-sportif_283b046cc09c1061e7a5f38990dbcdb8.jpg<img decoding=\"async\" class=\"lazy-retina aligncenter\" title=\"Marca.com\" src=\"http:\/\/s2.lemde.fr\/image2x\/2016\/03\/11\/534x0\/4881443_6_2a4b_le-site-internet-du-quotidien-sportif_283b046cc09c1061e7a5f38990dbcdb8.jpg\" alt=\"Le site Internet du quotidien sportif \u00ab\u00a0Marca\u00a0\u00bb, le 10 mars 2016.\" width=\"534\" data-lazyload=\"false\" data-no-hd-src=\"http:\/\/s2.lemde.fr\/image\/2016\/03\/11\/534x0\/4881443_6_2a4b_le-site-internet-du-quotidien-sportif_283b046cc09c1061e7a5f38990dbcdb8.jpg\" data-hd-src=\"http:\/\/s2.lemde.fr\/image2x\/2016\/03\/11\/534x0\/4881443_6_2a4b_le-site-internet-du-quotidien-sportif_283b046cc09c1061e7a5f38990dbcdb8.jpg\" \/><\/p>\n<\/figure>\n<p>La presse n\u2019est pas en reste, et rappelle que les propos de Roselyne Bachelot ne sont pas une premi\u00e8re. Le journal en ligne <em>El Espa\u00f1ol<\/em> \u00e9voque ainsi des <em><em>\u00ab\u00a0attaques continues de la <a class=\"lien_interne rub\" title=\"Toute l\u2019actualit\u00e9 France\" href=\"http:\/\/www.lemonde.fr\/europeennes-france\/\">France<\/a>visant le <a class=\"lien_interne rub\" title=\"Toute l\u2019actualit\u00e9 sport\" href=\"http:\/\/www.lemonde.fr\/afrique-sport\/\">sport<\/a> espagnol, toujours sans preuve\u00a0\u00bb.<\/em><\/em> Allusion aux pol\u00e9miques suscit\u00e9es dans la p\u00e9ninsule par <a href=\"http:\/\/eurobasket.blog.lemonde.fr\/2015\/09\/20\/les-secrets-de-jeunesse-de-pau-gasol\/\">un article du Monde.fr<\/a> en septembre\u00a02015 qui rappelait la collaboration de basketteur<a class=\"lien_interne rub\" title=\"Toute l\u2019actualit\u00e9 Pau\" href=\"http:\/\/www.lemonde.fr\/pau\/\">Pau<\/a> Gasol avec un m\u00e9decin mis en cause dans \u00ab\u00a0l\u2019affaire Festina\u00a0\u00bb, \u00e0 un sketch des Guignols de l\u2019info de 2012 ou encore \u00e0<a href=\"http:\/\/www.lemonde.fr\/sport\/article\/2011\/11\/19\/la-potion-magique-par-yannick-noah_1605664_3242.html\"> la chronique de Yannick Noah <\/a>dans le cahier Sport du <em>Monde<\/em> du 19\u00a0novembre 2011 au sujet de la \u00ab\u00a0potion magique\u00a0\u00bb des sportifs espagnols.<\/p>\n<p>Depuis Indian Wells, Rafael Nadal a dit sa lassitude\u00a0: <em>\u00ab\u00a0J\u2019ai entendu ces accusations de dopage me concernant et cela commence un peu \u00e0 me <a class=\"lien_interne conjug\" title=\"Conjugaison du verbe fatiguer\" href=\"http:\/\/conjugaison.lemonde.fr\/conjugaison\/premier-groupe\/fatiguer\/\" target=\"_blank\">fatiguer<\/a>. Je n\u2019ai jamais eu la tentation de <a class=\"lien_interne conjug\" title=\"Conjugaison du verbe faire\" href=\"http:\/\/conjugaison.lemonde.fr\/conjugaison\/troisieme-groupe\/faire\/\" target=\"_blank\">faire<\/a>quelque chose d\u2019interdit. Je me suis toujours tenu loin du dopage, je suis un joueur compl\u00e8tement propre.\u00a0\u00bb<\/em><\/p>\n<p>Contact\u00e9e vendredi 11\u00a0mars par <em>Le Monde<\/em>, Roselyne Bachelot a r\u00e9pondu par un long SMS\u00a0: <em>\u00ab\u00a0Je suis flatt\u00e9e de l\u2019int\u00e9r\u00eat port\u00e9 \u00e0 mes propos par M.\u00a0Nadal. Je me suis simplement fait l\u2019\u00e9cho de commentaires tenus tr\u00e8s largement dans <a class=\"lien_interne rub\" title=\"Toute l\u2019actualit\u00e9 le monde\" href=\"http:\/\/www.lemonde.fr\/le-monde\/\">le monde<\/a> du tennis et de la presse. (\u2026) Au-del\u00e0 du cas particulier, il est maintenant av\u00e9r\u00e9 que des suspensions ou des arr\u00eats de carri\u00e8re <\/em>\u2013<em>pr\u00e9tendument pour raisons de sant\u00e9 <\/em>\u2013<em> ont servi \u00e0 <a class=\"lien_interne conjug\" title=\"Conjugaison du verbe masquer\" href=\"http:\/\/conjugaison.lemonde.fr\/conjugaison\/premier-groupe\/masquer\/\" target=\"_blank\">masquer<\/a> des contr\u00f4les antidopage positifs en accord entre les joueurs, leur entourage et les autorit\u00e9s du tennis. Il est \u00e0 <a class=\"lien_interne conjug\" title=\"Conjugaison du verbe esp\u00e9rer\" href=\"http:\/\/conjugaison.lemonde.fr\/conjugaison\/premier-groupe\/esp%C3%A9rer\/\" target=\"_blank\">esp\u00e9rer<\/a> que les d\u00e9clarations de M<sup>me<\/sup>\u00a0Sharapova ouvrent une nouvelle \u00e8re marqu\u00e9e par la transparence dans un sport magnifique, mais dans lequel les enjeux financiers ont \u00e9t\u00e9 \u00e0 l\u2019origine de bien des tentations.\u00a0\u00bb<\/em><\/p>\n<div class=\"btn_lecture_zen btn_offre_decouverte_zen\"><\/div>\n<\/div>\n<div class=\"bg_gris_moyen signature\">\n<ul class=\"liste_bordure\">\n<li class=\"clearfix\"><span class=\"identite\"><a class=\"gras\" href=\"http:\/\/www.lemonde.fr\/journaliste\/henri-seckel\/\" target=\"_blank\">Henri Seckel<\/a><br \/>\n<span class=\"txt_gris_clair\">Journaliste au Monde<\/span><\/span><\/li>\n<\/ul>\n<\/div>\n<p><a href=\"http:\/\/www.lemonde.fr\/tennis\/article\/2016\/03\/11\/roselyne-bachelot-rafael-nadal-et-le-dopage_4881445_1616659.html#2QxCMS4AUFfO8ChZ.99\">LE MONDE\u00a0<\/a><\/p>\n","protected":false},"excerpt":{"rendered":"<p>\u00a0Par Henri Seckel Bonne nouvelle pour la cha\u00eene D8\u00a0: son \u00e9mission \u00ab\u00a0Le Grand 8\u00a0\u00bb est regard\u00e9e jusqu\u2019en Espagne. Mauvaise nouvelle pour sa chroniqueuse, Roselyne Bachelot\u00a0: cela pourrait lui valoir un proc\u00e8s. A l\u2019origine des ennuis de l\u2019ancienne ministre de la sant\u00e9 et des sports (2007-2010) du gouvernement Sarkozy, une d\u00e9claration \u00e0 l\u2019emporte-pi\u00e8ce, mardi 8\u00a0mars, sur<\/p>\n","protected":false},"author":134,"featured_media":10115,"comment_status":"open","ping_status":"open","sticky":false,"template":"","format":"standard","meta":{"_uf_show_specific_survey":0,"_uf_disable_surveys":false,"footnotes":""},"categories":[361],"tags":[],"class_list":{"0":"post-10111","1":"post","2":"type-post","3":"status-publish","4":"format-standard","5":"has-post-thumbnail","7":"category-sport-international"},"aioseo_notices":[],"_links":{"self":[{"href":"https:\/\/middleeasttransparent.com\/fr\/wp-json\/wp\/v2\/posts\/10111","targetHints":{"allow":["GET"]}}],"collection":[{"href":"https:\/\/middleeasttransparent.com\/fr\/wp-json\/wp\/v2\/posts"}],"about":[{"href":"https:\/\/middleeasttransparent.com\/fr\/wp-json\/wp\/v2\/types\/post"}],"author":[{"embeddable":true,"href":"https:\/\/middleeasttransparent.com\/fr\/wp-json\/wp\/v2\/users\/134"}],"replies":[{"embeddable":true,"href":"https:\/\/middleeasttransparent.com\/fr\/wp-json\/wp\/v2\/comments?post=10111"}],"version-history":[{"count":0,"href":"https:\/\/middleeasttransparent.com\/fr\/wp-json\/wp\/v2\/posts\/10111\/revisions"}],"wp:featuredmedia":[{"embeddable":true,"href":"https:\/\/middleeasttransparent.com\/fr\/wp-json\/wp\/v2\/media\/10115"}],"wp:attachment":[{"href":"https:\/\/middleeasttransparent.com\/fr\/wp-json\/wp\/v2\/media?parent=10111"}],"wp:term":[{"taxonomy":"category","embeddable":true,"href":"https:\/\/middleeasttransparent.com\/fr\/wp-json\/wp\/v2\/categories?post=10111"},{"taxonomy":"post_tag","embeddable":true,"href":"https:\/\/middleeasttransparent.com\/fr\/wp-json\/wp\/v2\/tags?post=10111"}],"curies":[{"name":"wp","href":"https:\/\/api.w.org\/{rel}","templated":true}]}}