{"id":10098,"date":"2016-03-11T12:20:46","date_gmt":"2016-03-11T11:20:46","guid":{"rendered":"http:\/\/middleeasttransparent.com\/?p=10098"},"modified":"2016-03-11T12:20:46","modified_gmt":"2016-03-11T11:20:46","slug":"des-signaux-en-provenance-du-8-mars-laissent-penser-que-lecheance-presidentielle-se-rapproche","status":"publish","type":"post","link":"https:\/\/middleeasttransparent.com\/fr\/des-signaux-en-provenance-du-8-mars-laissent-penser-que-lecheance-presidentielle-se-rapproche\/","title":{"rendered":"Des signaux en provenance du 8 Mars laissent penser que l\u2019\u00e9ch\u00e9ance pr\u00e9sidentielle se rapproche"},"content":{"rendered":"<h1><\/h1>\n<div class=\"floatingToolbox\"><\/div>\n<div class=\"text\">\n<p>Le nouveau sous-secr\u00e9taire d&rsquo;\u00c9tat am\u00e9ricain pour les Affaires politiques, Thomas Shannon, arrive \u00e0 Beyrouth en d\u00e9but de semaine prochaine pour des discussions avec les responsables libanais concernant les derniers d\u00e9veloppements sur la sc\u00e8ne interne, une mani\u00e8re pour l&rsquo;administration am\u00e9ricaine de r\u00e9affirmer son souhait d&rsquo;apporter son aide et son soutien au Liban notamment pour mener \u00e0 bien l&rsquo;\u00e9ch\u00e9ance \u00e9lectorale pr\u00e9sidentielle et redynamiser les institutions.<br \/>\nSelon un diplomate arabe bas\u00e9 \u00e0 Washington, il s&rsquo;agit \u00e9galement pour les \u00c9tats-Unis de d\u00e9montrer leur attachement \u00e0 la stabilit\u00e9 s\u00e9curitaire, financi\u00e8re et politique du pays. La s\u00e9curit\u00e9 \u00e9tant \u00ab\u00a0une ligne rouge \u00e0 ne pas d\u00e9passer\u00a0\u00bb pour<br \/>\nWashington, les responsables am\u00e9ricains estiment en outre que l&rsquo;exemple libanais est un mod\u00e8le \u00e0 suivre pour r\u00e9soudre les crises de la r\u00e9gion car il permet d&rsquo;assurer une repr\u00e9sentation des diverses composantes. Les \u00c9tats-Unis tiennent donc \u00e0 faire acte de pr\u00e9sence aux c\u00f4t\u00e9s du Liban, d&rsquo;une part tout en envoyant un message clair aux pays de la r\u00e9gion, et \u00e0 l&rsquo;Occident de contribuer \u00e0 la pr\u00e9servation de la stabilit\u00e9 du pays.<br \/>\nCette visite de M. Shannon intervient \u00e0 l&rsquo;heure o\u00f9 les d\u00e9veloppements r\u00e9gionaux prennent une nouvelle tournure puisqu&rsquo;ils s&rsquo;inscrivent de plus en plus dans une logique de r\u00e8glement politique et que les \u00c9tats-Unis, autant que la Russie et l&rsquo;Europe, \u0153uvrent dans cette direction. Toutefois, si les parties en pr\u00e9sence semblent d\u00e9sormais \u00eatre d&rsquo;accord pour mettre un terme \u00e0 la violence et d\u00e9marrer les pourparlers, cela ne signifie pas pour autant qu&rsquo;ils ont r\u00e9ussi \u00e0 trouver un compromis politique d\u00e9finitif. En effet, les \u00c9tats-Unis rechignent \u00e0 s&rsquo;ing\u00e9rer directement dans les pourparlers avec les Russes et les Iraniens car chacun d&rsquo;entre eux exige une contrepartie trop co\u00fbteuse pour Washington. Les Russes exigent de savoir quelle sera la contrepartie qu&rsquo;ils recevront dans le cas o\u00f9 ils adh\u00e9reraient au sch\u00e9ma am\u00e9ricain qui suppose le d\u00e9part de Bachar el-Assad, tandis que les Iraniens revoient leurs exigences \u00e0 la hausse d\u00e8s qu&rsquo;il s&rsquo;agit pour eux de faciliter l&rsquo;\u00e9lection pr\u00e9sidentielle au Liban. T\u00e9h\u00e9ran demanderait un r\u00f4le plus prononc\u00e9 en Syrie et, de mani\u00e8re plus g\u00e9n\u00e9rale, d&rsquo;\u00eatre hiss\u00e9 au rang de partenaire dans la r\u00e9solution des crises au Moyen-Orient.<br \/>\nC&rsquo;est en partie pour cela que l&rsquo;administration am\u00e9ricaine ne veut pas entrer en n\u00e9gociation directe avec l&rsquo;Iran en ce qui concerne le dossier de la pr\u00e9sidentielle libanaise. Celle-ci a donc laiss\u00e9 agir la France et l&rsquo;Onu sur ce dossier, mais leur action conjointe a jusqu&rsquo;\u00e0 pr\u00e9sent \u00e9t\u00e9 rejet\u00e9e par l&rsquo;Iran. Il faut rappeler dans ce contexte que l&rsquo;\u00e9missaire du secr\u00e9taire g\u00e9n\u00e9ral de l&rsquo;Onu pour le Liban, Sigrid Kaag, s&rsquo;est rendue plusieurs fois \u00e0 T\u00e9h\u00e9ran sans succ\u00e8s, puisque \u00e0 chacune de ses visites les responsables iraniens l&rsquo;ont redirig\u00e9e vers leurs alli\u00e9s libanais, \u00e0 savoir le Hezbollah, et vers les leaders chr\u00e9tiens. L&rsquo;Iran se d\u00e9fend en affirmant vouloir traiter ce dossier en \u00ab\u00a0unifiant l&rsquo;approche chr\u00e9tienne\u00a0\u00bb de l&rsquo;\u00e9ch\u00e9ance pr\u00e9sidentielle et c&rsquo;est d&rsquo;ailleurs ainsi que le Hezbollah et ses alli\u00e9s chr\u00e9tiens ont jusque-l\u00e0 justifi\u00e9 leur boycottage de la s\u00e9ance \u00e9lectorale de la Chambre.<br \/>\nLe bilan n&rsquo;est gu\u00e8re plus positif c\u00f4t\u00e9 fran\u00e7ais puisque le pr\u00e9sident Fran\u00e7ois Hollande \u2013 ayant abord\u00e9 le dossier pr\u00e9sidentiel libanais avec son homologue iranien Hassan Rohani \u2013 s&rsquo;est vu r\u00e9torquer qu&rsquo;il s&rsquo;agissait l\u00e0 d&rsquo;un dossier \u00ab\u00a0libanais\u00a0\u00bb et que T\u00e9h\u00e9ran appuie le candidat sur lequel les chr\u00e9tiens se mettraient d&rsquo;accord.<br \/>\nSelon un responsable am\u00e9ricain, s&rsquo;il est vrai que le blocage pr\u00e9sidentiel est un probl\u00e8me libanais, toujours est-il qu&rsquo;il est \u00e9minemment chr\u00e9tien. En effet, apr\u00e8s l&rsquo;annonce de la liste des quatre candidats valid\u00e9s par Bkerk\u00e9, et apr\u00e8s les nombreux efforts fournis par les chancelleries occidentales y compris le Vatican pour amener M. Aoun \u00e0 mettre un terme \u00e0 ses ambitions pr\u00e9sidentielles, la situation demeure au point mort, notamment parce que Michel Aoun estime que la conjoncture r\u00e9gionale \u00e9volue de plus en plus en sa faveur.<br \/>\nAujourd&rsquo;hui, l&rsquo;important pour l&rsquo;administration am\u00e9ricaine, c&rsquo;est que l&rsquo;\u00e9lection ait lieu, et qu&rsquo;elle porte \u00e0 Baabda un candidat de consensus valid\u00e9 par toutes les composantes politiques. La France est par ailleurs le seul pays \u00e0 se soucier r\u00e9ellement de l&rsquo;\u00e9ch\u00e9ance pr\u00e9sidentielle de par, principalement, les relations historiques qui la lient au Liban. C&rsquo;est pourquoi le Quai d&rsquo;Orsay va continuer \u00e0 fournir des efforts dans ce sens. Des informations faisant \u00e9tat d&rsquo;une liste restreinte de noms d&rsquo;\u00e9ventuels \u00ab\u00a0pr\u00e9sidentiables\u00a0\u00bb circulent actuellement. Il s&rsquo;agirait de personnalit\u00e9s ind\u00e9pendantes dont l&rsquo;identit\u00e9 pourrait \u00eatre d\u00e9voil\u00e9e si la 37e s\u00e9ance \u00e9lectorale s&rsquo;annonce tout aussi st\u00e9rile que les pr\u00e9c\u00e9dentes. Il serait \u00e9galement possible de prendre en compte la proposition du ministre Boutrois Harb tendant \u00e0 se donner un mois pour se mettre d&rsquo;accord sur un candidat, \u00e0 la suite de quoi les d\u00e9put\u00e9s devront se rendre au Parlement.<br \/>\n\u00c0 Beyrouth, il appara\u00eet que les diff\u00e9rentes parties en pr\u00e9sence, y compris la composante chiite, penchent de plus en plus vers une issue \u00e0 la vacance pr\u00e9sidentielle. En effet, le Hezbollah se sentirait quelque peu \u00ab\u00a0cern\u00e9\u00a0\u00bb par la r\u00e9cente d\u00e9cision du Congr\u00e8s am\u00e9ricain de combattre ses sources de financement et celle du Conseil de coop\u00e9ration du Golfe le qualifiant d&rsquo;organisation terroriste, et l&rsquo;\u00e9lection pr\u00e9sidentielle constituerait une occasion pour lui de n\u00e9gocier \u00e0 la hausse sa position au sein de l&rsquo;\u00e9chiquier politique. Ainsi, il ne faudrait pas prendre \u00e0 la l\u00e9g\u00e8re la r\u00e9cente d\u00e9claration de l&rsquo;ancien Premier ministre Saad Hariri qui a affirm\u00e9 que \u00ab\u00a0l&rsquo;\u00e9ch\u00e9ance pr\u00e9sidentielle est plus proche qu&rsquo;on ne le pense\u00a0\u00bb.<\/p>\n<p><a href=\"http:\/\/www.lorientlejour.com\/article\/974892\/des-signaux-en-provenance-du-8-mars-laissent-penser-que-lecheance-presidentielle-se-rapproche.html\">L&rsquo;Orient Le Jour<\/a><\/p>\n<\/div>\n","protected":false},"excerpt":{"rendered":"<p>Le nouveau sous-secr\u00e9taire d&rsquo;\u00c9tat am\u00e9ricain pour les Affaires politiques, Thomas Shannon, arrive \u00e0 Beyrouth en d\u00e9but de semaine prochaine pour des discussions avec les responsables libanais concernant les derniers d\u00e9veloppements sur la sc\u00e8ne interne, une mani\u00e8re pour l&rsquo;administration am\u00e9ricaine de r\u00e9affirmer son souhait d&rsquo;apporter son aide et son soutien au Liban notamment pour mener \u00e0<\/p>\n","protected":false},"author":182,"featured_media":10099,"comment_status":"open","ping_status":"open","sticky":false,"template":"","format":"standard","meta":{"_uf_show_specific_survey":0,"_uf_disable_surveys":false,"footnotes":""},"categories":[25],"tags":[],"class_list":{"0":"post-10098","1":"post","2":"type-post","3":"status-publish","4":"format-standard","5":"has-post-thumbnail","7":"category-decryptages"},"aioseo_notices":[],"_links":{"self":[{"href":"https:\/\/middleeasttransparent.com\/fr\/wp-json\/wp\/v2\/posts\/10098","targetHints":{"allow":["GET"]}}],"collection":[{"href":"https:\/\/middleeasttransparent.com\/fr\/wp-json\/wp\/v2\/posts"}],"about":[{"href":"https:\/\/middleeasttransparent.com\/fr\/wp-json\/wp\/v2\/types\/post"}],"author":[{"embeddable":true,"href":"https:\/\/middleeasttransparent.com\/fr\/wp-json\/wp\/v2\/users\/182"}],"replies":[{"embeddable":true,"href":"https:\/\/middleeasttransparent.com\/fr\/wp-json\/wp\/v2\/comments?post=10098"}],"version-history":[{"count":0,"href":"https:\/\/middleeasttransparent.com\/fr\/wp-json\/wp\/v2\/posts\/10098\/revisions"}],"wp:featuredmedia":[{"embeddable":true,"href":"https:\/\/middleeasttransparent.com\/fr\/wp-json\/wp\/v2\/media\/10099"}],"wp:attachment":[{"href":"https:\/\/middleeasttransparent.com\/fr\/wp-json\/wp\/v2\/media?parent=10098"}],"wp:term":[{"taxonomy":"category","embeddable":true,"href":"https:\/\/middleeasttransparent.com\/fr\/wp-json\/wp\/v2\/categories?post=10098"},{"taxonomy":"post_tag","embeddable":true,"href":"https:\/\/middleeasttransparent.com\/fr\/wp-json\/wp\/v2\/tags?post=10098"}],"curies":[{"name":"wp","href":"https:\/\/api.w.org\/{rel}","templated":true}]}}