{"id":100819,"date":"2022-11-14T21:20:44","date_gmt":"2022-11-14T20:20:44","guid":{"rendered":"https:\/\/middleeasttransparent.com\/?p=100819"},"modified":"2022-11-14T21:20:44","modified_gmt":"2022-11-14T20:20:44","slug":"impasse-de-la-pensee-minoritaire","status":"publish","type":"post","link":"https:\/\/middleeasttransparent.com\/fr\/impasse-de-la-pensee-minoritaire\/","title":{"rendered":"Impasse de la pens\u00e9e minoritaire"},"content":{"rendered":"<h3><span style=\"color: #666699;\">Deux \u00e9v\u00e9nements ont eu lieu les 4 et 5 novembre 2022. Au Royaume de Bahrein, le \u00ab\u00a0Forum de Dialogue Est-Ouest pour la Coexistence Humaine\u00a0\u00bb avec la participation du Pape Fran\u00e7ois, du Grand Imam d\u2019Al-Azhar et d\u2019un prestigieux parterre de responsables d\u2019institutions religieuses du monde. Au Liban, au si\u00e8ge patriarcal syriaque-orthodoxe de Atchaneh, un colloque organis\u00e9 par le HCLC (Hungarian Center for Levantine Christianity), d\u00e9partement gouvernemental mis en place en 2016 par la Hongrie. Le th\u00e8me du colloque de Atchan\u00e9 \u00e9tait \u00a0\u00bb Avenir de la pr\u00e9sence chr\u00e9tienne au Levant \u00ab\u00a0. La simultan\u00e9it\u00e9 de ces deux \u00e9v\u00e9nements, diam\u00e9tralement oppos\u00e9s, est hautement significative quant \u00e0 l\u2019impasse, quasi schizophr\u00e9nique, dont est prisonni\u00e8re la pens\u00e9e minoritaire du \u00ab\u00a0levantinisme\u00a0\u00bb ou \u00ab\u00a0machriqiyya\u00a0\u00bb.<\/span><\/h3>\n<p>&nbsp;<\/p>\n<p>&nbsp;<\/p>\n<p>Au Royaume de Bahrein, on avait l\u2019embarras du choix entre des personnalit\u00e9s prestigieuses du monde entier, venues participer \u00e0 un forum centr\u00e9, non pas sur le dialogue islamo-chr\u00e9tien ou inter-religieux ou encore interculturel, mais sur la \u00a0\u00bb coexistence humaine \u00a0\u00bb le \u00a0\u00bb vivre-en-commun des hommes \u00ab\u00a0. L\u2019\u00e9v\u00e9nement de Bahrein est, en soi, une premi\u00e8re tentative courageuse de d\u00e9passement des grandes messes du dialogue islamo-chr\u00e9tien de la part des plus hautes autorit\u00e9s des grandes religions du monde. Le dialogue inter-religieux concerne les groupes humains, mais le vivre-ensemble entre humains concerne chacun de nous ind\u00e9pendamment de son adh\u00e9sion \u00e0 une foi transcendante et\/ou de son appartenance \u00e0 une institution religieuse quelconque. L\u2019objet m\u00eame du forum de Bahrein \u00e9tait la personne humaine, toute personne humaine, chaque membre de l\u2019unique famille humaine, en vertu de son appartenance \u00e0 notre nature humaine commune. Chaque individu humain est une r\u00e9alit\u00e9 globale poss\u00e9dant pleinement sa nature humaine.<\/p>\n<p><strong><img fetchpriority=\"high\" decoding=\"async\" class=\"alignnone wp-image-152252 size-full\" src=\"https:\/\/icibeyrouth.com\/wp-content\/uploads\/2022\/11\/WhatsApp-Image-2022-11-13-at-18.43.13.jpeg\" sizes=\"(max-width: 1000px) 100vw, 1000px\" srcset=\"https:\/\/icibeyrouth.com\/wp-content\/uploads\/2022\/11\/WhatsApp-Image-2022-11-13-at-18.43.13.jpeg 1000w, https:\/\/icibeyrouth.com\/wp-content\/uploads\/2022\/11\/WhatsApp-Image-2022-11-13-at-18.43.13-300x170.jpeg 300w, https:\/\/icibeyrouth.com\/wp-content\/uploads\/2022\/11\/WhatsApp-Image-2022-11-13-at-18.43.13-768x432.jpeg 768w\" alt=\"\" width=\"1000\" height=\"563\" \/><\/strong><\/p>\n<p><strong>Deux \u00e9v\u00e9nements simultan\u00e9s mais contradictoires<\/strong><br \/>\nQuant \u00e0 l\u2019\u00e9v\u00e9nement de Atchaneh au Liban, il faisait p\u00e2le figure \u00e0 c\u00f4t\u00e9 de celui de Bahrein. La plupart des media n\u2019en ont pas parl\u00e9. Et pourtant, ce forum \u00a0\u00bb levantin \u00a0\u00bb \u00e9tait organis\u00e9 par le gouvernement hongrois de Viktor Orb\u00e1n, dont la pens\u00e9e d\u2019extr\u00eame droite confine au vieux racisme du XIX\u00b0 si\u00e8cle ainsi qu\u2019au fascisme du XX\u00b0. On en voudrait pour preuve l\u2019amiti\u00e9 ind\u00e9fectible d\u2019Orb\u00e1n envers Vladimir Poutine ainsi que les liens \u00e9troits tiss\u00e9s avec le CPL libanais de Michel Aoun et Gebrane Bassil, champions de l\u2019id\u00e9ologie \u00a0\u00bb machriqiyya \u00ab\u00a0, vocable commode pour dire l\u2019identitarisme levantin au sein de l\u2019Alliance des Minorit\u00e9s. Cet axe strat\u00e9gique est appuy\u00e9 par les r\u00e9gimes totalitaires de T\u00e9h\u00e9ran, de Damas, de Moscou et, apparemment, de Budapest. Le forum de Atchaneh \u00e9tait co-pr\u00e9sid\u00e9 par le Patriarche syriaque-orthodoxe Ignace-Ephrem II ainsi que par le directeur du HCLC, le secr\u00e9taire d\u2019\u00c9tat Tristan Azbej responsable, avec le vice-premier ministre hongrois Zsolt Semj\u00e9n, de la politique de protection des chr\u00e9tiens pers\u00e9cut\u00e9s en Orient. On notait au premier rang la pr\u00e9sence de Ferenc Csillag, ambassadeur de Hongrie au Liban, de l\u2019ambassadeur syrien Ali Abdel-Karim Ali ainsi que d\u2019un \u00e9chantillon repr\u00e9sentatif des admirateurs, la\u00efcs ou religieux, du r\u00e9gime de Damas. Le P\u00e8re Elias Zahlaoui, cur\u00e9 de Soufanieh, homme de confiance du couple Bachar et Asma el Assad, grand pourfendeur de l\u2019Occident qui aurait reni\u00e9 ses traditions remontant aux croisades, \u00e9tait l\u00e0. L\u2019absence de Fadia Laham, ou M\u00e8re Agn\u00e8s-Mariam de La Croix, fut remarqu\u00e9e. Toute une brochette d\u2019intellectuels id\u00e9ologiquement marqu\u00e9s prirent la parole. Leurs interventions \u00e9taient un m\u00e9lange de pr\u00e9suppos\u00e9s th\u00e9ologiques, de sermons cat\u00e9ch\u00e9tiques, de r\u00e9visionnisme historique, de fid\u00e9lit\u00e9 tenace \u00e0 une historiographie obsol\u00e8te de l\u2019\u00e9poque coloniale, de fixation obsessionnelle \u00e0 la vieille Question d\u2019Orient, de refus de la critique moderne des textes, de lieux communs invariablement rumin\u00e9s et de tout un cort\u00e8ge de repr\u00e9sentations mentales appartenant \u00e0 deux registres : la victimisation du minoritaire ainsi que l\u2019hypertrophie narcissique de son ego. Cet ego surdimensionn\u00e9 se d\u00e9ploie lui-m\u00eame sur deux axes : culturel et politique.<\/p>\n<p><em>a) Le discours victimaire :\u00a0<\/em><\/p>\n<p>Depuis le XIX\u00b0 si\u00e8cle et l\u2019\u00e9mergence de la Question d\u2019Orient, tout un discours de commis\u00e9ration \u00e0 l\u2019\u00e9gard des minorit\u00e9s chr\u00e9tiennes de l\u2019Orient ottoman s\u2019est d\u00e9velopp\u00e9 sous le pr\u00e9texte strat\u00e9gique de \u00a0\u00bb protection des Chr\u00e9tiens d\u2019Orient \u00ab\u00a0. L\u2019expression \u00ab\u00a0Chr\u00e9tiens d\u2019Orient\u00a0\u00bb elle-m\u00eame serait un malentendu orientaliste d\u2019apr\u00e8s Bernard Heyberger. Elle est toujours l\u2019occasion d\u2019un chass\u00e9-crois\u00e9 de regards entre \u00ab\u00a0protecteurs\u00a0\u00bb d\u2019Occident et \u00ab\u00a0prot\u00e9g\u00e9s\u00a0\u00bb d\u2019Orient, ces derniers renvoyant aux premiers leur propre regard. \u00ab\u00a0Chr\u00e9tien d\u2019Orient\u00a0\u00bb a fini par devenir une cat\u00e9gorie culturelle occidentale dont le sens invariable est \u00ab\u00a0victime \u00e0 prot\u00e9ger\u00a0\u00bb.<\/p>\n<p><em>b) Le surdimensionnement de l\u2019ego minoritaire:<\/em><\/p>\n<p>Quand le \u00ab\u00a0Chr\u00e9tien d\u2019Orient\u00a0\u00bb adresse son discours \u00e0 ses cong\u00e9n\u00e8res orientaux, il fait preuve de mim\u00e9tisme identificatoire avec l\u2019Occident. Ceci se manifeste par deux traits : la sup\u00e9riorit\u00e9 culturelle qui fait du minoritaire un agent de progr\u00e8s civilisationnel ainsi que le confort du choix strat\u00e9gique de la force qui explique le choix protecteur de\u00a0 l\u2019alliance\u00a0 des minorit\u00e9s avec les dictatures et les r\u00e9gimes totalitaires. Tout le drame actuel des \u00ab\u00a0Chr\u00e9tiens d\u2019Orient\u00a0\u00bb se r\u00e9sume en ces deux param\u00e8tres dont les racines historiques sont lointaines mais indiquent invariablement une perception ethnico-religieuse et non politico-civique du concept de citoyen en Orient, ind\u00e9pendamment de l\u2019appartenance confessionnelle.<\/p>\n<p><strong><img decoding=\"async\" class=\"wp-image-152254 size-full aligncenter\" src=\"https:\/\/icibeyrouth.com\/wp-content\/uploads\/2022\/11\/WhatsApp-Image-2022-11-13-at-18.44.01.jpeg\" sizes=\"(max-width: 241px) 100vw, 241px\" srcset=\"https:\/\/icibeyrouth.com\/wp-content\/uploads\/2022\/11\/WhatsApp-Image-2022-11-13-at-18.44.01.jpeg 241w, https:\/\/icibeyrouth.com\/wp-content\/uploads\/2022\/11\/WhatsApp-Image-2022-11-13-at-18.44.01-155x170.jpeg 155w\" alt=\"\" width=\"241\" height=\"265\" \/><\/strong><\/p>\n<p><strong>Entre Manama et Atchaneh<\/strong><\/p>\n<p>Si \u00e0 Manama on a centr\u00e9 les d\u00e9bats sur l\u2019individu humain, par contre \u00e0 Atchaneh on a refus\u00e9 de quitter l\u2019enclos des tribus religieuses minoritaires alli\u00e9es aux pires r\u00e9gimes dictatoriaux. La strat\u00e9gie du CPL libanais en constitue un cas d\u00e9monstratif.<\/p>\n<p>Peut-on d\u00e9passer le cadre traditionnel du dialogue dit islamo-chr\u00e9tien ? La rencontre de Bahrein a r\u00e9pondu par l\u2019affirmative en promouvant la valeur \u00e9minente du vivre-en-commun comme personnes humaines avant d\u2019organiser la coexistence des groupes confessionnels. L\u2019Orient religieux, musulman, chr\u00e9tien, juif ou n\u2019importe quoi d\u2019autre, est-il aujourd\u2019hui en mesure de lib\u00e9rer l\u2019individu, de couper le cordon ombilical avec la Tribu-Matrie ?<\/p>\n<p>L\u2019appel lanc\u00e9 \u00e0 Bahrein par l\u2019Imam d\u2019Al Azhar, \u00e0 l\u2019adresse de tous les ul\u00e9mas et docteurs de la loi des diff\u00e9rentes branches de l\u2019Islam, r\u00e9sonne comme une parole proph\u00e9tique. Pourvu qu\u2019elle ne soit pas une voix dans le d\u00e9sert.<\/p>\n<p>Par contre, les discours tenus \u00e0 Atchaneh par le HCLC hongrois et ses oblig\u00e9s levantins, appartiennent malheureusement \u00e0 un pass\u00e9 qui refuse de tirer sa r\u00e9v\u00e9rence. C\u2019est en cela que ces discours sont suicidaires. \u00a0\u00bb Les civilisations ne meurent pas assassin\u00e9es, elles se suicident \u00a0\u00bb disait Arnold Toynbee.<\/p>\n<p>acourban@gmail.com<\/p>\n<p><a href=\"https:\/\/icibeyrouth.com\/liban\/152249\">Ici Beyrouth<\/a><\/p>\n","protected":false},"excerpt":{"rendered":"<p>Deux \u00e9v\u00e9nements ont eu lieu les 4 et 5 novembre 2022. Au Royaume de Bahrein, le \u00ab\u00a0Forum de Dialogue Est-Ouest pour la Coexistence Humaine\u00a0\u00bb avec la participation du Pape Fran\u00e7ois, du Grand Imam d\u2019Al-Azhar et d\u2019un prestigieux parterre de responsables d\u2019institutions religieuses du monde. Au Liban, au si\u00e8ge patriarcal syriaque-orthodoxe de Atchaneh, un colloque organis\u00e9<\/p>\n","protected":false},"author":33,"featured_media":100837,"comment_status":"open","ping_status":"open","sticky":false,"template":"","format":"standard","meta":{"_uf_show_specific_survey":0,"_uf_disable_surveys":false,"footnotes":""},"categories":[37],"tags":[],"class_list":{"0":"post-100819","1":"post","2":"type-post","3":"status-publish","4":"format-standard","5":"has-post-thumbnail","7":"category-alaune-fr"},"aioseo_notices":[],"_links":{"self":[{"href":"https:\/\/middleeasttransparent.com\/fr\/wp-json\/wp\/v2\/posts\/100819","targetHints":{"allow":["GET"]}}],"collection":[{"href":"https:\/\/middleeasttransparent.com\/fr\/wp-json\/wp\/v2\/posts"}],"about":[{"href":"https:\/\/middleeasttransparent.com\/fr\/wp-json\/wp\/v2\/types\/post"}],"author":[{"embeddable":true,"href":"https:\/\/middleeasttransparent.com\/fr\/wp-json\/wp\/v2\/users\/33"}],"replies":[{"embeddable":true,"href":"https:\/\/middleeasttransparent.com\/fr\/wp-json\/wp\/v2\/comments?post=100819"}],"version-history":[{"count":0,"href":"https:\/\/middleeasttransparent.com\/fr\/wp-json\/wp\/v2\/posts\/100819\/revisions"}],"wp:featuredmedia":[{"embeddable":true,"href":"https:\/\/middleeasttransparent.com\/fr\/wp-json\/wp\/v2\/media\/100837"}],"wp:attachment":[{"href":"https:\/\/middleeasttransparent.com\/fr\/wp-json\/wp\/v2\/media?parent=100819"}],"wp:term":[{"taxonomy":"category","embeddable":true,"href":"https:\/\/middleeasttransparent.com\/fr\/wp-json\/wp\/v2\/categories?post=100819"},{"taxonomy":"post_tag","embeddable":true,"href":"https:\/\/middleeasttransparent.com\/fr\/wp-json\/wp\/v2\/tags?post=100819"}],"curies":[{"name":"wp","href":"https:\/\/api.w.org\/{rel}","templated":true}]}}